{"id":9972,"date":"2025-05-27T11:00:43","date_gmt":"2025-05-27T09:00:43","guid":{"rendered":"https:\/\/www.industryisin.bz.it\/?p=9972"},"modified":"2025-05-22T18:09:23","modified_gmt":"2025-05-22T16:09:23","slug":"know-how-altoatesino-per-i-mondiali-norvegesi","status":"publish","type":"post","link":"https:\/\/www.industryisin.bz.it\/de\/know-how-altoatesino-per-i-mondiali-norvegesi\/","title":{"rendered":"Know how altoatesino per i mondiali norvegesi"},"content":{"rendered":"<p>Know how altoatesino per i Campionati Mondiali di sci alpino nel 2029. Il gruppo altoatesino HTI, <a href=\"https:\/\/www.industryisin.bz.it\/ski-wm-mit-sudtiroler-know-how\/\">confermando una tradizione in questo campo, <\/a>sar\u00e0 infatti protagonista alla rassegna iridata in programma tra 4 anni in Norvegia.<\/p>\n<h2>Impianti a fune e innevamento made in Alto Adige<\/h2>\n<p><a href=\"https:\/\/www.narvik2029.com\/\">Narvik<\/a>, citt\u00e0 norvegese situata oltre il circolo polare artico, ha infatti scelto per il proprio evento globale il meglio della tecnologia invernale made in Italy con le imprese del gruppo di Vipiteno Leitner, Prinoth e Demaclenko. L\u2019accordo prevede nello specifico la realizzazione di cinque nuovi impianti a fune, un sistema di innevamento completamente automatizzato con cento generatori neve e l\u2019arrivo di 12 nuovi battipista.<\/p>\n<h2>Collaborazione strategica<\/h2>\n<p>Una collaborazione strategica, quella con le tre aziende del gruppo HTI, che punta a rendere Narvik una moderna localit\u00e0 sciistica nel contesto europeo, pronta ad accogliere atleti e appassionati da tutto il mondo nel 2029. L\u2019intervento include la costruzione di una cabinovia, una seggiovia e tre skilift, oltre a importanti opere infrastrutturali nell\u2019intero comprensorio, che conta circa 15.000 abitanti. \u00abQuesta commessa rappresenta un traguardo importante per tutto il nostro gruppo \u2013 ha dichiarato Martin Leitner, vicepresidente di HTI &#8211; Non solo mette in luce le competenze delle singole aziende, ma pone anche le basi per un\u2019eredit\u00e0 duratura: un comprensorio all\u2019avanguardia, sicuro e sostenibile, ben oltre i Mondiali del 2029\u00bb.<\/p>\n<div id=\"attachment_9974\" style=\"width: 760px\" class=\"wp-caption aligncenter\"><img aria-describedby=\"caption-attachment-9974\" decoding=\"async\" loading=\"lazy\" class=\"wp-image-9974 size-large\" src=\"https:\/\/www.industryisin.bz.it\/wp-content\/uploads\/2025\/05\/Horst-Haller_Prinoth_-Andreas-Lambacher-_Demaclenko_Martin-Leitner_Leitner-e-HTI_Paal-Traelvik_Narvik-1024x689.jpg\" alt=\"\" width=\"750\" height=\"505\" srcset=\"https:\/\/www.industryisin.bz.it\/wp-content\/uploads\/2025\/05\/Horst-Haller_Prinoth_-Andreas-Lambacher-_Demaclenko_Martin-Leitner_Leitner-e-HTI_Paal-Traelvik_Narvik-1024x689.jpg 1024w, https:\/\/www.industryisin.bz.it\/wp-content\/uploads\/2025\/05\/Horst-Haller_Prinoth_-Andreas-Lambacher-_Demaclenko_Martin-Leitner_Leitner-e-HTI_Paal-Traelvik_Narvik-300x202.jpg 300w, https:\/\/www.industryisin.bz.it\/wp-content\/uploads\/2025\/05\/Horst-Haller_Prinoth_-Andreas-Lambacher-_Demaclenko_Martin-Leitner_Leitner-e-HTI_Paal-Traelvik_Narvik-768x517.jpg 768w, https:\/\/www.industryisin.bz.it\/wp-content\/uploads\/2025\/05\/Horst-Haller_Prinoth_-Andreas-Lambacher-_Demaclenko_Martin-Leitner_Leitner-e-HTI_Paal-Traelvik_Narvik.jpg 1500w\" sizes=\"(max-width: 750px) 100vw, 750px\" \/><p id=\"caption-attachment-9974\" class=\"wp-caption-text\">Horst Haller (Prinoth), Andreas Lambacher (Demaclenko), Martin Leitner (Leitner e HTI), Paal Traelvik (Narvik)<\/p><\/div>\n<h2>Il ruolo della tecnologia: il digitale in primo piano<\/h2>\n<p>Leitner garantir\u00e0 ad atleti e appassionati il trasporto in quota e punter\u00e0 ancora una volta su soluzioni che uniscono comfort, sicurezza ed efficienza energetica. Prinoth, in qualit\u00e0 di &#8222;Official Supplier&#8220; della manifestazione sciistica, garantir\u00e0 piste perfettamente preparate con i suoi mezzi top di gamma, i modelli Leitwolf in primo piano, altamente sostenibili e con sistemi di gestione digitale della neve. Demaclenko, infine, fornir\u00e0 l\u2019intera infrastruttura per l\u2019innevamento: impianti di pompaggio e pressurizzazione, un nuovo bacino idrico, la posa della rete di tubazioni e naturalmente i generatori neve. Il tutto integrato da soluzioni digitali che consentiranno un innevamento intelligente, efficiente e sostenibile.<\/p>\n<p>&nbsp;<\/p>\n","protected":false},"excerpt":{"rendered":"<p>Know how altoatesino per i Campionati Mondiali di sci alpino nel 2029. Il gruppo altoatesino HTI, confermando una tradizione in questo campo, sar\u00e0 infatti protagonista alla rassegna iridata in programma tra 4 anni in Norvegia. Impianti a fune e innevamento made in Alto Adige Narvik, citt\u00e0 norvegese situata oltre il circolo polare artico, ha infatti [&hellip;]<\/p>\n","protected":false},"author":16,"featured_media":9976,"comment_status":"closed","ping_status":"open","sticky":false,"template":"","format":"standard","meta":{"footnotes":""},"categories":[47],"tags":[420,1034,437,75,1076,493],"acf":[],"yoast_head":"<!-- This site is optimized with the Yoast SEO plugin v21.4 - https:\/\/yoast.com\/wordpress\/plugins\/seo\/ -->\n<title>Know how altoatesino per i mondiali norvegesi - Industry is IN<\/title>\n<meta name=\"description\" content=\"Know how altoatesino per i Campionati Mondiali di sci alpino nel 2029. Il gruppo altoatesino HTI sar\u00e0 infatti protagonista alla rassegna iridata in programma tra 4 anni in Norvegia.\" \/>\n<meta name=\"robots\" content=\"index, follow, max-snippet:-1, max-image-preview:large, max-video-preview:-1\" \/>\n<link rel=\"canonical\" href=\"https:\/\/www.industryisin.bz.it\/know-how-altoatesino-per-i-mondiali-norvegesi\/\" \/>\n<meta property=\"og:locale\" content=\"de_DE\" \/>\n<meta property=\"og:type\" content=\"article\" \/>\n<meta property=\"og:title\" content=\"Know how altoatesino per i mondiali norvegesi - Industry is IN\" \/>\n<meta property=\"og:description\" content=\"Know how altoatesino per i Campionati Mondiali di sci alpino nel 2029. Il gruppo altoatesino HTI sar\u00e0 infatti protagonista alla rassegna iridata in programma tra 4 anni in Norvegia.\" \/>\n<meta property=\"og:url\" content=\"https:\/\/www.industryisin.bz.it\/know-how-altoatesino-per-i-mondiali-norvegesi\/\" \/>\n<meta property=\"og:site_name\" content=\"Industry is IN\" \/>\n<meta property=\"article:published_time\" content=\"2025-05-27T09:00:43+00:00\" \/>\n<meta property=\"article:modified_time\" content=\"2025-05-22T16:09:23+00:00\" \/>\n<meta property=\"og:image\" content=\"https:\/\/www.industryisin.bz.it\/wp-content\/uploads\/2025\/05\/Narvik-e1747930002326.jpg\" \/>\n\t<meta property=\"og:image:width\" content=\"1490\" \/>\n\t<meta property=\"og:image:height\" content=\"499\" \/>\n\t<meta property=\"og:image:type\" content=\"image\/jpeg\" \/>\n<meta name=\"author\" content=\"Angelo Conte\" \/>\n<meta name=\"twitter:card\" content=\"summary_large_image\" \/>\n<meta name=\"twitter:label1\" content=\"Verfasst von\" \/>\n\t<meta name=\"twitter:data1\" content=\"Angelo Conte\" \/>\n\t<meta name=\"twitter:label2\" content=\"Gesch\u00e4tzte Lesezeit\" \/>\n\t<meta name=\"twitter:data2\" content=\"3 Minuten\" \/>\n<script type=\"application\/ld+json\" class=\"yoast-schema-graph\">{\"@context\":\"https:\/\/schema.org\",\"@graph\":[{\"@type\":\"WebPage\",\"@id\":\"https:\/\/www.industryisin.bz.it\/know-how-altoatesino-per-i-mondiali-norvegesi\/\",\"url\":\"https:\/\/www.industryisin.bz.it\/know-how-altoatesino-per-i-mondiali-norvegesi\/\",\"name\":\"Know how altoatesino per i mondiali norvegesi - Industry is IN\",\"isPartOf\":{\"@id\":\"https:\/\/www.madeinbz.info\/#website\"},\"datePublished\":\"2025-05-27T09:00:43+00:00\",\"dateModified\":\"2025-05-22T16:09:23+00:00\",\"author\":{\"@id\":\"https:\/\/www.madeinbz.info\/#\/schema\/person\/86f22a180d1db0cef0c66d48e591b470\"},\"description\":\"Know how altoatesino per i Campionati Mondiali di sci alpino nel 2029. Il gruppo altoatesino HTI sar\u00e0 infatti protagonista alla rassegna iridata in programma tra 4 anni in Norvegia.\",\"breadcrumb\":{\"@id\":\"https:\/\/www.industryisin.bz.it\/know-how-altoatesino-per-i-mondiali-norvegesi\/#breadcrumb\"},\"inLanguage\":\"de-DE\",\"potentialAction\":[{\"@type\":\"ReadAction\",\"target\":[\"https:\/\/www.industryisin.bz.it\/know-how-altoatesino-per-i-mondiali-norvegesi\/\"]}]},{\"@type\":\"BreadcrumbList\",\"@id\":\"https:\/\/www.industryisin.bz.it\/know-how-altoatesino-per-i-mondiali-norvegesi\/#breadcrumb\",\"itemListElement\":[{\"@type\":\"ListItem\",\"position\":1,\"name\":\"Home\",\"item\":\"https:\/\/www.madeinbz.info\/\"},{\"@type\":\"ListItem\",\"position\":2,\"name\":\"Know how altoatesino per i mondiali norvegesi\"}]},{\"@type\":\"WebSite\",\"@id\":\"https:\/\/www.madeinbz.info\/#website\",\"url\":\"https:\/\/www.madeinbz.info\/\",\"name\":\"Industry is IN\",\"description\":\"Storie di aziende e persone dell\u2019industria altoatesina\",\"potentialAction\":[{\"@type\":\"SearchAction\",\"target\":{\"@type\":\"EntryPoint\",\"urlTemplate\":\"https:\/\/www.madeinbz.info\/?s={search_term_string}\"},\"query-input\":\"required name=search_term_string\"}],\"inLanguage\":\"de-DE\"},{\"@type\":\"Person\",\"@id\":\"https:\/\/www.madeinbz.info\/#\/schema\/person\/86f22a180d1db0cef0c66d48e591b470\",\"name\":\"Angelo Conte\",\"image\":{\"@type\":\"ImageObject\",\"inLanguage\":\"de-DE\",\"@id\":\"https:\/\/www.madeinbz.info\/#\/schema\/person\/image\/\",\"url\":\"https:\/\/secure.gravatar.com\/avatar\/5b230cc7839926ed717d89600e80b3db?s=96&d=mm&r=g\",\"contentUrl\":\"https:\/\/secure.gravatar.com\/avatar\/5b230cc7839926ed717d89600e80b3db?s=96&d=mm&r=g\",\"caption\":\"Angelo Conte\"},\"url\":\"https:\/\/www.industryisin.bz.it\/de\/author\/angelo\/\"}]}<\/script>\n<!-- \/ Yoast SEO plugin. -->","yoast_head_json":{"title":"Know how altoatesino per i mondiali norvegesi - Industry is IN","description":"Know how altoatesino per i Campionati Mondiali di sci alpino nel 2029. Il gruppo altoatesino HTI sar\u00e0 infatti protagonista alla rassegna iridata in programma tra 4 anni in Norvegia.","robots":{"index":"index","follow":"follow","max-snippet":"max-snippet:-1","max-image-preview":"max-image-preview:large","max-video-preview":"max-video-preview:-1"},"canonical":"https:\/\/www.industryisin.bz.it\/know-how-altoatesino-per-i-mondiali-norvegesi\/","og_locale":"de_DE","og_type":"article","og_title":"Know how altoatesino per i mondiali norvegesi - Industry is IN","og_description":"Know how altoatesino per i Campionati Mondiali di sci alpino nel 2029. Il gruppo altoatesino HTI sar\u00e0 infatti protagonista alla rassegna iridata in programma tra 4 anni in Norvegia.","og_url":"https:\/\/www.industryisin.bz.it\/know-how-altoatesino-per-i-mondiali-norvegesi\/","og_site_name":"Industry is IN","article_published_time":"2025-05-27T09:00:43+00:00","article_modified_time":"2025-05-22T16:09:23+00:00","og_image":[{"width":1490,"height":499,"url":"https:\/\/www.industryisin.bz.it\/wp-content\/uploads\/2025\/05\/Narvik-e1747930002326.jpg","type":"image\/jpeg"}],"author":"Angelo Conte","twitter_card":"summary_large_image","twitter_misc":{"Verfasst von":"Angelo Conte","Gesch\u00e4tzte Lesezeit":"3 Minuten"},"schema":{"@context":"https:\/\/schema.org","@graph":[{"@type":"WebPage","@id":"https:\/\/www.industryisin.bz.it\/know-how-altoatesino-per-i-mondiali-norvegesi\/","url":"https:\/\/www.industryisin.bz.it\/know-how-altoatesino-per-i-mondiali-norvegesi\/","name":"Know how altoatesino per i mondiali norvegesi - Industry is IN","isPartOf":{"@id":"https:\/\/www.madeinbz.info\/#website"},"datePublished":"2025-05-27T09:00:43+00:00","dateModified":"2025-05-22T16:09:23+00:00","author":{"@id":"https:\/\/www.madeinbz.info\/#\/schema\/person\/86f22a180d1db0cef0c66d48e591b470"},"description":"Know how altoatesino per i Campionati Mondiali di sci alpino nel 2029. Il gruppo altoatesino HTI sar\u00e0 infatti protagonista alla rassegna iridata in programma tra 4 anni in Norvegia.","breadcrumb":{"@id":"https:\/\/www.industryisin.bz.it\/know-how-altoatesino-per-i-mondiali-norvegesi\/#breadcrumb"},"inLanguage":"de-DE","potentialAction":[{"@type":"ReadAction","target":["https:\/\/www.industryisin.bz.it\/know-how-altoatesino-per-i-mondiali-norvegesi\/"]}]},{"@type":"BreadcrumbList","@id":"https:\/\/www.industryisin.bz.it\/know-how-altoatesino-per-i-mondiali-norvegesi\/#breadcrumb","itemListElement":[{"@type":"ListItem","position":1,"name":"Home","item":"https:\/\/www.madeinbz.info\/"},{"@type":"ListItem","position":2,"name":"Know how altoatesino per i mondiali norvegesi"}]},{"@type":"WebSite","@id":"https:\/\/www.madeinbz.info\/#website","url":"https:\/\/www.madeinbz.info\/","name":"Industry is IN","description":"Storie di aziende e persone dell\u2019industria altoatesina","potentialAction":[{"@type":"SearchAction","target":{"@type":"EntryPoint","urlTemplate":"https:\/\/www.madeinbz.info\/?s={search_term_string}"},"query-input":"required name=search_term_string"}],"inLanguage":"de-DE"},{"@type":"Person","@id":"https:\/\/www.madeinbz.info\/#\/schema\/person\/86f22a180d1db0cef0c66d48e591b470","name":"Angelo Conte","image":{"@type":"ImageObject","inLanguage":"de-DE","@id":"https:\/\/www.madeinbz.info\/#\/schema\/person\/image\/","url":"https:\/\/secure.gravatar.com\/avatar\/5b230cc7839926ed717d89600e80b3db?s=96&d=mm&r=g","contentUrl":"https:\/\/secure.gravatar.com\/avatar\/5b230cc7839926ed717d89600e80b3db?s=96&d=mm&r=g","caption":"Angelo Conte"},"url":"https:\/\/www.industryisin.bz.it\/de\/author\/angelo\/"}]}},"_links":{"self":[{"href":"https:\/\/www.industryisin.bz.it\/de\/wp-json\/wp\/v2\/posts\/9972"}],"collection":[{"href":"https:\/\/www.industryisin.bz.it\/de\/wp-json\/wp\/v2\/posts"}],"about":[{"href":"https:\/\/www.industryisin.bz.it\/de\/wp-json\/wp\/v2\/types\/post"}],"author":[{"embeddable":true,"href":"https:\/\/www.industryisin.bz.it\/de\/wp-json\/wp\/v2\/users\/16"}],"replies":[{"embeddable":true,"href":"https:\/\/www.industryisin.bz.it\/de\/wp-json\/wp\/v2\/comments?post=9972"}],"version-history":[{"count":8,"href":"https:\/\/www.industryisin.bz.it\/de\/wp-json\/wp\/v2\/posts\/9972\/revisions"}],"predecessor-version":[{"id":9984,"href":"https:\/\/www.industryisin.bz.it\/de\/wp-json\/wp\/v2\/posts\/9972\/revisions\/9984"}],"wp:featuredmedia":[{"embeddable":true,"href":"https:\/\/www.industryisin.bz.it\/de\/wp-json\/wp\/v2\/media\/9976"}],"wp:attachment":[{"href":"https:\/\/www.industryisin.bz.it\/de\/wp-json\/wp\/v2\/media?parent=9972"}],"wp:term":[{"taxonomy":"category","embeddable":true,"href":"https:\/\/www.industryisin.bz.it\/de\/wp-json\/wp\/v2\/categories?post=9972"},{"taxonomy":"post_tag","embeddable":true,"href":"https:\/\/www.industryisin.bz.it\/de\/wp-json\/wp\/v2\/tags?post=9972"}],"curies":[{"name":"wp","href":"https:\/\/api.w.org\/{rel}","templated":true}]}}