{"id":9965,"date":"2025-05-21T17:52:36","date_gmt":"2025-05-21T15:52:36","guid":{"rendered":"https:\/\/www.industryisin.bz.it\/?p=9965"},"modified":"2025-05-21T17:52:36","modified_gmt":"2025-05-21T15:52:36","slug":"traumberuf-unternehmer","status":"publish","type":"post","link":"https:\/\/www.industryisin.bz.it\/de\/traumberuf-unternehmer\/","title":{"rendered":"Traumberuf Unternehmer"},"content":{"rendered":"<p>\u201eSelbst ein Unternehmen aufzubauen war schon immer mein Wunsch. Ich wusste eigentlich schon als Kind, dass ich das tun m\u00f6chte. Und so habe ich mit 20 Jahren mein erstes Unternehmen gegr\u00fcndet\u201c, erz\u00e4hlt Lukas Silbernagl.<\/p>\n<h2><strong>Der Weg zum Traumberuf<\/strong><\/h2>\n<div id=\"attachment_9968\" style=\"width: 210px\" class=\"wp-caption alignleft\"><img aria-describedby=\"caption-attachment-9968\" decoding=\"async\" loading=\"lazy\" class=\"wp-image-9968 size-medium\" src=\"https:\/\/www.industryisin.bz.it\/wp-content\/uploads\/2025\/05\/Lukas-200x300.png\" alt=\"\" width=\"200\" height=\"300\" srcset=\"https:\/\/www.industryisin.bz.it\/wp-content\/uploads\/2025\/05\/Lukas-200x300.png 200w, https:\/\/www.industryisin.bz.it\/wp-content\/uploads\/2025\/05\/Lukas-683x1024.png 683w, https:\/\/www.industryisin.bz.it\/wp-content\/uploads\/2025\/05\/Lukas-768x1152.png 768w, https:\/\/www.industryisin.bz.it\/wp-content\/uploads\/2025\/05\/Lukas-1024x1536.png 1024w, https:\/\/www.industryisin.bz.it\/wp-content\/uploads\/2025\/05\/Lukas.png 1200w\" sizes=\"(max-width: 200px) 100vw, 200px\" \/><p id=\"caption-attachment-9968\" class=\"wp-caption-text\">Lukas Silbernagl hat bereits mit 20 Jahren sein erstes Unternehmen gegr\u00fcndet.<\/p><\/div>\n<p>Nach seiner Ausbildung im Bereich Informatik hat er zu arbeiten begonnen \u2013 und dabei schnell gemerkt, dass er an Grenzen st\u00f6\u00dft. \u201eIch wollte Sachen weiterbringen, mich weiterentwickeln, mich verwirklichen. Mir wurde bewusst, dass das nur m\u00f6glich ist, wenn ich mich selbst\u00e4ndig mache\u201c, erinnert er sich. Und so z\u00f6gerte er nicht lange, und gr\u00fcndete sein Unternehmen im Bereich Informatik. Zuerst war er f\u00fcr 2 Jahre alleine, 2017 hat er einen Ausstieg gemacht und nochmal bei null angefangen \u2013 der Grundstein f\u00fcr <a href=\"https:\/\/www.tincx.com\/\">tincx<\/a> war gelegt. 2020 folgte die Fusionierung mit Hanno Mayr. Die Web &amp;Communication Agentur besch\u00e4ftigt heute rund 25 Personen, Lukas Silbernagl verantwortet den gesamten digitalen Bereich. \u201eProgrammierung, Online Marketing, das ist mein Gebiet.\u201c<\/p>\n<h2><strong>Wachsen und Verantwortung abgeben<\/strong><\/h2>\n<p>Die gr\u00f6\u00dfte Herausforderung auf diesem Weg das Wachstums war es f\u00fcr ihn, Verantwortung abzugeben: \u201eWenn du bei null startest, dann liegt alles in deinem Verantwortungsbereich. Ab einem gewissen Zeitpunkt muss man aber loslassen k\u00f6nnen, man muss Priorit\u00e4ten setzen und Bewusstsein schaffen, dass Wachstum nicht m\u00f6glich ist, wenn alles \u00fcber eine Person gehen muss.\u201c<\/p>\n<p>Die Weiterentwicklung des Unternehmens zu gestalten, immer wieder neue Themen zu implementieren \u2013 das gef\u00e4llt Lukas besonders gut. \u201eDie Digitalisierung des Verkaufs ist einer der Schwerpunkte, an dem wir arbeiten. Einen klassischen Onlineshop zu machen ist relativ einfach, aber im B2B- Bereich gibt es viele Besonderheiten zu beachten, f\u00fcr die man sich eine L\u00f6sung \u00fcberlegen muss.\u201c<\/p>\n<h2><strong>Traumberuf Jungunternehmer<\/strong><\/h2>\n<p>Bereut hat er den Schritt zum Jungunternehmer nie: \u201eMan muss viel Mut und Risikobereitschaft mitbringen, ehrgeizig und flei\u00dfig sein, und es darf einem nicht st\u00f6ren, ein paar Stunden mehr machen zu m\u00fcssen. Dann gelingt der Weg.\u201c Ausgleich findet Lukas, der in V\u00f6ls wohnt, bei der Familie und beim Sport \u2013 Skifahren im Winter, Tennis im Sommer. \u201eDa schaffe ich es dann, richtig abzuschalten.\u201c<\/p>\n<p>&nbsp;<\/p>\n<p>&nbsp;<\/p>\n","protected":false},"excerpt":{"rendered":"<p>\u201eSelbst ein Unternehmen aufzubauen war schon immer mein Wunsch. Ich wusste eigentlich schon als Kind, dass ich das tun m\u00f6chte. Und so habe ich mit 20 Jahren mein erstes Unternehmen gegr\u00fcndet\u201c, erz\u00e4hlt Lukas Silbernagl. Der Weg zum Traumberuf Nach seiner Ausbildung im Bereich Informatik hat er zu arbeiten begonnen \u2013 und dabei schnell gemerkt, dass [&hellip;]<\/p>\n","protected":false},"author":13,"featured_media":9966,"comment_status":"closed","ping_status":"open","sticky":false,"template":"","format":"standard","meta":{"footnotes":""},"categories":[48],"tags":[],"acf":[],"yoast_head":"<!-- This site is optimized with the Yoast SEO plugin v21.4 - https:\/\/yoast.com\/wordpress\/plugins\/seo\/ -->\n<title>Traumberuf Unternehmer - Industry is IN<\/title>\n<meta name=\"description\" content=\"Lukas Silbernagl hat seinen Traumberuf verwirklicht: bereits mit 20 Jahren hat er sein erstes eigenes Unternehmen gegr\u00fcndet\" \/>\n<meta name=\"robots\" content=\"index, follow, max-snippet:-1, max-image-preview:large, max-video-preview:-1\" \/>\n<link rel=\"canonical\" href=\"https:\/\/www.industryisin.bz.it\/traumberuf-unternehmer\/\" \/>\n<meta property=\"og:locale\" content=\"de_DE\" \/>\n<meta property=\"og:type\" content=\"article\" \/>\n<meta property=\"og:title\" content=\"Traumberuf Unternehmer - Industry is IN\" \/>\n<meta property=\"og:description\" content=\"Lukas Silbernagl hat seinen Traumberuf verwirklicht: bereits mit 20 Jahren hat er sein erstes eigenes Unternehmen gegr\u00fcndet\" \/>\n<meta property=\"og:url\" content=\"https:\/\/www.industryisin.bz.it\/traumberuf-unternehmer\/\" \/>\n<meta property=\"og:site_name\" content=\"Industry is IN\" \/>\n<meta property=\"article:published_time\" content=\"2025-05-21T15:52:36+00:00\" \/>\n<meta property=\"og:image\" content=\"https:\/\/www.industryisin.bz.it\/wp-content\/uploads\/2025\/05\/M8A5226-Verbessert-NR-scaled.jpg\" \/>\n\t<meta property=\"og:image:width\" content=\"2560\" \/>\n\t<meta property=\"og:image:height\" content=\"1113\" \/>\n\t<meta property=\"og:image:type\" content=\"image\/jpeg\" \/>\n<meta name=\"author\" content=\"Angelika Bayer\" \/>\n<meta name=\"twitter:card\" content=\"summary_large_image\" \/>\n<meta name=\"twitter:label1\" content=\"Verfasst von\" \/>\n\t<meta name=\"twitter:data1\" content=\"Angelika Bayer\" \/>\n\t<meta name=\"twitter:label2\" content=\"Gesch\u00e4tzte Lesezeit\" \/>\n\t<meta name=\"twitter:data2\" content=\"3 Minuten\" \/>\n<script type=\"application\/ld+json\" class=\"yoast-schema-graph\">{\"@context\":\"https:\/\/schema.org\",\"@graph\":[{\"@type\":\"WebPage\",\"@id\":\"https:\/\/www.industryisin.bz.it\/traumberuf-unternehmer\/\",\"url\":\"https:\/\/www.industryisin.bz.it\/traumberuf-unternehmer\/\",\"name\":\"Traumberuf Unternehmer - Industry is IN\",\"isPartOf\":{\"@id\":\"https:\/\/www.madeinbz.info\/#website\"},\"datePublished\":\"2025-05-21T15:52:36+00:00\",\"dateModified\":\"2025-05-21T15:52:36+00:00\",\"author\":{\"@id\":\"https:\/\/www.madeinbz.info\/#\/schema\/person\/2c37e5aeb0f02de7cca30cb97ffc38e8\"},\"description\":\"Lukas Silbernagl hat seinen Traumberuf verwirklicht: bereits mit 20 Jahren hat er sein erstes eigenes Unternehmen gegr\u00fcndet\",\"breadcrumb\":{\"@id\":\"https:\/\/www.industryisin.bz.it\/traumberuf-unternehmer\/#breadcrumb\"},\"inLanguage\":\"de-DE\",\"potentialAction\":[{\"@type\":\"ReadAction\",\"target\":[\"https:\/\/www.industryisin.bz.it\/traumberuf-unternehmer\/\"]}]},{\"@type\":\"BreadcrumbList\",\"@id\":\"https:\/\/www.industryisin.bz.it\/traumberuf-unternehmer\/#breadcrumb\",\"itemListElement\":[{\"@type\":\"ListItem\",\"position\":1,\"name\":\"Home\",\"item\":\"https:\/\/www.madeinbz.info\/\"},{\"@type\":\"ListItem\",\"position\":2,\"name\":\"Traumberuf Unternehmer\"}]},{\"@type\":\"WebSite\",\"@id\":\"https:\/\/www.madeinbz.info\/#website\",\"url\":\"https:\/\/www.madeinbz.info\/\",\"name\":\"Industry is IN\",\"description\":\"Storie di aziende e persone dell\u2019industria altoatesina\",\"potentialAction\":[{\"@type\":\"SearchAction\",\"target\":{\"@type\":\"EntryPoint\",\"urlTemplate\":\"https:\/\/www.madeinbz.info\/?s={search_term_string}\"},\"query-input\":\"required name=search_term_string\"}],\"inLanguage\":\"de-DE\"},{\"@type\":\"Person\",\"@id\":\"https:\/\/www.madeinbz.info\/#\/schema\/person\/2c37e5aeb0f02de7cca30cb97ffc38e8\",\"name\":\"Angelika Bayer\",\"image\":{\"@type\":\"ImageObject\",\"inLanguage\":\"de-DE\",\"@id\":\"https:\/\/www.madeinbz.info\/#\/schema\/person\/image\/\",\"url\":\"https:\/\/secure.gravatar.com\/avatar\/d5d603996af27fc843daae65ef659f93?s=96&d=mm&r=g\",\"contentUrl\":\"https:\/\/secure.gravatar.com\/avatar\/d5d603996af27fc843daae65ef659f93?s=96&d=mm&r=g\",\"caption\":\"Angelika Bayer\"},\"url\":\"https:\/\/www.industryisin.bz.it\/de\/author\/angelika\/\"}]}<\/script>\n<!-- \/ Yoast SEO plugin. -->","yoast_head_json":{"title":"Traumberuf Unternehmer - Industry is IN","description":"Lukas Silbernagl hat seinen Traumberuf verwirklicht: bereits mit 20 Jahren hat er sein erstes eigenes Unternehmen gegr\u00fcndet","robots":{"index":"index","follow":"follow","max-snippet":"max-snippet:-1","max-image-preview":"max-image-preview:large","max-video-preview":"max-video-preview:-1"},"canonical":"https:\/\/www.industryisin.bz.it\/traumberuf-unternehmer\/","og_locale":"de_DE","og_type":"article","og_title":"Traumberuf Unternehmer - Industry is IN","og_description":"Lukas Silbernagl hat seinen Traumberuf verwirklicht: bereits mit 20 Jahren hat er sein erstes eigenes Unternehmen gegr\u00fcndet","og_url":"https:\/\/www.industryisin.bz.it\/traumberuf-unternehmer\/","og_site_name":"Industry is IN","article_published_time":"2025-05-21T15:52:36+00:00","og_image":[{"width":2560,"height":1113,"url":"https:\/\/www.industryisin.bz.it\/wp-content\/uploads\/2025\/05\/M8A5226-Verbessert-NR-scaled.jpg","type":"image\/jpeg"}],"author":"Angelika Bayer","twitter_card":"summary_large_image","twitter_misc":{"Verfasst von":"Angelika Bayer","Gesch\u00e4tzte Lesezeit":"3 Minuten"},"schema":{"@context":"https:\/\/schema.org","@graph":[{"@type":"WebPage","@id":"https:\/\/www.industryisin.bz.it\/traumberuf-unternehmer\/","url":"https:\/\/www.industryisin.bz.it\/traumberuf-unternehmer\/","name":"Traumberuf Unternehmer - Industry is IN","isPartOf":{"@id":"https:\/\/www.madeinbz.info\/#website"},"datePublished":"2025-05-21T15:52:36+00:00","dateModified":"2025-05-21T15:52:36+00:00","author":{"@id":"https:\/\/www.madeinbz.info\/#\/schema\/person\/2c37e5aeb0f02de7cca30cb97ffc38e8"},"description":"Lukas Silbernagl hat seinen Traumberuf verwirklicht: bereits mit 20 Jahren hat er sein erstes eigenes Unternehmen gegr\u00fcndet","breadcrumb":{"@id":"https:\/\/www.industryisin.bz.it\/traumberuf-unternehmer\/#breadcrumb"},"inLanguage":"de-DE","potentialAction":[{"@type":"ReadAction","target":["https:\/\/www.industryisin.bz.it\/traumberuf-unternehmer\/"]}]},{"@type":"BreadcrumbList","@id":"https:\/\/www.industryisin.bz.it\/traumberuf-unternehmer\/#breadcrumb","itemListElement":[{"@type":"ListItem","position":1,"name":"Home","item":"https:\/\/www.madeinbz.info\/"},{"@type":"ListItem","position":2,"name":"Traumberuf Unternehmer"}]},{"@type":"WebSite","@id":"https:\/\/www.madeinbz.info\/#website","url":"https:\/\/www.madeinbz.info\/","name":"Industry is IN","description":"Storie di aziende e persone dell\u2019industria altoatesina","potentialAction":[{"@type":"SearchAction","target":{"@type":"EntryPoint","urlTemplate":"https:\/\/www.madeinbz.info\/?s={search_term_string}"},"query-input":"required name=search_term_string"}],"inLanguage":"de-DE"},{"@type":"Person","@id":"https:\/\/www.madeinbz.info\/#\/schema\/person\/2c37e5aeb0f02de7cca30cb97ffc38e8","name":"Angelika Bayer","image":{"@type":"ImageObject","inLanguage":"de-DE","@id":"https:\/\/www.madeinbz.info\/#\/schema\/person\/image\/","url":"https:\/\/secure.gravatar.com\/avatar\/d5d603996af27fc843daae65ef659f93?s=96&d=mm&r=g","contentUrl":"https:\/\/secure.gravatar.com\/avatar\/d5d603996af27fc843daae65ef659f93?s=96&d=mm&r=g","caption":"Angelika Bayer"},"url":"https:\/\/www.industryisin.bz.it\/de\/author\/angelika\/"}]}},"_links":{"self":[{"href":"https:\/\/www.industryisin.bz.it\/de\/wp-json\/wp\/v2\/posts\/9965"}],"collection":[{"href":"https:\/\/www.industryisin.bz.it\/de\/wp-json\/wp\/v2\/posts"}],"about":[{"href":"https:\/\/www.industryisin.bz.it\/de\/wp-json\/wp\/v2\/types\/post"}],"author":[{"embeddable":true,"href":"https:\/\/www.industryisin.bz.it\/de\/wp-json\/wp\/v2\/users\/13"}],"replies":[{"embeddable":true,"href":"https:\/\/www.industryisin.bz.it\/de\/wp-json\/wp\/v2\/comments?post=9965"}],"version-history":[{"count":1,"href":"https:\/\/www.industryisin.bz.it\/de\/wp-json\/wp\/v2\/posts\/9965\/revisions"}],"predecessor-version":[{"id":9970,"href":"https:\/\/www.industryisin.bz.it\/de\/wp-json\/wp\/v2\/posts\/9965\/revisions\/9970"}],"wp:featuredmedia":[{"embeddable":true,"href":"https:\/\/www.industryisin.bz.it\/de\/wp-json\/wp\/v2\/media\/9966"}],"wp:attachment":[{"href":"https:\/\/www.industryisin.bz.it\/de\/wp-json\/wp\/v2\/media?parent=9965"}],"wp:term":[{"taxonomy":"category","embeddable":true,"href":"https:\/\/www.industryisin.bz.it\/de\/wp-json\/wp\/v2\/categories?post=9965"},{"taxonomy":"post_tag","embeddable":true,"href":"https:\/\/www.industryisin.bz.it\/de\/wp-json\/wp\/v2\/tags?post=9965"}],"curies":[{"name":"wp","href":"https:\/\/api.w.org\/{rel}","templated":true}]}}