{"id":9703,"date":"2025-05-29T10:21:39","date_gmt":"2025-05-29T08:21:39","guid":{"rendered":"https:\/\/www.industryisin.bz.it\/?p=9703"},"modified":"2025-05-29T10:40:56","modified_gmt":"2025-05-29T08:40:56","slug":"sostenibilita-fa-rima-con-strategia","status":"publish","type":"post","link":"https:\/\/www.industryisin.bz.it\/de\/sostenibilita-fa-rima-con-strategia\/","title":{"rendered":"Sostenibilit\u00e0 fa rima con strategia"},"content":{"rendered":"<p>La sostenibilit\u00e0 consente di attrarre nuovi talenti, di cogliere opportunit\u00e0 nelle catene del valore, di migliorare la propria capacit\u00e0 strategica. Lo hanno messo in evidenza gli esempi che sono stati portati da cinque imprese durante un evento della serie Sustainability Talks svoltosi presso l&#8217;impresa associata Markas Srl.<\/p>\n<h2>Sostenibilit\u00e0 basata su tre pilastri<\/h2>\n<div id=\"attachment_9997\" style=\"width: 160px\" class=\"wp-caption alignleft\"><img aria-describedby=\"caption-attachment-9997\" decoding=\"async\" loading=\"lazy\" class=\"wp-image-9997 size-thumbnail\" src=\"https:\/\/www.industryisin.bz.it\/wp-content\/uploads\/2025\/05\/EK-150x150.jpg\" alt=\"\" width=\"150\" height=\"150\" \/><p id=\"caption-attachment-9997\" class=\"wp-caption-text\">Evelyn Kirchmaier<\/p><\/div>\n<p>&nbsp;<\/p>\n<p>\u201cQuando parliamo di sostenibilit\u00e0, la intendiamo in tutti i suoi tre pilastri: ambientale, economico e sociale. Oggi pi\u00f9 che mai, essa non \u00e8 solo un dovere morale verso le future generazioni, ma una leva strategica fondamentale per restare competitivi, attrarre talenti e creare valore per il territorio. \u00c8 necessario adattarci rapidamente e con visione, facendo della sostenibilit\u00e0 un\u2019opportunit\u00e0 di innovazione e rilancio\u201d, ha chiarito la Vice-Presidente di Confindustria Alto Adige nonch\u00e9 Direttrice generale di Markas Srl,\u00a0Evelyn Kirchmaier.<\/p>\n<h2>La compliance da sola non basta<\/h2>\n<p>Il professor Massimiliano Bonacchi, esperto di sostenibilit\u00e0 e docente presso la Libera Universit\u00e0 di Bolzano nella sua relazione ha evidenziato come la sostenibilit\u00e0 per essere un vantaggio per le imprese non va vista come un obbligo di compliance alle regole europee. Essa va inserita nella strategia aziendale e diventare uno strumento che supporta la competitivit\u00e0 delle imprese. Con una serie di esempi ha messo in evidenza tale aspetto nel business quotidiano di imprese italiane e internazionali. Anche per le imprese non chiamate a redigere il report di sostenibilit\u00e0, comunque, l&#8217;analisi dei propri dati sulla sostenibilit\u00e0 \u00e8 spesso un elemento necessario per poter rispondere alle richieste delle grandi imprese committenti.<\/p>\n<div id=\"attachment_10001\" style=\"width: 310px\" class=\"wp-caption aligncenter\"><img aria-describedby=\"caption-attachment-10001\" decoding=\"async\" loading=\"lazy\" class=\"wp-image-10001 size-medium\" src=\"https:\/\/www.industryisin.bz.it\/wp-content\/uploads\/2025\/05\/Massimiliano-Bonacci-300x199.jpg\" alt=\"\" width=\"300\" height=\"199\" srcset=\"https:\/\/www.industryisin.bz.it\/wp-content\/uploads\/2025\/05\/Massimiliano-Bonacci-300x199.jpg 300w, https:\/\/www.industryisin.bz.it\/wp-content\/uploads\/2025\/05\/Massimiliano-Bonacci-1024x678.jpg 1024w, https:\/\/www.industryisin.bz.it\/wp-content\/uploads\/2025\/05\/Massimiliano-Bonacci-768x509.jpg 768w, https:\/\/www.industryisin.bz.it\/wp-content\/uploads\/2025\/05\/Massimiliano-Bonacci-1536x1017.jpg 1536w, https:\/\/www.industryisin.bz.it\/wp-content\/uploads\/2025\/05\/Massimiliano-Bonacci-2048x1357.jpg 2048w, https:\/\/www.industryisin.bz.it\/wp-content\/uploads\/2025\/05\/Massimiliano-Bonacci-1920x1272.jpg 1920w\" sizes=\"(max-width: 300px) 100vw, 300px\" \/><p id=\"caption-attachment-10001\" class=\"wp-caption-text\">Massimiliano Bonacchi<\/p><\/div>\n<h2>Le testimonianze delle imprese<\/h2>\n<p>I referenti sostenibilit\u00e0 di cinque imprese associate &#8211; Gloria Citriniti\u00a0(W\u00fcrth Srl),\u00a0Elisa Montanari\u00a0(Markas Srl),\u00a0Martin G\u00f6tsch\u00a0(Alber Spa),\u00a0Ettore Gualandi\u00a0(Gruber Logistics Spa),\u00a0Nicola Andreij Rieg\u00a0(Loacker Spa) &#8211; hanno illustrato il percorso per redigere i report di sostenibilit\u00e0. Miglioramento dell\u2019immagine del brand nei confronti di fornitori e clienti, aumento delle chance di business, permanenza nelle catene del valore, maggiore capacit\u00e0 strategica. Questi, tra gli altri, gli aspetti connessi all\u2019applicazione concreta della sostenibilit\u00e0 in azienda evidenziati durante la tavola rotonda.<\/p>\n<div id=\"attachment_9999\" style=\"width: 760px\" class=\"wp-caption aligncenter\"><img aria-describedby=\"caption-attachment-9999\" decoding=\"async\" loading=\"lazy\" class=\"wp-image-9999 size-large\" src=\"https:\/\/www.industryisin.bz.it\/wp-content\/uploads\/2025\/05\/Relatori-1-1024x702.jpg\" alt=\"\" width=\"750\" height=\"514\" srcset=\"https:\/\/www.industryisin.bz.it\/wp-content\/uploads\/2025\/05\/Relatori-1-1024x702.jpg 1024w, https:\/\/www.industryisin.bz.it\/wp-content\/uploads\/2025\/05\/Relatori-1-300x206.jpg 300w, https:\/\/www.industryisin.bz.it\/wp-content\/uploads\/2025\/05\/Relatori-1-768x527.jpg 768w, https:\/\/www.industryisin.bz.it\/wp-content\/uploads\/2025\/05\/Relatori-1-1536x1053.jpg 1536w, https:\/\/www.industryisin.bz.it\/wp-content\/uploads\/2025\/05\/Relatori-1-2048x1404.jpg 2048w, https:\/\/www.industryisin.bz.it\/wp-content\/uploads\/2025\/05\/Relatori-1-1920x1316.jpg 1920w\" sizes=\"(max-width: 750px) 100vw, 750px\" \/><p id=\"caption-attachment-9999\" class=\"wp-caption-text\">Da sinistra Gloria Citriniti (W\u00fcrth Srl), Elisa Montanari (Markas Srl), Martin G\u00f6tsch (Alber Spa), Ettore Gualandi (Gruber Logistics Spa) e Nicola Andreij Rieg (Loacker Spa)<\/p><\/div>\n<p>&nbsp;<\/p>\n","protected":false},"excerpt":{"rendered":"<p>La sostenibilit\u00e0 consente di attrarre nuovi talenti, di cogliere opportunit\u00e0 nelle catene del valore, di migliorare la propria capacit\u00e0 strategica. Lo hanno messo in evidenza gli esempi che sono stati portati da cinque imprese durante un evento della serie Sustainability Talks svoltosi presso l&#8217;impresa associata Markas Srl. Sostenibilit\u00e0 basata su tre pilastri &nbsp; \u201cQuando parliamo [&hellip;]<\/p>\n","protected":false},"author":16,"featured_media":9991,"comment_status":"closed","ping_status":"open","sticky":false,"template":"","format":"standard","meta":{"footnotes":""},"categories":[47],"tags":[1077,810,157,1078,1080,1051,603,1081],"acf":[],"yoast_head":"<!-- This site is optimized with the Yoast SEO plugin v21.4 - https:\/\/yoast.com\/wordpress\/plugins\/seo\/ -->\n<title>Sostenibilit\u00e0 fa rima con strategia - Industry is IN<\/title>\n<meta name=\"robots\" content=\"index, follow, max-snippet:-1, max-image-preview:large, max-video-preview:-1\" \/>\n<link rel=\"canonical\" href=\"https:\/\/www.industryisin.bz.it\/sostenibilita-fa-rima-con-strategia\/\" \/>\n<meta property=\"og:locale\" content=\"de_DE\" \/>\n<meta property=\"og:type\" content=\"article\" \/>\n<meta property=\"og:title\" content=\"Sostenibilit\u00e0 fa rima con strategia - Industry is IN\" \/>\n<meta property=\"og:description\" content=\"La sostenibilit\u00e0 consente di attrarre nuovi talenti, di cogliere opportunit\u00e0 nelle catene del valore, di migliorare la propria capacit\u00e0 strategica. Lo hanno messo in evidenza gli esempi che sono stati portati da cinque imprese durante un evento della serie Sustainability Talks svoltosi presso l&#8217;impresa associata Markas Srl. Sostenibilit\u00e0 basata su tre pilastri &nbsp; \u201cQuando parliamo [&hellip;]\" \/>\n<meta property=\"og:url\" content=\"https:\/\/www.industryisin.bz.it\/sostenibilita-fa-rima-con-strategia\/\" \/>\n<meta property=\"og:site_name\" content=\"Industry is IN\" \/>\n<meta property=\"article:published_time\" content=\"2025-05-29T08:21:39+00:00\" \/>\n<meta property=\"article:modified_time\" content=\"2025-05-29T08:40:56+00:00\" \/>\n<meta property=\"og:image\" content=\"https:\/\/www.industryisin.bz.it\/wp-content\/uploads\/2025\/05\/1-e1748506494526.png\" \/>\n\t<meta property=\"og:image:width\" content=\"2000\" \/>\n\t<meta property=\"og:image:height\" content=\"923\" \/>\n\t<meta property=\"og:image:type\" content=\"image\/png\" \/>\n<meta name=\"author\" content=\"Angelo Conte\" \/>\n<meta name=\"twitter:card\" content=\"summary_large_image\" \/>\n<meta name=\"twitter:label1\" content=\"Verfasst von\" \/>\n\t<meta name=\"twitter:data1\" content=\"Angelo Conte\" \/>\n\t<meta name=\"twitter:label2\" content=\"Gesch\u00e4tzte Lesezeit\" \/>\n\t<meta name=\"twitter:data2\" content=\"3 Minuten\" \/>\n<script type=\"application\/ld+json\" class=\"yoast-schema-graph\">{\"@context\":\"https:\/\/schema.org\",\"@graph\":[{\"@type\":\"WebPage\",\"@id\":\"https:\/\/www.industryisin.bz.it\/sostenibilita-fa-rima-con-strategia\/\",\"url\":\"https:\/\/www.industryisin.bz.it\/sostenibilita-fa-rima-con-strategia\/\",\"name\":\"Sostenibilit\u00e0 fa rima con strategia - Industry is IN\",\"isPartOf\":{\"@id\":\"https:\/\/www.madeinbz.info\/#website\"},\"datePublished\":\"2025-05-29T08:21:39+00:00\",\"dateModified\":\"2025-05-29T08:40:56+00:00\",\"author\":{\"@id\":\"https:\/\/www.madeinbz.info\/#\/schema\/person\/86f22a180d1db0cef0c66d48e591b470\"},\"breadcrumb\":{\"@id\":\"https:\/\/www.industryisin.bz.it\/sostenibilita-fa-rima-con-strategia\/#breadcrumb\"},\"inLanguage\":\"de-DE\",\"potentialAction\":[{\"@type\":\"ReadAction\",\"target\":[\"https:\/\/www.industryisin.bz.it\/sostenibilita-fa-rima-con-strategia\/\"]}]},{\"@type\":\"BreadcrumbList\",\"@id\":\"https:\/\/www.industryisin.bz.it\/sostenibilita-fa-rima-con-strategia\/#breadcrumb\",\"itemListElement\":[{\"@type\":\"ListItem\",\"position\":1,\"name\":\"Home\",\"item\":\"https:\/\/www.madeinbz.info\/\"},{\"@type\":\"ListItem\",\"position\":2,\"name\":\"Sostenibilit\u00e0 fa rima con strategia\"}]},{\"@type\":\"WebSite\",\"@id\":\"https:\/\/www.madeinbz.info\/#website\",\"url\":\"https:\/\/www.madeinbz.info\/\",\"name\":\"Industry is IN\",\"description\":\"Storie di aziende e persone dell\u2019industria altoatesina\",\"potentialAction\":[{\"@type\":\"SearchAction\",\"target\":{\"@type\":\"EntryPoint\",\"urlTemplate\":\"https:\/\/www.madeinbz.info\/?s={search_term_string}\"},\"query-input\":\"required name=search_term_string\"}],\"inLanguage\":\"de-DE\"},{\"@type\":\"Person\",\"@id\":\"https:\/\/www.madeinbz.info\/#\/schema\/person\/86f22a180d1db0cef0c66d48e591b470\",\"name\":\"Angelo Conte\",\"image\":{\"@type\":\"ImageObject\",\"inLanguage\":\"de-DE\",\"@id\":\"https:\/\/www.madeinbz.info\/#\/schema\/person\/image\/\",\"url\":\"https:\/\/secure.gravatar.com\/avatar\/5b230cc7839926ed717d89600e80b3db?s=96&d=mm&r=g\",\"contentUrl\":\"https:\/\/secure.gravatar.com\/avatar\/5b230cc7839926ed717d89600e80b3db?s=96&d=mm&r=g\",\"caption\":\"Angelo Conte\"},\"url\":\"https:\/\/www.industryisin.bz.it\/de\/author\/angelo\/\"}]}<\/script>\n<!-- \/ Yoast SEO plugin. -->","yoast_head_json":{"title":"Sostenibilit\u00e0 fa rima con strategia - Industry is IN","robots":{"index":"index","follow":"follow","max-snippet":"max-snippet:-1","max-image-preview":"max-image-preview:large","max-video-preview":"max-video-preview:-1"},"canonical":"https:\/\/www.industryisin.bz.it\/sostenibilita-fa-rima-con-strategia\/","og_locale":"de_DE","og_type":"article","og_title":"Sostenibilit\u00e0 fa rima con strategia - Industry is IN","og_description":"La sostenibilit\u00e0 consente di attrarre nuovi talenti, di cogliere opportunit\u00e0 nelle catene del valore, di migliorare la propria capacit\u00e0 strategica. Lo hanno messo in evidenza gli esempi che sono stati portati da cinque imprese durante un evento della serie Sustainability Talks svoltosi presso l&#8217;impresa associata Markas Srl. Sostenibilit\u00e0 basata su tre pilastri &nbsp; \u201cQuando parliamo [&hellip;]","og_url":"https:\/\/www.industryisin.bz.it\/sostenibilita-fa-rima-con-strategia\/","og_site_name":"Industry is IN","article_published_time":"2025-05-29T08:21:39+00:00","article_modified_time":"2025-05-29T08:40:56+00:00","og_image":[{"width":2000,"height":923,"url":"https:\/\/www.industryisin.bz.it\/wp-content\/uploads\/2025\/05\/1-e1748506494526.png","type":"image\/png"}],"author":"Angelo Conte","twitter_card":"summary_large_image","twitter_misc":{"Verfasst von":"Angelo Conte","Gesch\u00e4tzte Lesezeit":"3 Minuten"},"schema":{"@context":"https:\/\/schema.org","@graph":[{"@type":"WebPage","@id":"https:\/\/www.industryisin.bz.it\/sostenibilita-fa-rima-con-strategia\/","url":"https:\/\/www.industryisin.bz.it\/sostenibilita-fa-rima-con-strategia\/","name":"Sostenibilit\u00e0 fa rima con strategia - Industry is IN","isPartOf":{"@id":"https:\/\/www.madeinbz.info\/#website"},"datePublished":"2025-05-29T08:21:39+00:00","dateModified":"2025-05-29T08:40:56+00:00","author":{"@id":"https:\/\/www.madeinbz.info\/#\/schema\/person\/86f22a180d1db0cef0c66d48e591b470"},"breadcrumb":{"@id":"https:\/\/www.industryisin.bz.it\/sostenibilita-fa-rima-con-strategia\/#breadcrumb"},"inLanguage":"de-DE","potentialAction":[{"@type":"ReadAction","target":["https:\/\/www.industryisin.bz.it\/sostenibilita-fa-rima-con-strategia\/"]}]},{"@type":"BreadcrumbList","@id":"https:\/\/www.industryisin.bz.it\/sostenibilita-fa-rima-con-strategia\/#breadcrumb","itemListElement":[{"@type":"ListItem","position":1,"name":"Home","item":"https:\/\/www.madeinbz.info\/"},{"@type":"ListItem","position":2,"name":"Sostenibilit\u00e0 fa rima con strategia"}]},{"@type":"WebSite","@id":"https:\/\/www.madeinbz.info\/#website","url":"https:\/\/www.madeinbz.info\/","name":"Industry is IN","description":"Storie di aziende e persone dell\u2019industria altoatesina","potentialAction":[{"@type":"SearchAction","target":{"@type":"EntryPoint","urlTemplate":"https:\/\/www.madeinbz.info\/?s={search_term_string}"},"query-input":"required name=search_term_string"}],"inLanguage":"de-DE"},{"@type":"Person","@id":"https:\/\/www.madeinbz.info\/#\/schema\/person\/86f22a180d1db0cef0c66d48e591b470","name":"Angelo Conte","image":{"@type":"ImageObject","inLanguage":"de-DE","@id":"https:\/\/www.madeinbz.info\/#\/schema\/person\/image\/","url":"https:\/\/secure.gravatar.com\/avatar\/5b230cc7839926ed717d89600e80b3db?s=96&d=mm&r=g","contentUrl":"https:\/\/secure.gravatar.com\/avatar\/5b230cc7839926ed717d89600e80b3db?s=96&d=mm&r=g","caption":"Angelo Conte"},"url":"https:\/\/www.industryisin.bz.it\/de\/author\/angelo\/"}]}},"_links":{"self":[{"href":"https:\/\/www.industryisin.bz.it\/de\/wp-json\/wp\/v2\/posts\/9703"}],"collection":[{"href":"https:\/\/www.industryisin.bz.it\/de\/wp-json\/wp\/v2\/posts"}],"about":[{"href":"https:\/\/www.industryisin.bz.it\/de\/wp-json\/wp\/v2\/types\/post"}],"author":[{"embeddable":true,"href":"https:\/\/www.industryisin.bz.it\/de\/wp-json\/wp\/v2\/users\/16"}],"replies":[{"embeddable":true,"href":"https:\/\/www.industryisin.bz.it\/de\/wp-json\/wp\/v2\/comments?post=9703"}],"version-history":[{"count":7,"href":"https:\/\/www.industryisin.bz.it\/de\/wp-json\/wp\/v2\/posts\/9703\/revisions"}],"predecessor-version":[{"id":10006,"href":"https:\/\/www.industryisin.bz.it\/de\/wp-json\/wp\/v2\/posts\/9703\/revisions\/10006"}],"wp:featuredmedia":[{"embeddable":true,"href":"https:\/\/www.industryisin.bz.it\/de\/wp-json\/wp\/v2\/media\/9991"}],"wp:attachment":[{"href":"https:\/\/www.industryisin.bz.it\/de\/wp-json\/wp\/v2\/media?parent=9703"}],"wp:term":[{"taxonomy":"category","embeddable":true,"href":"https:\/\/www.industryisin.bz.it\/de\/wp-json\/wp\/v2\/categories?post=9703"},{"taxonomy":"post_tag","embeddable":true,"href":"https:\/\/www.industryisin.bz.it\/de\/wp-json\/wp\/v2\/tags?post=9703"}],"curies":[{"name":"wp","href":"https:\/\/api.w.org\/{rel}","templated":true}]}}