{"id":7231,"date":"2023-03-08T10:28:06","date_gmt":"2023-03-08T09:28:06","guid":{"rendered":"https:\/\/www.industryisin.bz.it\/?p=7231"},"modified":"2023-03-08T10:28:06","modified_gmt":"2023-03-08T09:28:06","slug":"ein-labor-fur-innovation-und-kreative-ideen","status":"publish","type":"post","link":"https:\/\/www.industryisin.bz.it\/de\/ein-labor-fur-innovation-und-kreative-ideen\/","title":{"rendered":"Ein Labor f\u00fcr Innovation und kreative Ideen"},"content":{"rendered":"<p>Sechs Gr\u00fcnderteams haben mit innovativen Ideen das Entrepreneurship-Lab f\u00fcr Start-Ups an der <a href=\"https:\/\/www.unibz.it\/en\/faculties\/economics-management\/research\/entrepreneurship-and-innovation\/\">Universit\u00e4t Bozen<\/a> gew\u00e4hlt. Sie wollen in diesem au\u00dferordentlichen Programm der Fakult\u00e4t f\u00fcr Wirtschaftswissenschaften ihre unternehmerischen Ideen bis zur Marktreife weiterentwickeln. Dabei werden Sie von ExpertInnen der Freien Universit\u00e4t Bozen und von Mitgliedsbetrieben des Unternehmerverbandes S\u00fcdtirol begleitet und gecoacht (im Bild sind die StudentInnen mit ihren Coaches zu sehen). Ziel der Teams ist die Gr\u00fcndung eines Start-Ups rund um ihre Idee und die Aufnahme in ein passendes Accelerator Programm in Europa.<\/p>\n<h2>Start-Up-Ideen f\u00fcr morgen<\/h2>\n<p>Von einer Food-App \u00fcber eine Corporate Benefits-Plattform bis zu Myzel-basierten Akustikpanelen, die Gr\u00fcndertreams des Entrepreneurship-Labs f\u00fcr Start-Ups am NOI-Technologiepark haben diese und weitere kreative Ideen entwickelt, die sie im Lab bis zur Marktreife bringen m\u00f6chten. Das Lab bietet ihnen genau diese Gelegenheit. F\u00fcr ein ganzes Jahr k\u00f6nnen die Teams neue Gesch\u00e4ftsideen entwickeln, diese Ideen an KundInnen von morgen testen und so innovative Produkte und Services Wirklichkeit werden lassen.<\/p>\n<h2>Coaches aus innovativen Unternehmen<\/h2>\n<p>Begleitet werden die Teams von Thomas Maran (Entrepreneurship und Unternehmensf\u00fchrung) und Christoph St\u00f6ckmann (Entrepreneurship und Digitale Transformation) von der Fakult\u00e4t f\u00fcr Wirtschaftswissenschaften an der Universit\u00e4t Bozen, sowie von ausgew\u00e4hlten Coaches aus Mitgliedsbetrieben des <a href=\"http:\/\/www.unternehmerverband.bz.it\">Unternehmerverbandes S\u00fcdtirol<\/a>. Die Coaches sind F\u00fchrungskr\u00e4fte in einigen der innovativsten und am st\u00e4rksten wachsenden Unternehmen S\u00fcdtirols und bringen ihre geballte Erfahrung in das Lab ein. Heuer mit dabei sind Valentina Thurner (HR, <strong>Dr. Sch\u00e4r<\/strong>), Stefanie Raifer (Sales, <strong>ACS<\/strong>), Alessandro Cench, (HR, <strong>Markas<\/strong>), Davide Agnoli (Packaging, Dr. Sch\u00e4r) und Maximilian Lazzeri (M&amp;A, <strong>Athesia<\/strong>-Gruppe).<\/p>\n<p>Zusammen trainieren die Experten und Coaches die Gr\u00fcnderteams im Testen ihrer Gesch\u00e4ftsideen, in der Entwicklung ihrer Gesch\u00e4ftsmodelle, der Preisbestimmung f\u00fcr ihre Produkte und Services, die Strategieentwicklung f\u00fcr die richtige Positionierung am Markt, sowie das Marketing und den Verkauf ihrer Angebote &#8211; alles spezifisch f\u00fcr KMUs und konsequent marktorientiert. \u201eUnsere Vision ist es das Unternehmertum junger Talente zu st\u00e4rken. Deshalb bereiten wir sie ganz praxisorientiert f\u00fcr eine unternehmerische Zukunft als Gr\u00fcnderInnen oder GestalterInnen in starken S\u00fcdtiroler Unternehmen vor\u201c, sagt Thomas Maran.<\/p>\n<h2>Das Entrepreneurship-Lab der unibz<\/h2>\n<p>Das Lab existiert nun bereits seit mehr als f\u00fcnf Jahren. Es ist Teil des wirtschafts- und transferorientierten Masterstudiengangs in Entrepreneurship und Innovation an der Fakult\u00e4t f\u00fcr Wirtschaftswissenschaften der Universit\u00e4t Bozen. Dabei ist es nicht nur gelungen neue Gr\u00fcndungen in S\u00fcdtirol zu bahnen, sondern auch einen Pool innovativer K\u00f6pfe mit unternehmerischem Knowhow f\u00fcr heimische Unternehmen zu entwickeln.<\/p>\n<p>Die Teams im Lab bestehen aus AkademikerInnen mit sehr diversem Hintergrund. Die Teilnehmenden stammen aus den Feldern Tourismus, Marketing, klassische Wirtschaftswissenschaften, Molekularbiologie und Design. Professor St\u00f6ckmann betont die Diversit\u00e4t der Teilnehmenden als St\u00e4rke: \u201eWir haben einen spannenden Mix aus verschiedenen Teilnehmenden. Genau diese Diversit\u00e4t an Perspektiven und Skills f\u00f6rdert Innovation\u201c.<\/p>\n<p>&nbsp;<\/p>\n","protected":false},"excerpt":{"rendered":"<p>Sechs Gr\u00fcnderteams haben mit innovativen Ideen das Entrepreneurship-Lab f\u00fcr Start-Ups an der Universit\u00e4t Bozen gew\u00e4hlt. Sie wollen in diesem au\u00dferordentlichen Programm der Fakult\u00e4t f\u00fcr Wirtschaftswissenschaften ihre unternehmerischen Ideen bis zur Marktreife weiterentwickeln. Dabei werden Sie von ExpertInnen der Freien Universit\u00e4t Bozen und von Mitgliedsbetrieben des Unternehmerverbandes S\u00fcdtirol begleitet und gecoacht (im Bild sind die StudentInnen [&hellip;]<\/p>\n","protected":false},"author":12,"featured_media":7229,"comment_status":"closed","ping_status":"open","sticky":false,"template":"","format":"standard","meta":{"footnotes":""},"categories":[48],"tags":[88,617,346,790,502,202,152,181],"acf":[],"yoast_head":"<!-- This site is optimized with the Yoast SEO plugin v21.4 - https:\/\/yoast.com\/wordpress\/plugins\/seo\/ -->\n<title>Ein Labor f\u00fcr Innovation und kreative Ideen - Industry is IN<\/title>\n<meta name=\"description\" content=\"Im Entrepreneurship-Lab f\u00fcr Start-Ups an der Universit\u00e4t Bozen werden gemeinsam mit innovativen Unternehmen die Gr\u00fcnderInnen von morgen trainiert.\" \/>\n<meta name=\"robots\" content=\"index, follow, max-snippet:-1, max-image-preview:large, max-video-preview:-1\" \/>\n<link rel=\"canonical\" href=\"https:\/\/www.madeinbz.info\/ein-labor-fur-innovation-und-kreative-ideen\/\" \/>\n<meta property=\"og:locale\" content=\"de_DE\" \/>\n<meta property=\"og:type\" content=\"article\" \/>\n<meta property=\"og:title\" content=\"Ein Labor f\u00fcr Innovation und kreative Ideen - Industry is IN\" \/>\n<meta property=\"og:description\" content=\"Im Entrepreneurship-Lab f\u00fcr Start-Ups an der Universit\u00e4t Bozen werden gemeinsam mit innovativen Unternehmen die Gr\u00fcnderInnen von morgen trainiert.\" \/>\n<meta property=\"og:url\" content=\"https:\/\/www.madeinbz.info\/ein-labor-fur-innovation-und-kreative-ideen\/\" \/>\n<meta property=\"og:site_name\" content=\"Industry is IN\" \/>\n<meta property=\"article:published_time\" content=\"2023-03-08T09:28:06+00:00\" \/>\n<meta name=\"author\" content=\"Mirco Marchiodi\" \/>\n<meta name=\"twitter:card\" content=\"summary_large_image\" \/>\n<meta name=\"twitter:image\" content=\"https:\/\/www.industryisin.bz.it\/wp-content\/uploads\/2023\/03\/Bild-e1678267391711.bmp\" \/>\n<meta name=\"twitter:label1\" content=\"Verfasst von\" \/>\n\t<meta name=\"twitter:data1\" content=\"Mirco Marchiodi\" \/>\n\t<meta name=\"twitter:label2\" content=\"Gesch\u00e4tzte Lesezeit\" \/>\n\t<meta name=\"twitter:data2\" content=\"2 Minuten\" \/>\n<script type=\"application\/ld+json\" class=\"yoast-schema-graph\">{\"@context\":\"https:\/\/schema.org\",\"@graph\":[{\"@type\":\"WebPage\",\"@id\":\"https:\/\/www.madeinbz.info\/ein-labor-fur-innovation-und-kreative-ideen\/\",\"url\":\"https:\/\/www.madeinbz.info\/ein-labor-fur-innovation-und-kreative-ideen\/\",\"name\":\"Ein Labor f\u00fcr Innovation und kreative Ideen - Industry is IN\",\"isPartOf\":{\"@id\":\"https:\/\/www.madeinbz.info\/#website\"},\"datePublished\":\"2023-03-08T09:28:06+00:00\",\"dateModified\":\"2023-03-08T09:28:06+00:00\",\"author\":{\"@id\":\"https:\/\/www.madeinbz.info\/#\/schema\/person\/8667a96cd65ac7d583f03cc141336402\"},\"description\":\"Im Entrepreneurship-Lab f\u00fcr Start-Ups an der Universit\u00e4t Bozen werden gemeinsam mit innovativen Unternehmen die Gr\u00fcnderInnen von morgen trainiert.\",\"breadcrumb\":{\"@id\":\"https:\/\/www.madeinbz.info\/ein-labor-fur-innovation-und-kreative-ideen\/#breadcrumb\"},\"inLanguage\":\"de-DE\",\"potentialAction\":[{\"@type\":\"ReadAction\",\"target\":[\"https:\/\/www.madeinbz.info\/ein-labor-fur-innovation-und-kreative-ideen\/\"]}]},{\"@type\":\"BreadcrumbList\",\"@id\":\"https:\/\/www.madeinbz.info\/ein-labor-fur-innovation-und-kreative-ideen\/#breadcrumb\",\"itemListElement\":[{\"@type\":\"ListItem\",\"position\":1,\"name\":\"Home\",\"item\":\"https:\/\/www.madeinbz.info\/\"},{\"@type\":\"ListItem\",\"position\":2,\"name\":\"Ein Labor f\u00fcr Innovation und kreative Ideen\"}]},{\"@type\":\"WebSite\",\"@id\":\"https:\/\/www.madeinbz.info\/#website\",\"url\":\"https:\/\/www.madeinbz.info\/\",\"name\":\"Industry is IN\",\"description\":\"Storie di aziende e persone dell\u2019industria altoatesina\",\"potentialAction\":[{\"@type\":\"SearchAction\",\"target\":{\"@type\":\"EntryPoint\",\"urlTemplate\":\"https:\/\/www.madeinbz.info\/?s={search_term_string}\"},\"query-input\":\"required name=search_term_string\"}],\"inLanguage\":\"de-DE\"},{\"@type\":\"Person\",\"@id\":\"https:\/\/www.madeinbz.info\/#\/schema\/person\/8667a96cd65ac7d583f03cc141336402\",\"name\":\"Mirco Marchiodi\",\"image\":{\"@type\":\"ImageObject\",\"inLanguage\":\"de-DE\",\"@id\":\"https:\/\/www.madeinbz.info\/#\/schema\/person\/image\/\",\"url\":\"https:\/\/secure.gravatar.com\/avatar\/835a55d718e23261f6131ea85ee5056f?s=96&d=mm&r=g\",\"contentUrl\":\"https:\/\/secure.gravatar.com\/avatar\/835a55d718e23261f6131ea85ee5056f?s=96&d=mm&r=g\",\"caption\":\"Mirco Marchiodi\"},\"url\":\"https:\/\/www.industryisin.bz.it\/de\/author\/mirco\/\"}]}<\/script>\n<!-- \/ Yoast SEO plugin. -->","yoast_head_json":{"title":"Ein Labor f\u00fcr Innovation und kreative Ideen - Industry is IN","description":"Im Entrepreneurship-Lab f\u00fcr Start-Ups an der Universit\u00e4t Bozen werden gemeinsam mit innovativen Unternehmen die Gr\u00fcnderInnen von morgen trainiert.","robots":{"index":"index","follow":"follow","max-snippet":"max-snippet:-1","max-image-preview":"max-image-preview:large","max-video-preview":"max-video-preview:-1"},"canonical":"https:\/\/www.madeinbz.info\/ein-labor-fur-innovation-und-kreative-ideen\/","og_locale":"de_DE","og_type":"article","og_title":"Ein Labor f\u00fcr Innovation und kreative Ideen - Industry is IN","og_description":"Im Entrepreneurship-Lab f\u00fcr Start-Ups an der Universit\u00e4t Bozen werden gemeinsam mit innovativen Unternehmen die Gr\u00fcnderInnen von morgen trainiert.","og_url":"https:\/\/www.madeinbz.info\/ein-labor-fur-innovation-und-kreative-ideen\/","og_site_name":"Industry is IN","article_published_time":"2023-03-08T09:28:06+00:00","author":"Mirco Marchiodi","twitter_card":"summary_large_image","twitter_image":"https:\/\/www.industryisin.bz.it\/wp-content\/uploads\/2023\/03\/Bild-e1678267391711.bmp","twitter_misc":{"Verfasst von":"Mirco Marchiodi","Gesch\u00e4tzte Lesezeit":"2 Minuten"},"schema":{"@context":"https:\/\/schema.org","@graph":[{"@type":"WebPage","@id":"https:\/\/www.madeinbz.info\/ein-labor-fur-innovation-und-kreative-ideen\/","url":"https:\/\/www.madeinbz.info\/ein-labor-fur-innovation-und-kreative-ideen\/","name":"Ein Labor f\u00fcr Innovation und kreative Ideen - Industry is IN","isPartOf":{"@id":"https:\/\/www.madeinbz.info\/#website"},"datePublished":"2023-03-08T09:28:06+00:00","dateModified":"2023-03-08T09:28:06+00:00","author":{"@id":"https:\/\/www.madeinbz.info\/#\/schema\/person\/8667a96cd65ac7d583f03cc141336402"},"description":"Im Entrepreneurship-Lab f\u00fcr Start-Ups an der Universit\u00e4t Bozen werden gemeinsam mit innovativen Unternehmen die Gr\u00fcnderInnen von morgen trainiert.","breadcrumb":{"@id":"https:\/\/www.madeinbz.info\/ein-labor-fur-innovation-und-kreative-ideen\/#breadcrumb"},"inLanguage":"de-DE","potentialAction":[{"@type":"ReadAction","target":["https:\/\/www.madeinbz.info\/ein-labor-fur-innovation-und-kreative-ideen\/"]}]},{"@type":"BreadcrumbList","@id":"https:\/\/www.madeinbz.info\/ein-labor-fur-innovation-und-kreative-ideen\/#breadcrumb","itemListElement":[{"@type":"ListItem","position":1,"name":"Home","item":"https:\/\/www.madeinbz.info\/"},{"@type":"ListItem","position":2,"name":"Ein Labor f\u00fcr Innovation und kreative Ideen"}]},{"@type":"WebSite","@id":"https:\/\/www.madeinbz.info\/#website","url":"https:\/\/www.madeinbz.info\/","name":"Industry is IN","description":"Storie di aziende e persone dell\u2019industria altoatesina","potentialAction":[{"@type":"SearchAction","target":{"@type":"EntryPoint","urlTemplate":"https:\/\/www.madeinbz.info\/?s={search_term_string}"},"query-input":"required name=search_term_string"}],"inLanguage":"de-DE"},{"@type":"Person","@id":"https:\/\/www.madeinbz.info\/#\/schema\/person\/8667a96cd65ac7d583f03cc141336402","name":"Mirco Marchiodi","image":{"@type":"ImageObject","inLanguage":"de-DE","@id":"https:\/\/www.madeinbz.info\/#\/schema\/person\/image\/","url":"https:\/\/secure.gravatar.com\/avatar\/835a55d718e23261f6131ea85ee5056f?s=96&d=mm&r=g","contentUrl":"https:\/\/secure.gravatar.com\/avatar\/835a55d718e23261f6131ea85ee5056f?s=96&d=mm&r=g","caption":"Mirco Marchiodi"},"url":"https:\/\/www.industryisin.bz.it\/de\/author\/mirco\/"}]}},"_links":{"self":[{"href":"https:\/\/www.industryisin.bz.it\/de\/wp-json\/wp\/v2\/posts\/7231"}],"collection":[{"href":"https:\/\/www.industryisin.bz.it\/de\/wp-json\/wp\/v2\/posts"}],"about":[{"href":"https:\/\/www.industryisin.bz.it\/de\/wp-json\/wp\/v2\/types\/post"}],"author":[{"embeddable":true,"href":"https:\/\/www.industryisin.bz.it\/de\/wp-json\/wp\/v2\/users\/12"}],"replies":[{"embeddable":true,"href":"https:\/\/www.industryisin.bz.it\/de\/wp-json\/wp\/v2\/comments?post=7231"}],"version-history":[{"count":3,"href":"https:\/\/www.industryisin.bz.it\/de\/wp-json\/wp\/v2\/posts\/7231\/revisions"}],"predecessor-version":[{"id":7234,"href":"https:\/\/www.industryisin.bz.it\/de\/wp-json\/wp\/v2\/posts\/7231\/revisions\/7234"}],"wp:featuredmedia":[{"embeddable":true,"href":"https:\/\/www.industryisin.bz.it\/de\/wp-json\/wp\/v2\/media\/7229"}],"wp:attachment":[{"href":"https:\/\/www.industryisin.bz.it\/de\/wp-json\/wp\/v2\/media?parent=7231"}],"wp:term":[{"taxonomy":"category","embeddable":true,"href":"https:\/\/www.industryisin.bz.it\/de\/wp-json\/wp\/v2\/categories?post=7231"},{"taxonomy":"post_tag","embeddable":true,"href":"https:\/\/www.industryisin.bz.it\/de\/wp-json\/wp\/v2\/tags?post=7231"}],"curies":[{"name":"wp","href":"https:\/\/api.w.org\/{rel}","templated":true}]}}