{"id":6008,"date":"2022-06-09T14:55:32","date_gmt":"2022-06-09T12:55:32","guid":{"rendered":"https:\/\/www.industryisin.bz.it\/?p=6008"},"modified":"2022-06-09T14:55:32","modified_gmt":"2022-06-09T12:55:32","slug":"mut-haben-in-unsicheren-zeiten","status":"publish","type":"post","link":"https:\/\/www.industryisin.bz.it\/de\/mut-haben-in-unsicheren-zeiten\/","title":{"rendered":"Mut haben in unsicheren Zeiten"},"content":{"rendered":"<p>1946 hat Luis Niederfrininger in Bozen sein Unternehmen gegr\u00fcndet. Heute wird <a href=\"https:\/\/www.alpewa.com\/de\/wilkommen-bei-uns-1.html\">Alpewa<\/a> bereits in dritter Generation gef\u00fchrt. Vor kurzem hat man sich entschieden, das Familienunternehmen zu erweitern. Wieso man gerade in so unsicheren Zeiten den Mut dazu haben sollte, erkl\u00e4rt uns Andreas Koler, CEO des Unternehmens.<\/p>\n<h2><strong>Herr Koler, die Zeiten sind mehr als bewegt, zu planen ist schwierig. Dennoch haben Sie entschieden, Ihr Unternehmen in so unsicheren Zeiten zu erweitern. Wieso?<\/strong><\/h2>\n<div id=\"attachment_6015\" style=\"width: 210px\" class=\"wp-caption alignleft\"><img aria-describedby=\"caption-attachment-6015\" decoding=\"async\" loading=\"lazy\" class=\"wp-image-6015 size-medium\" src=\"https:\/\/www.industryisin.bz.it\/wp-content\/uploads\/2022\/06\/XU7A2712-e1654778728734-200x300.jpg\" alt=\"\" width=\"200\" height=\"300\" srcset=\"https:\/\/www.industryisin.bz.it\/wp-content\/uploads\/2022\/06\/XU7A2712-e1654778728734-200x300.jpg 200w, https:\/\/www.industryisin.bz.it\/wp-content\/uploads\/2022\/06\/XU7A2712-e1654778728734-768x1152.jpg 768w, https:\/\/www.industryisin.bz.it\/wp-content\/uploads\/2022\/06\/XU7A2712-e1654778728734-683x1024.jpg 683w, https:\/\/www.industryisin.bz.it\/wp-content\/uploads\/2022\/06\/XU7A2712-e1654778728734-1920x2880.jpg 1920w\" sizes=\"(max-width: 200px) 100vw, 200px\" \/><p id=\"caption-attachment-6015\" class=\"wp-caption-text\">Andreas Koler, CEO der Alpewa, ist \u00fcberzeugt davon, dass Investitionen in die Zukunft gerade in schwierigen Zeiten notwendig sind.<\/p><\/div>\n<p>Die Lagerhalle neben unserem Sitz in der Negrellistra\u00dfe in der Bozner Industriezone stand zum Verkauf. Wir haben nicht lange gez\u00f6gert, denn die Erweiterung unseres Lagers, unserer Produktionshalle und der dazugeh\u00f6rigen B\u00fcrofl\u00e4chen sehen wir als wertvolle Investition f\u00fcr die Zukunft.<\/p>\n<h2><strong>Was ist noch geplant?<\/strong><\/h2>\n<p>Wir werden zudem auch den <strong>Maschinenfuhrpark erweitern<\/strong>, um unseren gesamten Arbeitsprozess zu optimieren und noch flexibler auf Kundenw\u00fcnsche eingehen zu k\u00f6nnen. Von 2 Spaltanlagen werden wir auf 3 aufr\u00fcsten, um schneller arbeiten zu k\u00f6nnen.<\/p>\n<p>Im Zuge der Erweiterung werden wir bis Ende des Jahres auch ein <strong>digitales Lagerwirtschaftssystem<\/strong> einf\u00fchren. Investitionen in die Digitalisierung sind f\u00fcr uns absolut notwendig, um weiterhin ganz vorne mitzuspielen. Die gesamte Erweiterung soll dann Ende des Jahres abgeschlossen sein.<\/p>\n<h2><strong>Einverstanden, Investitionen sind notwendig, aber das Umfeld ist so unsicher wie nie. Corona, explodierende Preise, Krieg, warum ist jetzt trotzdem der richtige Zeitpunkt?<\/strong><\/h2>\n<p>Die schwierigen Monate der Corona Pandemie haben ganz deutlich gezeigt, dass Unternehmen, die sich nicht weiterentwickeln und sich st\u00e4ndig dem Markt und den Kundenbed\u00fcrfnissen anpassen, schnell auf der Strecke bleiben. <strong>Die Entscheidung ist mit Planung und einem Blick f\u00fcr das gro\u00dfe Ganze verbunden<\/strong>.<\/p>\n<h2><strong>Wie sehen Sie grunds\u00e4tzlich die Entwicklung in den kommenden Monaten f\u00fcr Ihr Unternehmen? <\/strong><\/h2>\n<p><strong>Die aktuellen Herausforderungen in der Baubrache zwingen uns dazu, Prozesse zu \u00fcberdenken und anzupassen, und dies ist ja nicht falsch.<\/strong> Wir sehen die Weiterentwicklung auch in den kommenden Monaten als sehr positiv.<\/p>\n<h2><strong>Wo liegen die gr\u00f6\u00dften Herausforderungen? <\/strong><\/h2>\n<p>Die wohl gr\u00f6\u00dfte Herausforderung f\u00fcr die Baubrache ist sich mit der <strong>Rohstoffknappheit<\/strong> und den <strong>Lieferengp\u00e4ssen<\/strong> auseinanderzusetzen. Die Preise auf Rekordniveau, die geringe Verf\u00fcgbarkeit von Material erschwert es, Prozesse lang, und auch kurzfristig, zu planen und umzusetzen. Aber nicht nur an Rohstoffen mangelt es, besonders der Dauertrend des <strong>Fachkr\u00e4fte- und Personalmangels<\/strong> entwickelt sich immer mehr zu einer Herausforderung. Da muss man als Unternehmen absolut attraktiv sein, um die besten Mitarbeiter f\u00fcr sich gewinnen zu k\u00f6nnen.<\/p>\n<p>\u00dcber die Rohstoffpreise haben wir mit Andreas Koler bereits zu Beginn der Krise im April 2021 gesprochen:\u00a0<a href=\"https:\/\/www.industryisin.bz.it\/steigende-rohstoffpreise\/\">https:\/\/www.industryisin.bz.it\/steigende-rohstoffpreise\/<\/a><\/p>\n<p>&nbsp;<\/p>\n<p>&nbsp;<\/p>\n<p><strong>\u00a0<\/strong><\/p>\n<p>&nbsp;<\/p>\n","protected":false},"excerpt":{"rendered":"<p>1946 hat Luis Niederfrininger in Bozen sein Unternehmen gegr\u00fcndet. Heute wird Alpewa bereits in dritter Generation gef\u00fchrt. Vor kurzem hat man sich entschieden, das Familienunternehmen zu erweitern. Wieso man gerade in so unsicheren Zeiten den Mut dazu haben sollte, erkl\u00e4rt uns Andreas Koler, CEO des Unternehmens. Herr Koler, die Zeiten sind mehr als bewegt, zu [&hellip;]<\/p>\n","protected":false},"author":13,"featured_media":6018,"comment_status":"closed","ping_status":"open","sticky":false,"template":"","format":"standard","meta":{"footnotes":""},"categories":[47],"tags":[367,634,635],"acf":[],"yoast_head":"<!-- This site is optimized with the Yoast SEO plugin v21.4 - https:\/\/yoast.com\/wordpress\/plugins\/seo\/ -->\n<title>Mut haben in unsicheren Zeiten - Industry is IN<\/title>\n<meta name=\"description\" content=\"Wieso es gerade in unsicheren Zeiten Mut braucht, um nach vorne zu blicken und zu investieren, erkl\u00e4rt uns der CEO der Alpewa, Andreas Koler.\" \/>\n<meta name=\"robots\" content=\"index, follow, max-snippet:-1, max-image-preview:large, max-video-preview:-1\" \/>\n<link rel=\"canonical\" href=\"https:\/\/www.madeinbz.info\/mut-haben-in-unsicheren-zeiten\/\" \/>\n<meta property=\"og:locale\" content=\"de_DE\" \/>\n<meta property=\"og:type\" content=\"article\" \/>\n<meta property=\"og:title\" content=\"Mut haben in unsicheren Zeiten - Industry is IN\" \/>\n<meta property=\"og:description\" content=\"Wieso es gerade in unsicheren Zeiten Mut braucht, um nach vorne zu blicken und zu investieren, erkl\u00e4rt uns der CEO der Alpewa, Andreas Koler.\" \/>\n<meta property=\"og:url\" content=\"https:\/\/www.madeinbz.info\/mut-haben-in-unsicheren-zeiten\/\" \/>\n<meta property=\"og:site_name\" content=\"Industry is IN\" \/>\n<meta property=\"article:published_time\" content=\"2022-06-09T12:55:32+00:00\" \/>\n<meta property=\"og:image\" content=\"https:\/\/www.madeinbz.info\/wp-content\/uploads\/2022\/06\/TitelbildAlpewa-1024x751.png\" \/>\n\t<meta property=\"og:image:width\" content=\"1024\" \/>\n\t<meta property=\"og:image:height\" content=\"751\" \/>\n\t<meta property=\"og:image:type\" content=\"image\/png\" \/>\n<meta name=\"author\" content=\"Angelika Bayer\" \/>\n<meta name=\"twitter:card\" content=\"summary_large_image\" \/>\n<meta name=\"twitter:label1\" content=\"Verfasst von\" \/>\n\t<meta name=\"twitter:data1\" content=\"Angelika Bayer\" \/>\n\t<meta name=\"twitter:label2\" content=\"Gesch\u00e4tzte Lesezeit\" \/>\n\t<meta name=\"twitter:data2\" content=\"2 Minuten\" \/>\n<script type=\"application\/ld+json\" class=\"yoast-schema-graph\">{\"@context\":\"https:\/\/schema.org\",\"@graph\":[{\"@type\":\"WebPage\",\"@id\":\"https:\/\/www.madeinbz.info\/mut-haben-in-unsicheren-zeiten\/\",\"url\":\"https:\/\/www.madeinbz.info\/mut-haben-in-unsicheren-zeiten\/\",\"name\":\"Mut haben in unsicheren Zeiten - Industry is IN\",\"isPartOf\":{\"@id\":\"https:\/\/www.madeinbz.info\/#website\"},\"datePublished\":\"2022-06-09T12:55:32+00:00\",\"dateModified\":\"2022-06-09T12:55:32+00:00\",\"author\":{\"@id\":\"https:\/\/www.madeinbz.info\/#\/schema\/person\/2c37e5aeb0f02de7cca30cb97ffc38e8\"},\"description\":\"Wieso es gerade in unsicheren Zeiten Mut braucht, um nach vorne zu blicken und zu investieren, erkl\u00e4rt uns der CEO der Alpewa, Andreas Koler.\",\"breadcrumb\":{\"@id\":\"https:\/\/www.madeinbz.info\/mut-haben-in-unsicheren-zeiten\/#breadcrumb\"},\"inLanguage\":\"de-DE\",\"potentialAction\":[{\"@type\":\"ReadAction\",\"target\":[\"https:\/\/www.madeinbz.info\/mut-haben-in-unsicheren-zeiten\/\"]}]},{\"@type\":\"BreadcrumbList\",\"@id\":\"https:\/\/www.madeinbz.info\/mut-haben-in-unsicheren-zeiten\/#breadcrumb\",\"itemListElement\":[{\"@type\":\"ListItem\",\"position\":1,\"name\":\"Home\",\"item\":\"https:\/\/www.madeinbz.info\/\"},{\"@type\":\"ListItem\",\"position\":2,\"name\":\"Mut haben in unsicheren Zeiten\"}]},{\"@type\":\"WebSite\",\"@id\":\"https:\/\/www.madeinbz.info\/#website\",\"url\":\"https:\/\/www.madeinbz.info\/\",\"name\":\"Industry is IN\",\"description\":\"Storie di aziende e persone dell\u2019industria altoatesina\",\"potentialAction\":[{\"@type\":\"SearchAction\",\"target\":{\"@type\":\"EntryPoint\",\"urlTemplate\":\"https:\/\/www.madeinbz.info\/?s={search_term_string}\"},\"query-input\":\"required name=search_term_string\"}],\"inLanguage\":\"de-DE\"},{\"@type\":\"Person\",\"@id\":\"https:\/\/www.madeinbz.info\/#\/schema\/person\/2c37e5aeb0f02de7cca30cb97ffc38e8\",\"name\":\"Angelika Bayer\",\"image\":{\"@type\":\"ImageObject\",\"inLanguage\":\"de-DE\",\"@id\":\"https:\/\/www.madeinbz.info\/#\/schema\/person\/image\/\",\"url\":\"https:\/\/secure.gravatar.com\/avatar\/d5d603996af27fc843daae65ef659f93?s=96&d=mm&r=g\",\"contentUrl\":\"https:\/\/secure.gravatar.com\/avatar\/d5d603996af27fc843daae65ef659f93?s=96&d=mm&r=g\",\"caption\":\"Angelika Bayer\"},\"url\":\"https:\/\/www.industryisin.bz.it\/de\/author\/angelika\/\"}]}<\/script>\n<!-- \/ Yoast SEO plugin. -->","yoast_head_json":{"title":"Mut haben in unsicheren Zeiten - Industry is IN","description":"Wieso es gerade in unsicheren Zeiten Mut braucht, um nach vorne zu blicken und zu investieren, erkl\u00e4rt uns der CEO der Alpewa, Andreas Koler.","robots":{"index":"index","follow":"follow","max-snippet":"max-snippet:-1","max-image-preview":"max-image-preview:large","max-video-preview":"max-video-preview:-1"},"canonical":"https:\/\/www.madeinbz.info\/mut-haben-in-unsicheren-zeiten\/","og_locale":"de_DE","og_type":"article","og_title":"Mut haben in unsicheren Zeiten - Industry is IN","og_description":"Wieso es gerade in unsicheren Zeiten Mut braucht, um nach vorne zu blicken und zu investieren, erkl\u00e4rt uns der CEO der Alpewa, Andreas Koler.","og_url":"https:\/\/www.madeinbz.info\/mut-haben-in-unsicheren-zeiten\/","og_site_name":"Industry is IN","article_published_time":"2022-06-09T12:55:32+00:00","og_image":[{"width":1024,"height":751,"url":"https:\/\/www.madeinbz.info\/wp-content\/uploads\/2022\/06\/TitelbildAlpewa-1024x751.png","type":"image\/png"}],"author":"Angelika Bayer","twitter_card":"summary_large_image","twitter_misc":{"Verfasst von":"Angelika Bayer","Gesch\u00e4tzte Lesezeit":"2 Minuten"},"schema":{"@context":"https:\/\/schema.org","@graph":[{"@type":"WebPage","@id":"https:\/\/www.madeinbz.info\/mut-haben-in-unsicheren-zeiten\/","url":"https:\/\/www.madeinbz.info\/mut-haben-in-unsicheren-zeiten\/","name":"Mut haben in unsicheren Zeiten - Industry is IN","isPartOf":{"@id":"https:\/\/www.madeinbz.info\/#website"},"datePublished":"2022-06-09T12:55:32+00:00","dateModified":"2022-06-09T12:55:32+00:00","author":{"@id":"https:\/\/www.madeinbz.info\/#\/schema\/person\/2c37e5aeb0f02de7cca30cb97ffc38e8"},"description":"Wieso es gerade in unsicheren Zeiten Mut braucht, um nach vorne zu blicken und zu investieren, erkl\u00e4rt uns der CEO der Alpewa, Andreas Koler.","breadcrumb":{"@id":"https:\/\/www.madeinbz.info\/mut-haben-in-unsicheren-zeiten\/#breadcrumb"},"inLanguage":"de-DE","potentialAction":[{"@type":"ReadAction","target":["https:\/\/www.madeinbz.info\/mut-haben-in-unsicheren-zeiten\/"]}]},{"@type":"BreadcrumbList","@id":"https:\/\/www.madeinbz.info\/mut-haben-in-unsicheren-zeiten\/#breadcrumb","itemListElement":[{"@type":"ListItem","position":1,"name":"Home","item":"https:\/\/www.madeinbz.info\/"},{"@type":"ListItem","position":2,"name":"Mut haben in unsicheren Zeiten"}]},{"@type":"WebSite","@id":"https:\/\/www.madeinbz.info\/#website","url":"https:\/\/www.madeinbz.info\/","name":"Industry is IN","description":"Storie di aziende e persone dell\u2019industria altoatesina","potentialAction":[{"@type":"SearchAction","target":{"@type":"EntryPoint","urlTemplate":"https:\/\/www.madeinbz.info\/?s={search_term_string}"},"query-input":"required name=search_term_string"}],"inLanguage":"de-DE"},{"@type":"Person","@id":"https:\/\/www.madeinbz.info\/#\/schema\/person\/2c37e5aeb0f02de7cca30cb97ffc38e8","name":"Angelika Bayer","image":{"@type":"ImageObject","inLanguage":"de-DE","@id":"https:\/\/www.madeinbz.info\/#\/schema\/person\/image\/","url":"https:\/\/secure.gravatar.com\/avatar\/d5d603996af27fc843daae65ef659f93?s=96&d=mm&r=g","contentUrl":"https:\/\/secure.gravatar.com\/avatar\/d5d603996af27fc843daae65ef659f93?s=96&d=mm&r=g","caption":"Angelika Bayer"},"url":"https:\/\/www.industryisin.bz.it\/de\/author\/angelika\/"}]}},"_links":{"self":[{"href":"https:\/\/www.industryisin.bz.it\/de\/wp-json\/wp\/v2\/posts\/6008"}],"collection":[{"href":"https:\/\/www.industryisin.bz.it\/de\/wp-json\/wp\/v2\/posts"}],"about":[{"href":"https:\/\/www.industryisin.bz.it\/de\/wp-json\/wp\/v2\/types\/post"}],"author":[{"embeddable":true,"href":"https:\/\/www.industryisin.bz.it\/de\/wp-json\/wp\/v2\/users\/13"}],"replies":[{"embeddable":true,"href":"https:\/\/www.industryisin.bz.it\/de\/wp-json\/wp\/v2\/comments?post=6008"}],"version-history":[{"count":7,"href":"https:\/\/www.industryisin.bz.it\/de\/wp-json\/wp\/v2\/posts\/6008\/revisions"}],"predecessor-version":[{"id":6023,"href":"https:\/\/www.industryisin.bz.it\/de\/wp-json\/wp\/v2\/posts\/6008\/revisions\/6023"}],"wp:featuredmedia":[{"embeddable":true,"href":"https:\/\/www.industryisin.bz.it\/de\/wp-json\/wp\/v2\/media\/6018"}],"wp:attachment":[{"href":"https:\/\/www.industryisin.bz.it\/de\/wp-json\/wp\/v2\/media?parent=6008"}],"wp:term":[{"taxonomy":"category","embeddable":true,"href":"https:\/\/www.industryisin.bz.it\/de\/wp-json\/wp\/v2\/categories?post=6008"},{"taxonomy":"post_tag","embeddable":true,"href":"https:\/\/www.industryisin.bz.it\/de\/wp-json\/wp\/v2\/tags?post=6008"}],"curies":[{"name":"wp","href":"https:\/\/api.w.org\/{rel}","templated":true}]}}