{"id":5843,"date":"2022-03-10T15:03:09","date_gmt":"2022-03-10T14:03:09","guid":{"rendered":"https:\/\/www.industryisin.bz.it\/?p=5843"},"modified":"2022-03-10T15:03:09","modified_gmt":"2022-03-10T14:03:09","slug":"nachhaltigkeit-heist-verwenden-was-wir-bereits-haben","status":"publish","type":"post","link":"https:\/\/www.industryisin.bz.it\/de\/nachhaltigkeit-heist-verwenden-was-wir-bereits-haben\/","title":{"rendered":"Nachhaltigkeit hei\u00dft, verwenden, was wir bereits haben"},"content":{"rendered":"<p>Zur Erntezeit sind sie in S\u00fcdtirol \u00fcberall pr\u00e4sent \u2013 die Rede ist von den Obstkisten. Einer der wichtigsten Produzenten dieser Kisten ist das Unternehmen <a href=\"https:\/\/www.palbox.it\/de\/\">Palbox<\/a> in Neumarkt. Daniele Scherbi, Product und Project Manager des Unternehmens, hat uns davon \u00fcberzeugt, dass Nachhaltigkeit auch bei so einem traditionellen Produkt aus Plastik m\u00f6glich ist.<\/p>\n<h2><strong>Nachhaltigkeit ist immer zentraler <\/strong><\/h2>\n<p>Palbox produziert seit 1972 Kisten aus Plastik, die insbesondere f\u00fcr die Apfelernte und -lagerung konzipiert sind. \u201eDas Thema Nachhaltigkeit ist in den vergangenen Jahren f\u00fcr uns immer zentraler geworden. Wir haben uns bei unserer Analyse aber nicht nur auf das Produkt an sich konzentriert, sondern auch auf alles, was damit verbunden ist: <strong>wir wollten wissen, welchen Einfluss hat das Produkt auf die Umwelt w\u00e4hrend seines gesamten Lebenszyklus<\/strong>. Wir reden hierbei in etwa von 20 Jahren\u201c, erkl\u00e4rt Daniele Scherbi.<\/p>\n<h2><strong>20 Prozent leichter<\/strong><\/h2>\n<div id=\"attachment_5849\" style=\"width: 238px\" class=\"wp-caption alignleft\"><img aria-describedby=\"caption-attachment-5849\" decoding=\"async\" loading=\"lazy\" class=\"wp-image-5849 size-full\" src=\"https:\/\/www.industryisin.bz.it\/wp-content\/uploads\/2022\/03\/Scherbi_Daniele.png\" alt=\"\" width=\"228\" height=\"292\" \/><p id=\"caption-attachment-5849\" class=\"wp-caption-text\">Daniele Scherbi ist Product und Project Manager der Palbox AG mit Sitz in Neumarkt.<\/p><\/div>\n<p>Deutlich wurde dabei, dass dem Gewicht der Box eine bedeutende Rolle zukommt. <strong>Je leichter, umso weniger Kilos m\u00fcssen transportiert werden, umso geringer ist der CO2-Ausstoss der Fahrzeuge.<\/strong> \u201eEs ist uns gelungen, eine Kiste herzustellen, die um 20 Prozent weniger Gewicht hat\u201c, so Scherbi.<\/p>\n<h2><strong>Efeuranke<\/strong><\/h2>\n<div id=\"attachment_5851\" style=\"width: 303px\" class=\"wp-caption alignright\"><img aria-describedby=\"caption-attachment-5851\" decoding=\"async\" loading=\"lazy\" class=\"wp-image-5851 size-medium\" src=\"https:\/\/www.industryisin.bz.it\/wp-content\/uploads\/2022\/03\/Palbox_ivy-293x300.png\" alt=\"\" width=\"293\" height=\"300\" srcset=\"https:\/\/www.industryisin.bz.it\/wp-content\/uploads\/2022\/03\/Palbox_ivy-293x300.png 293w, https:\/\/www.industryisin.bz.it\/wp-content\/uploads\/2022\/03\/Palbox_ivy.png 586w\" sizes=\"(max-width: 293px) 100vw, 293px\" \/><p id=\"caption-attachment-5851\" class=\"wp-caption-text\">Mit einer Efeuranke verziert ist das neue Produkt von Palbox.<\/p><\/div>\n<p>Auch \u00e4sthetisch wurde das Produkt wesentlich verbessert: Das Design ist vom Efeu inspiriert. Wenn die Kisten gestapelt werden, entsteht ein durchgehendes Muster \u2013 <strong>Efeu, der w\u00e4chst<\/strong>. Daher auch der Name \u201eIvy\u201c f\u00fcr die neue Kiste.<\/p>\n<h2><strong>Nachhaltigkeit: Komplett recyclebares Produkt<\/strong><\/h2>\n<p>Besonders stolz ist man bei Palbox aber darauf, dass die <strong>Kiste vollst\u00e4ndig recyclebar<\/strong> ist. \u201eWir haben in unserem Unternehmen eine komplett eigenst\u00e4ndige <strong>Recyclinganlage<\/strong>, die es uns erm\u00f6glicht, das gesamte Produkt wiederzuverwerten. Am Ende des Lebenszyklus sammeln wir die Obstkisten wieder ein und bringen sie zu uns ins Unternehmen, um sie wiederzuverwerten. Zuerst wird das Plastik zerkleinert, danach gemahlen. So wird nichts in der Umwelt zur\u00fcckgelassen und das Produkt erh\u00e4lt ein zweites Leben.\u201c<\/p>\n<h2><strong>Zweites Leben &#8211; Nachhaltigkeit\u00a0<\/strong><\/h2>\n<p>Leider gibt es dann ein Problem, wie Scherbi erkl\u00e4rt: \u201eDie EU l\u00e4sst es derzeit nicht zu, das recyceltes Plastik im Lebensmittelbereich wiederverwendet wird. Unser Ziel w\u00e4re es nat\u00fcrlich, dieses Material wieder zur Herstellung von Kisten zu verwenden. Wir hoffen, dass sich die Politik von der Notwendigkeit der <strong>Kreislaufwirtschaft<\/strong> auch in diesem Bereich \u00fcberzeugen l\u00e4sst.\u201c In der Zwischenzeit wird das Plastik zur Herstellung anderer Produkte verwendet.<\/p>\n<h2><strong>Ausbildung f\u00fcr Fachkr\u00e4fte gefragt<\/strong><\/h2>\n<p>Palbox will das gleiche Verfahren, dass in Neumarkt zur Anwendung kommt, nun auch in den beiden Werken in \u00d6sterreich und Frankreich einf\u00fchren. \u201e<strong>Leider fehlen uns die Fachkr\u00e4fte<\/strong> daf\u00fcr. Materialtechniker, Techniker, die den Materialen ein zweites Leben geben k\u00f6nnen &#8211; durch die Verarbeitung verliert das Plastik einige seiner Eigenschaften, deshalb braucht es daf\u00fcr Experten und entsprechende Ausbildungsm\u00f6glichkeiten. \u201eGemeinsam mit den gr\u00f6\u00dften Plastikherstellern in Europa machen wir Druck, dass derartige Ausbildungsm\u00f6glichkeiten entstehen.\u201c<\/p>\n<h2><strong>Nicht M\u00fcll, sondern Ressourcen<\/strong><\/h2>\n<p>Nachhaltigkeit ist f\u00fcr Scherbi, dass zu verwenden, was wir bereits haben: \u201e<strong>Wir m\u00fcssen verstehen, dass wir nicht von M\u00fcll, sondern von Ressourcen umgeben sind.<\/strong> Unser Unternehmen wird genau hier investieren, denn f\u00fcr uns liegt der einzige Weg darin, diese Ressourcen zu nutzen.\u201c<\/p>\n<p>&nbsp;<\/p>\n","protected":false},"excerpt":{"rendered":"<p>Zur Erntezeit sind sie in S\u00fcdtirol \u00fcberall pr\u00e4sent \u2013 die Rede ist von den Obstkisten. Einer der wichtigsten Produzenten dieser Kisten ist das Unternehmen Palbox in Neumarkt. Daniele Scherbi, Product und Project Manager des Unternehmens, hat uns davon \u00fcberzeugt, dass Nachhaltigkeit auch bei so einem traditionellen Produkt aus Plastik m\u00f6glich ist. Nachhaltigkeit ist immer zentraler [&hellip;]<\/p>\n","protected":false},"author":13,"featured_media":5847,"comment_status":"closed","ping_status":"open","sticky":false,"template":"","format":"standard","meta":{"footnotes":""},"categories":[47],"tags":[154,606,605],"acf":[],"yoast_head":"<!-- This site is optimized with the Yoast SEO plugin v21.4 - https:\/\/yoast.com\/wordpress\/plugins\/seo\/ -->\n<title>Nachhaltigkeit hei\u00dft, verwenden, was wir bereits haben - Industry is IN<\/title>\n<meta name=\"description\" content=\"Zur Erntezeit sind sie in S\u00fcdtirol \u00fcberall pr\u00e4sent \u2013 die Obstkisten. Daniele Scherbi (Palbox) hat uns \u00fcberzeugt, dass auch hier Nachhaltigkeit m\u00f6glich ist.\" \/>\n<meta name=\"robots\" content=\"index, follow, max-snippet:-1, max-image-preview:large, max-video-preview:-1\" \/>\n<link rel=\"canonical\" href=\"https:\/\/www.madeinbz.info\/nachhaltigkeit-heist-verwenden-was-wir-bereits-haben\/\" \/>\n<meta property=\"og:locale\" content=\"de_DE\" \/>\n<meta property=\"og:type\" content=\"article\" \/>\n<meta property=\"og:title\" content=\"Nachhaltigkeit hei\u00dft, verwenden, was wir bereits haben - Industry is IN\" \/>\n<meta property=\"og:description\" content=\"Zur Erntezeit sind sie in S\u00fcdtirol \u00fcberall pr\u00e4sent \u2013 die Obstkisten. Daniele Scherbi (Palbox) hat uns \u00fcberzeugt, dass auch hier Nachhaltigkeit m\u00f6glich ist.\" \/>\n<meta property=\"og:url\" content=\"https:\/\/www.madeinbz.info\/nachhaltigkeit-heist-verwenden-was-wir-bereits-haben\/\" \/>\n<meta property=\"og:site_name\" content=\"Industry is IN\" \/>\n<meta property=\"article:published_time\" content=\"2022-03-10T14:03:09+00:00\" \/>\n<meta property=\"og:image\" content=\"https:\/\/www.madeinbz.info\/wp-content\/uploads\/2022\/03\/Palbox_Titel.jpg.png\" \/>\n\t<meta property=\"og:image:width\" content=\"1195\" \/>\n\t<meta property=\"og:image:height\" content=\"447\" \/>\n\t<meta property=\"og:image:type\" content=\"image\/png\" \/>\n<meta name=\"author\" content=\"Angelika Bayer\" \/>\n<meta name=\"twitter:card\" content=\"summary_large_image\" \/>\n<meta name=\"twitter:label1\" content=\"Verfasst von\" \/>\n\t<meta name=\"twitter:data1\" content=\"Angelika Bayer\" \/>\n\t<meta name=\"twitter:label2\" content=\"Gesch\u00e4tzte Lesezeit\" \/>\n\t<meta name=\"twitter:data2\" content=\"3 Minuten\" \/>\n<script type=\"application\/ld+json\" class=\"yoast-schema-graph\">{\"@context\":\"https:\/\/schema.org\",\"@graph\":[{\"@type\":\"WebPage\",\"@id\":\"https:\/\/www.madeinbz.info\/nachhaltigkeit-heist-verwenden-was-wir-bereits-haben\/\",\"url\":\"https:\/\/www.madeinbz.info\/nachhaltigkeit-heist-verwenden-was-wir-bereits-haben\/\",\"name\":\"Nachhaltigkeit hei\u00dft, verwenden, was wir bereits haben - Industry is IN\",\"isPartOf\":{\"@id\":\"https:\/\/www.madeinbz.info\/#website\"},\"datePublished\":\"2022-03-10T14:03:09+00:00\",\"dateModified\":\"2022-03-10T14:03:09+00:00\",\"author\":{\"@id\":\"https:\/\/www.madeinbz.info\/#\/schema\/person\/2c37e5aeb0f02de7cca30cb97ffc38e8\"},\"description\":\"Zur Erntezeit sind sie in S\u00fcdtirol \u00fcberall pr\u00e4sent \u2013 die Obstkisten. Daniele Scherbi (Palbox) hat uns \u00fcberzeugt, dass auch hier Nachhaltigkeit m\u00f6glich ist.\",\"breadcrumb\":{\"@id\":\"https:\/\/www.madeinbz.info\/nachhaltigkeit-heist-verwenden-was-wir-bereits-haben\/#breadcrumb\"},\"inLanguage\":\"de-DE\",\"potentialAction\":[{\"@type\":\"ReadAction\",\"target\":[\"https:\/\/www.madeinbz.info\/nachhaltigkeit-heist-verwenden-was-wir-bereits-haben\/\"]}]},{\"@type\":\"BreadcrumbList\",\"@id\":\"https:\/\/www.madeinbz.info\/nachhaltigkeit-heist-verwenden-was-wir-bereits-haben\/#breadcrumb\",\"itemListElement\":[{\"@type\":\"ListItem\",\"position\":1,\"name\":\"Home\",\"item\":\"https:\/\/www.madeinbz.info\/\"},{\"@type\":\"ListItem\",\"position\":2,\"name\":\"Nachhaltigkeit hei\u00dft, verwenden, was wir bereits haben\"}]},{\"@type\":\"WebSite\",\"@id\":\"https:\/\/www.madeinbz.info\/#website\",\"url\":\"https:\/\/www.madeinbz.info\/\",\"name\":\"Industry is IN\",\"description\":\"Storie di aziende e persone dell\u2019industria altoatesina\",\"potentialAction\":[{\"@type\":\"SearchAction\",\"target\":{\"@type\":\"EntryPoint\",\"urlTemplate\":\"https:\/\/www.madeinbz.info\/?s={search_term_string}\"},\"query-input\":\"required name=search_term_string\"}],\"inLanguage\":\"de-DE\"},{\"@type\":\"Person\",\"@id\":\"https:\/\/www.madeinbz.info\/#\/schema\/person\/2c37e5aeb0f02de7cca30cb97ffc38e8\",\"name\":\"Angelika Bayer\",\"image\":{\"@type\":\"ImageObject\",\"inLanguage\":\"de-DE\",\"@id\":\"https:\/\/www.madeinbz.info\/#\/schema\/person\/image\/\",\"url\":\"https:\/\/secure.gravatar.com\/avatar\/d5d603996af27fc843daae65ef659f93?s=96&d=mm&r=g\",\"contentUrl\":\"https:\/\/secure.gravatar.com\/avatar\/d5d603996af27fc843daae65ef659f93?s=96&d=mm&r=g\",\"caption\":\"Angelika Bayer\"},\"url\":\"https:\/\/www.industryisin.bz.it\/de\/author\/angelika\/\"}]}<\/script>\n<!-- \/ Yoast SEO plugin. -->","yoast_head_json":{"title":"Nachhaltigkeit hei\u00dft, verwenden, was wir bereits haben - Industry is IN","description":"Zur Erntezeit sind sie in S\u00fcdtirol \u00fcberall pr\u00e4sent \u2013 die Obstkisten. Daniele Scherbi (Palbox) hat uns \u00fcberzeugt, dass auch hier Nachhaltigkeit m\u00f6glich ist.","robots":{"index":"index","follow":"follow","max-snippet":"max-snippet:-1","max-image-preview":"max-image-preview:large","max-video-preview":"max-video-preview:-1"},"canonical":"https:\/\/www.madeinbz.info\/nachhaltigkeit-heist-verwenden-was-wir-bereits-haben\/","og_locale":"de_DE","og_type":"article","og_title":"Nachhaltigkeit hei\u00dft, verwenden, was wir bereits haben - Industry is IN","og_description":"Zur Erntezeit sind sie in S\u00fcdtirol \u00fcberall pr\u00e4sent \u2013 die Obstkisten. Daniele Scherbi (Palbox) hat uns \u00fcberzeugt, dass auch hier Nachhaltigkeit m\u00f6glich ist.","og_url":"https:\/\/www.madeinbz.info\/nachhaltigkeit-heist-verwenden-was-wir-bereits-haben\/","og_site_name":"Industry is IN","article_published_time":"2022-03-10T14:03:09+00:00","og_image":[{"width":1195,"height":447,"url":"https:\/\/www.madeinbz.info\/wp-content\/uploads\/2022\/03\/Palbox_Titel.jpg.png","type":"image\/png"}],"author":"Angelika Bayer","twitter_card":"summary_large_image","twitter_misc":{"Verfasst von":"Angelika Bayer","Gesch\u00e4tzte Lesezeit":"3 Minuten"},"schema":{"@context":"https:\/\/schema.org","@graph":[{"@type":"WebPage","@id":"https:\/\/www.madeinbz.info\/nachhaltigkeit-heist-verwenden-was-wir-bereits-haben\/","url":"https:\/\/www.madeinbz.info\/nachhaltigkeit-heist-verwenden-was-wir-bereits-haben\/","name":"Nachhaltigkeit hei\u00dft, verwenden, was wir bereits haben - Industry is IN","isPartOf":{"@id":"https:\/\/www.madeinbz.info\/#website"},"datePublished":"2022-03-10T14:03:09+00:00","dateModified":"2022-03-10T14:03:09+00:00","author":{"@id":"https:\/\/www.madeinbz.info\/#\/schema\/person\/2c37e5aeb0f02de7cca30cb97ffc38e8"},"description":"Zur Erntezeit sind sie in S\u00fcdtirol \u00fcberall pr\u00e4sent \u2013 die Obstkisten. Daniele Scherbi (Palbox) hat uns \u00fcberzeugt, dass auch hier Nachhaltigkeit m\u00f6glich ist.","breadcrumb":{"@id":"https:\/\/www.madeinbz.info\/nachhaltigkeit-heist-verwenden-was-wir-bereits-haben\/#breadcrumb"},"inLanguage":"de-DE","potentialAction":[{"@type":"ReadAction","target":["https:\/\/www.madeinbz.info\/nachhaltigkeit-heist-verwenden-was-wir-bereits-haben\/"]}]},{"@type":"BreadcrumbList","@id":"https:\/\/www.madeinbz.info\/nachhaltigkeit-heist-verwenden-was-wir-bereits-haben\/#breadcrumb","itemListElement":[{"@type":"ListItem","position":1,"name":"Home","item":"https:\/\/www.madeinbz.info\/"},{"@type":"ListItem","position":2,"name":"Nachhaltigkeit hei\u00dft, verwenden, was wir bereits haben"}]},{"@type":"WebSite","@id":"https:\/\/www.madeinbz.info\/#website","url":"https:\/\/www.madeinbz.info\/","name":"Industry is IN","description":"Storie di aziende e persone dell\u2019industria altoatesina","potentialAction":[{"@type":"SearchAction","target":{"@type":"EntryPoint","urlTemplate":"https:\/\/www.madeinbz.info\/?s={search_term_string}"},"query-input":"required name=search_term_string"}],"inLanguage":"de-DE"},{"@type":"Person","@id":"https:\/\/www.madeinbz.info\/#\/schema\/person\/2c37e5aeb0f02de7cca30cb97ffc38e8","name":"Angelika Bayer","image":{"@type":"ImageObject","inLanguage":"de-DE","@id":"https:\/\/www.madeinbz.info\/#\/schema\/person\/image\/","url":"https:\/\/secure.gravatar.com\/avatar\/d5d603996af27fc843daae65ef659f93?s=96&d=mm&r=g","contentUrl":"https:\/\/secure.gravatar.com\/avatar\/d5d603996af27fc843daae65ef659f93?s=96&d=mm&r=g","caption":"Angelika Bayer"},"url":"https:\/\/www.industryisin.bz.it\/de\/author\/angelika\/"}]}},"_links":{"self":[{"href":"https:\/\/www.industryisin.bz.it\/de\/wp-json\/wp\/v2\/posts\/5843"}],"collection":[{"href":"https:\/\/www.industryisin.bz.it\/de\/wp-json\/wp\/v2\/posts"}],"about":[{"href":"https:\/\/www.industryisin.bz.it\/de\/wp-json\/wp\/v2\/types\/post"}],"author":[{"embeddable":true,"href":"https:\/\/www.industryisin.bz.it\/de\/wp-json\/wp\/v2\/users\/13"}],"replies":[{"embeddable":true,"href":"https:\/\/www.industryisin.bz.it\/de\/wp-json\/wp\/v2\/comments?post=5843"}],"version-history":[{"count":4,"href":"https:\/\/www.industryisin.bz.it\/de\/wp-json\/wp\/v2\/posts\/5843\/revisions"}],"predecessor-version":[{"id":5855,"href":"https:\/\/www.industryisin.bz.it\/de\/wp-json\/wp\/v2\/posts\/5843\/revisions\/5855"}],"wp:featuredmedia":[{"embeddable":true,"href":"https:\/\/www.industryisin.bz.it\/de\/wp-json\/wp\/v2\/media\/5847"}],"wp:attachment":[{"href":"https:\/\/www.industryisin.bz.it\/de\/wp-json\/wp\/v2\/media?parent=5843"}],"wp:term":[{"taxonomy":"category","embeddable":true,"href":"https:\/\/www.industryisin.bz.it\/de\/wp-json\/wp\/v2\/categories?post=5843"},{"taxonomy":"post_tag","embeddable":true,"href":"https:\/\/www.industryisin.bz.it\/de\/wp-json\/wp\/v2\/tags?post=5843"}],"curies":[{"name":"wp","href":"https:\/\/api.w.org\/{rel}","templated":true}]}}