{"id":5821,"date":"2022-02-24T09:35:47","date_gmt":"2022-02-24T08:35:47","guid":{"rendered":"https:\/\/www.industryisin.bz.it\/?p=5821"},"modified":"2022-02-24T09:35:47","modified_gmt":"2022-02-24T08:35:47","slug":"die-arbeitswelt-von-morgen","status":"publish","type":"post","link":"https:\/\/www.industryisin.bz.it\/de\/die-arbeitswelt-von-morgen\/","title":{"rendered":"Die Arbeitswelt von morgen"},"content":{"rendered":"<p>Corona hat die Arbeitswelt ver\u00e4ndert, das steht au\u00dfer Zweifel. Doch was bleibt? Welche positiven, aber auch welche negativen Auswirkungen bringen diese Ver\u00e4nderungen mit sich? Wie sieht die Arbeitswelt von morgen aus? Wir haben mit Elisabeth Pfattner, HR-Manager und Leiterin des Finanzwesens bei der <a href=\"https:\/\/www.gronbach.com\/kinematiken\">Gronbach GmbH<\/a> mit Sitz in Laag\/Neumarkt, gesprochen.<\/p>\n<h2><strong>Frau Pfattner, sie verf\u00fcgen \u00fcber viele Jahre Erfahrung, seit 2006 sind sie bei Gronbach, wo sie u.a. f\u00fcr das Personalwesen verantwortlich sind. Wie haben sie die Ver\u00e4nderungen in den letzten 2 Jahren erlebt?<\/strong><\/h2>\n<div id=\"attachment_5827\" style=\"width: 760px\" class=\"wp-caption alignleft\"><img aria-describedby=\"caption-attachment-5827\" decoding=\"async\" loading=\"lazy\" class=\"wp-image-5827 size-large\" src=\"https:\/\/www.industryisin.bz.it\/wp-content\/uploads\/2022\/02\/PfattnerElisabeth-1024x682.jpg\" alt=\"\" width=\"750\" height=\"500\" srcset=\"https:\/\/www.industryisin.bz.it\/wp-content\/uploads\/2022\/02\/PfattnerElisabeth-1024x682.jpg 1024w, https:\/\/www.industryisin.bz.it\/wp-content\/uploads\/2022\/02\/PfattnerElisabeth-300x200.jpg 300w, https:\/\/www.industryisin.bz.it\/wp-content\/uploads\/2022\/02\/PfattnerElisabeth-768x511.jpg 768w, https:\/\/www.industryisin.bz.it\/wp-content\/uploads\/2022\/02\/PfattnerElisabeth-1920x1278.jpg 1920w\" sizes=\"(max-width: 750px) 100vw, 750px\" \/><p id=\"caption-attachment-5827\" class=\"wp-caption-text\">Elisabeth Pfattner ist bei Gronbach seit vielen Jahren u.a. f\u00fcr das Personal zust\u00e4ndig.<\/p><\/div>\n<p>Eines ist ganz klar:<strong> Die Corona-Pandemie hat die Arbeitswelt schneller ver\u00e4ndert als zahllose Digitalisierungsinitiativen<\/strong>. Von der Digitalisierung in der Arbeitswelt sprach man ja schon lange zuvor, aber Realit\u00e4t ist sie dann von einem Tag auf den anderen geworden. Die Mitarbeiter wechselten vom B\u00fcro ins Homeoffice und arbeiteten pl\u00f6tzlich komplett digital.<\/p>\n<h2><strong>Ging diese Ver\u00e4nderung nicht zu schnell?<\/strong><\/h2>\n<p>Man muss bedenken, dass diese Ver\u00e4nderung ja nicht in einer Ideal-Situation stattgefunden hat. Die Arbeitnehmer hatten ja auch von einem auf den anderen Tag ihre Kinder zuhause, Angst war vorhanden \u2013 vor der Krankheit, um den Arbeitsplatz, vor der Zukunft. Als Arbeitgeber ging es f\u00fcr uns deshalb auch darum, auf das Wohlbefinden unserer Mitarbeiter zu schauen, Stress und Sorgen zu reduzieren. Die F\u00fchrungskr\u00e4fte mussten auf neue Kommunikationsmittel setzen, den Mitarbeitern vertrauen.<\/p>\n<h2><strong>\u00a0<\/strong><strong>Wie hat sich die Arbeit ver\u00e4ndert?<\/strong><\/h2>\n<p>Traditionelle Arbeitsweisen und -prozesse wurden auf den Kopf gestellt, eingefahrene Abl\u00e4ufe und Standards hinterfragt. Dinge mussten pl\u00f6tzlich anders gemacht werden, was zu positiven Ver\u00e4nderungen gef\u00fchrt hat.<\/p>\n<h2><strong>Was hat sich bei Gronbach ver\u00e4ndert? Wie wird die Arbeit heute organisiert?<\/strong><\/h2>\n<p>Homeoffice ist f\u00fcr uns heute eine M\u00f6glichkeit, die allen Mitarbeitern geboten wird. Dies hat es uns erm\u00f6glicht, neue Mitarbeiter anzusprechen, mit unterschiedlichem sozio-\u00f6konomischen, geografischem und kulturellem Hintergrund. Dies sehe ich als eine der wichtigsten Entwicklungen in der Arbeitswelt: <strong>Ich kann mich heute f\u00fcr einen Arbeitgeber entscheiden, den ich vor 3 Jahren nicht einmal in Betracht gezogen h\u00e4tte<\/strong>. In Zeiten des Fachkr\u00e4ftemangels er\u00f6ffnet dies f\u00fcr die Arbeitgeber ein enormes Potential.<\/p>\n<h2><strong>Was muss getan werden, damit Smart-Working funktioniert?<\/strong><\/h2>\n<p>Grundlegend ist selbstverst\u00e4ndlich die technische Ausstattung, ohne die gar nichts l\u00e4uft. <strong>Das A und O ist dann eine offene Kommunikation<\/strong>: Entscheidungen hinter verschlossenen T\u00fcren zu treffen, ist nicht mehr drin. Alle m\u00fcssen in die Prozesse eingebunden werden, damit einerseits der Wissenstransfer, andererseits aber auch der Gemeinschaftssinn aufrecht erhalten bleiben. Die Mitarbeiter m\u00fcssen sich als Teil des Unternehmens f\u00fchlen, auch wenn sie nur f\u00fcr ein paar Tage im Monate vor Ort sind.<\/p>\n<h2><strong>Wie sehen sie die zuk\u00fcnftigen Entwicklungen? Wie sieht die Arbeitswelt von morgen aus?<\/strong><\/h2>\n<p>Ich denke, dass Gesch\u00e4ftsreisen, um Meetings abzuhalten, auch weiterhin eher eingeschr\u00e4nkt bleiben werden, man hat gesehen, dass es zahlreiche Tools gibt, die virtuelle Sitzungen sehr gut erm\u00f6glichen. Die technischen Voraussetzungen werden sich weiter verbessern, Stichwort k\u00fcnstliche Intelligenz, Roboter und Prozessautomatisierung. <strong>Arbeiten von jedem Ort der Welt aus wird selbstverst\u00e4ndlich sein<\/strong>.<\/p>\n<h2><strong>Wo liegen die negativen Seiten bzw. Risiken dieser Entwicklung?<\/strong><\/h2>\n<p>Nicht jeder kann von zuhause aus arbeiten \u2013 56 Prozent haben diese M\u00f6glichkeit nicht, denken wir an Produktion, Logistik, systemrelevante Berufe. In einem Unternehmen wie unserem betrifft das Thema Smart-Working ja auch nur ca. die halbe Belegschaft. Da muss man<strong> auf Fairness achten<\/strong>. Homeoffice ist auch nicht f\u00fcr jeden Arbeitnehmer das Richtige, vielen fehlt der Kontakt zu den Kollegen, nicht jeder ist f\u00fcr eigenst\u00e4ndiges Arbeiten geschaffen. Ein wichtiger Punkt ist sicherlich auch, dass Smart-Working zu einem Verschwimmen der Grenzen zwischen privaten Bed\u00fcrfnissen und beruflichen Pflichten f\u00fchrt. Das erfordert von Arbeitgeber und Arbeitnehmer eine neue Achtsamkeit und eine enge Abstimmung (siehe auch eine <a href=\"https:\/\/www.industryisin.bz.it\/lo-smart-working-visto-dai-giovani-imprenditori\/\">Umfrage der Jungunternehmer<\/a> dazu).<\/p>\n<blockquote><p>Die junge Generation legt viel Wert auf Work-Life-Balance, auf die Vereinbarkeit von Familie und Beruf. Arbeitgeber, die hier attraktiv sein wollen, k\u00f6nnen sicher nicht zum Stand vor der Pandemie zur\u00fcckkehren.<\/p><\/blockquote>\n<p>&nbsp;<\/p>\n","protected":false},"excerpt":{"rendered":"<p>Corona hat die Arbeitswelt ver\u00e4ndert, das steht au\u00dfer Zweifel. Doch was bleibt? Welche positiven, aber auch welche negativen Auswirkungen bringen diese Ver\u00e4nderungen mit sich? Wie sieht die Arbeitswelt von morgen aus? Wir haben mit Elisabeth Pfattner, HR-Manager und Leiterin des Finanzwesens bei der Gronbach GmbH mit Sitz in Laag\/Neumarkt, gesprochen. Frau Pfattner, sie verf\u00fcgen \u00fcber [&hellip;]<\/p>\n","protected":false},"author":13,"featured_media":5830,"comment_status":"closed","ping_status":"open","sticky":false,"template":"","format":"standard","meta":{"footnotes":""},"categories":[48],"tags":[599,598,597,263],"acf":[],"yoast_head":"<!-- This site is optimized with the Yoast SEO plugin v21.4 - https:\/\/yoast.com\/wordpress\/plugins\/seo\/ -->\n<title>Die Arbeitswelt von morgen - Industry is IN<\/title>\n<meta name=\"description\" content=\"Wie sieht die Arbeitswelt von morgen aus? Was hat sich bereits ver\u00e4ndert? Ein Gespr\u00e4ch mit HR-Manager Elisabeth Pfattner von der Gronbach GmbH.\" \/>\n<meta name=\"robots\" content=\"index, follow, max-snippet:-1, max-image-preview:large, max-video-preview:-1\" \/>\n<link rel=\"canonical\" href=\"https:\/\/www.madeinbz.info\/die-arbeitswelt-von-morgen\/\" \/>\n<meta property=\"og:locale\" content=\"de_DE\" \/>\n<meta property=\"og:type\" content=\"article\" \/>\n<meta property=\"og:title\" content=\"Die Arbeitswelt von morgen - Industry is IN\" \/>\n<meta property=\"og:description\" content=\"Wie sieht die Arbeitswelt von morgen aus? Was hat sich bereits ver\u00e4ndert? Ein Gespr\u00e4ch mit HR-Manager Elisabeth Pfattner von der Gronbach GmbH.\" \/>\n<meta property=\"og:url\" content=\"https:\/\/www.madeinbz.info\/die-arbeitswelt-von-morgen\/\" \/>\n<meta property=\"og:site_name\" content=\"Industry is IN\" \/>\n<meta property=\"article:published_time\" content=\"2022-02-24T08:35:47+00:00\" \/>\n<meta property=\"og:image\" content=\"https:\/\/www.madeinbz.info\/wp-content\/uploads\/2022\/02\/gronbach_Titel.jpg\" \/>\n\t<meta property=\"og:image:width\" content=\"1920\" \/>\n\t<meta property=\"og:image:height\" content=\"778\" \/>\n\t<meta property=\"og:image:type\" content=\"image\/jpeg\" \/>\n<meta name=\"author\" content=\"Angelika Bayer\" \/>\n<meta name=\"twitter:card\" content=\"summary_large_image\" \/>\n<meta name=\"twitter:label1\" content=\"Verfasst von\" \/>\n\t<meta name=\"twitter:data1\" content=\"Angelika Bayer\" \/>\n\t<meta name=\"twitter:label2\" content=\"Gesch\u00e4tzte Lesezeit\" \/>\n\t<meta name=\"twitter:data2\" content=\"3 Minuten\" \/>\n<script type=\"application\/ld+json\" class=\"yoast-schema-graph\">{\"@context\":\"https:\/\/schema.org\",\"@graph\":[{\"@type\":\"WebPage\",\"@id\":\"https:\/\/www.madeinbz.info\/die-arbeitswelt-von-morgen\/\",\"url\":\"https:\/\/www.madeinbz.info\/die-arbeitswelt-von-morgen\/\",\"name\":\"Die Arbeitswelt von morgen - Industry is IN\",\"isPartOf\":{\"@id\":\"https:\/\/www.madeinbz.info\/#website\"},\"datePublished\":\"2022-02-24T08:35:47+00:00\",\"dateModified\":\"2022-02-24T08:35:47+00:00\",\"author\":{\"@id\":\"https:\/\/www.madeinbz.info\/#\/schema\/person\/2c37e5aeb0f02de7cca30cb97ffc38e8\"},\"description\":\"Wie sieht die Arbeitswelt von morgen aus? Was hat sich bereits ver\u00e4ndert? Ein Gespr\u00e4ch mit HR-Manager Elisabeth Pfattner von der Gronbach GmbH.\",\"breadcrumb\":{\"@id\":\"https:\/\/www.madeinbz.info\/die-arbeitswelt-von-morgen\/#breadcrumb\"},\"inLanguage\":\"de-DE\",\"potentialAction\":[{\"@type\":\"ReadAction\",\"target\":[\"https:\/\/www.madeinbz.info\/die-arbeitswelt-von-morgen\/\"]}]},{\"@type\":\"BreadcrumbList\",\"@id\":\"https:\/\/www.madeinbz.info\/die-arbeitswelt-von-morgen\/#breadcrumb\",\"itemListElement\":[{\"@type\":\"ListItem\",\"position\":1,\"name\":\"Home\",\"item\":\"https:\/\/www.madeinbz.info\/\"},{\"@type\":\"ListItem\",\"position\":2,\"name\":\"Die Arbeitswelt von morgen\"}]},{\"@type\":\"WebSite\",\"@id\":\"https:\/\/www.madeinbz.info\/#website\",\"url\":\"https:\/\/www.madeinbz.info\/\",\"name\":\"Industry is IN\",\"description\":\"Storie di aziende e persone dell\u2019industria altoatesina\",\"potentialAction\":[{\"@type\":\"SearchAction\",\"target\":{\"@type\":\"EntryPoint\",\"urlTemplate\":\"https:\/\/www.madeinbz.info\/?s={search_term_string}\"},\"query-input\":\"required name=search_term_string\"}],\"inLanguage\":\"de-DE\"},{\"@type\":\"Person\",\"@id\":\"https:\/\/www.madeinbz.info\/#\/schema\/person\/2c37e5aeb0f02de7cca30cb97ffc38e8\",\"name\":\"Angelika Bayer\",\"image\":{\"@type\":\"ImageObject\",\"inLanguage\":\"de-DE\",\"@id\":\"https:\/\/www.madeinbz.info\/#\/schema\/person\/image\/\",\"url\":\"https:\/\/secure.gravatar.com\/avatar\/d5d603996af27fc843daae65ef659f93?s=96&d=mm&r=g\",\"contentUrl\":\"https:\/\/secure.gravatar.com\/avatar\/d5d603996af27fc843daae65ef659f93?s=96&d=mm&r=g\",\"caption\":\"Angelika Bayer\"},\"url\":\"https:\/\/www.industryisin.bz.it\/de\/author\/angelika\/\"}]}<\/script>\n<!-- \/ Yoast SEO plugin. -->","yoast_head_json":{"title":"Die Arbeitswelt von morgen - Industry is IN","description":"Wie sieht die Arbeitswelt von morgen aus? Was hat sich bereits ver\u00e4ndert? Ein Gespr\u00e4ch mit HR-Manager Elisabeth Pfattner von der Gronbach GmbH.","robots":{"index":"index","follow":"follow","max-snippet":"max-snippet:-1","max-image-preview":"max-image-preview:large","max-video-preview":"max-video-preview:-1"},"canonical":"https:\/\/www.madeinbz.info\/die-arbeitswelt-von-morgen\/","og_locale":"de_DE","og_type":"article","og_title":"Die Arbeitswelt von morgen - Industry is IN","og_description":"Wie sieht die Arbeitswelt von morgen aus? Was hat sich bereits ver\u00e4ndert? Ein Gespr\u00e4ch mit HR-Manager Elisabeth Pfattner von der Gronbach GmbH.","og_url":"https:\/\/www.madeinbz.info\/die-arbeitswelt-von-morgen\/","og_site_name":"Industry is IN","article_published_time":"2022-02-24T08:35:47+00:00","og_image":[{"width":1920,"height":778,"url":"https:\/\/www.madeinbz.info\/wp-content\/uploads\/2022\/02\/gronbach_Titel.jpg","type":"image\/jpeg"}],"author":"Angelika Bayer","twitter_card":"summary_large_image","twitter_misc":{"Verfasst von":"Angelika Bayer","Gesch\u00e4tzte Lesezeit":"3 Minuten"},"schema":{"@context":"https:\/\/schema.org","@graph":[{"@type":"WebPage","@id":"https:\/\/www.madeinbz.info\/die-arbeitswelt-von-morgen\/","url":"https:\/\/www.madeinbz.info\/die-arbeitswelt-von-morgen\/","name":"Die Arbeitswelt von morgen - Industry is IN","isPartOf":{"@id":"https:\/\/www.madeinbz.info\/#website"},"datePublished":"2022-02-24T08:35:47+00:00","dateModified":"2022-02-24T08:35:47+00:00","author":{"@id":"https:\/\/www.madeinbz.info\/#\/schema\/person\/2c37e5aeb0f02de7cca30cb97ffc38e8"},"description":"Wie sieht die Arbeitswelt von morgen aus? Was hat sich bereits ver\u00e4ndert? Ein Gespr\u00e4ch mit HR-Manager Elisabeth Pfattner von der Gronbach GmbH.","breadcrumb":{"@id":"https:\/\/www.madeinbz.info\/die-arbeitswelt-von-morgen\/#breadcrumb"},"inLanguage":"de-DE","potentialAction":[{"@type":"ReadAction","target":["https:\/\/www.madeinbz.info\/die-arbeitswelt-von-morgen\/"]}]},{"@type":"BreadcrumbList","@id":"https:\/\/www.madeinbz.info\/die-arbeitswelt-von-morgen\/#breadcrumb","itemListElement":[{"@type":"ListItem","position":1,"name":"Home","item":"https:\/\/www.madeinbz.info\/"},{"@type":"ListItem","position":2,"name":"Die Arbeitswelt von morgen"}]},{"@type":"WebSite","@id":"https:\/\/www.madeinbz.info\/#website","url":"https:\/\/www.madeinbz.info\/","name":"Industry is IN","description":"Storie di aziende e persone dell\u2019industria altoatesina","potentialAction":[{"@type":"SearchAction","target":{"@type":"EntryPoint","urlTemplate":"https:\/\/www.madeinbz.info\/?s={search_term_string}"},"query-input":"required name=search_term_string"}],"inLanguage":"de-DE"},{"@type":"Person","@id":"https:\/\/www.madeinbz.info\/#\/schema\/person\/2c37e5aeb0f02de7cca30cb97ffc38e8","name":"Angelika Bayer","image":{"@type":"ImageObject","inLanguage":"de-DE","@id":"https:\/\/www.madeinbz.info\/#\/schema\/person\/image\/","url":"https:\/\/secure.gravatar.com\/avatar\/d5d603996af27fc843daae65ef659f93?s=96&d=mm&r=g","contentUrl":"https:\/\/secure.gravatar.com\/avatar\/d5d603996af27fc843daae65ef659f93?s=96&d=mm&r=g","caption":"Angelika Bayer"},"url":"https:\/\/www.industryisin.bz.it\/de\/author\/angelika\/"}]}},"_links":{"self":[{"href":"https:\/\/www.industryisin.bz.it\/de\/wp-json\/wp\/v2\/posts\/5821"}],"collection":[{"href":"https:\/\/www.industryisin.bz.it\/de\/wp-json\/wp\/v2\/posts"}],"about":[{"href":"https:\/\/www.industryisin.bz.it\/de\/wp-json\/wp\/v2\/types\/post"}],"author":[{"embeddable":true,"href":"https:\/\/www.industryisin.bz.it\/de\/wp-json\/wp\/v2\/users\/13"}],"replies":[{"embeddable":true,"href":"https:\/\/www.industryisin.bz.it\/de\/wp-json\/wp\/v2\/comments?post=5821"}],"version-history":[{"count":2,"href":"https:\/\/www.industryisin.bz.it\/de\/wp-json\/wp\/v2\/posts\/5821\/revisions"}],"predecessor-version":[{"id":5829,"href":"https:\/\/www.industryisin.bz.it\/de\/wp-json\/wp\/v2\/posts\/5821\/revisions\/5829"}],"wp:featuredmedia":[{"embeddable":true,"href":"https:\/\/www.industryisin.bz.it\/de\/wp-json\/wp\/v2\/media\/5830"}],"wp:attachment":[{"href":"https:\/\/www.industryisin.bz.it\/de\/wp-json\/wp\/v2\/media?parent=5821"}],"wp:term":[{"taxonomy":"category","embeddable":true,"href":"https:\/\/www.industryisin.bz.it\/de\/wp-json\/wp\/v2\/categories?post=5821"},{"taxonomy":"post_tag","embeddable":true,"href":"https:\/\/www.industryisin.bz.it\/de\/wp-json\/wp\/v2\/tags?post=5821"}],"curies":[{"name":"wp","href":"https:\/\/api.w.org\/{rel}","templated":true}]}}