{"id":5737,"date":"2022-01-13T11:37:35","date_gmt":"2022-01-13T10:37:35","guid":{"rendered":"https:\/\/www.industryisin.bz.it\/?p=5737"},"modified":"2022-01-13T11:37:35","modified_gmt":"2022-01-13T10:37:35","slug":"kein-winter-wie-damals-in-sudtirols-skigebieten","status":"publish","type":"post","link":"https:\/\/www.industryisin.bz.it\/de\/kein-winter-wie-damals-in-sudtirols-skigebieten\/","title":{"rendered":"Kein Winter wie damals, aber dennoch Zufriedenheit"},"content":{"rendered":"<p>Die Weihnachtsferien sind vorbei, in S\u00fcdtirols Skigebieten ist Ruhe eingekehrt. Neben den Corona-Auflagen sind auf den Pisten seit 1. J\u00e4nner 2022 noch andere Regeln zu beachten: Helmpflicht bis 18 Jahre, Haftpflichtversicherung f\u00fcr alle Skifahrer und Alkoholverbot. Wir haben mit dem Pr\u00e4sidenten des Verbandes der Seilbahnunternehmer S\u00fcdtirols, Helmut Sartori, \u00fcber die Situation auf S\u00fcdtirols Aufstiegsanlagen und Pisten gesprochen, der erkl\u00e4rt, dass es zwar kein Winter wie damals sei, aber Zufriedenheit herrscht, arbeiten zu d\u00fcrfen.<\/p>\n<h2><strong>Herr Sartori, die Weihnachtsfeiertage sind zu Ende. Wie ist es in den vergangenen Wochen in den Skigebieten gelaufen?<\/strong><\/h2>\n<div id=\"attachment_5745\" style=\"width: 235px\" class=\"wp-caption alignleft\"><img aria-describedby=\"caption-attachment-5745\" decoding=\"async\" loading=\"lazy\" class=\"size-medium wp-image-5745\" src=\"https:\/\/www.industryisin.bz.it\/wp-content\/uploads\/2022\/01\/Sartori-225x300.jpg\" alt=\"\" width=\"225\" height=\"300\" srcset=\"https:\/\/www.industryisin.bz.it\/wp-content\/uploads\/2022\/01\/Sartori-225x300.jpg 225w, https:\/\/www.industryisin.bz.it\/wp-content\/uploads\/2022\/01\/Sartori.jpg 576w\" sizes=\"(max-width: 225px) 100vw, 225px\" \/><p id=\"caption-attachment-5745\" class=\"wp-caption-text\">Helmut Sartori ist Pr\u00e4sident des Verbands der Seilbahnunternehmer S\u00fcdtirols<\/p><\/div>\n<p>Im Dezember sind wir sehr gut gestartet, man hat gemerkt, dass die Leute froh waren, endlich wieder Skifahren gehen zu k\u00f6nnen. Die Einheimischen hatten Lust, wieder auf die Bretter zu steigen. Auch die Weihnachtsfeiertage sind ganz gut gelaufen, selbstverst\u00e4ndlich\u00a0<span style=\"background-color: #ffffff; font-size: 16px;\">war weniger los als 2019, aber damit haben wir gerechnet, dass es kein Winter wie damals wird. F\u00fcr uns war und ist es wichtig, dass wir arbeiten k\u00f6nnen. Dass es sicher kein normaler Winter wird, war uns allen von Anfang an klar.<\/span><\/p>\n<p>&nbsp;<\/p>\n<p>&nbsp;<\/p>\n<h2><strong>Corona hat ja auch f\u00fcr die Skigebiete neue Regeln mit sich gebracht \u2013 Greenpass, Maskenpflicht. Gab es dabei Probleme?<\/strong><\/h2>\n<p>Ich muss sagen, dass eigentlich alle die Sicherheitsma\u00dfnahmen gut eingehalten haben \u2013 sei es die G\u00e4ste als auch das Personal. Wir haben unsere G\u00e4ste breit informiert \u00fcber die Regeln, die es zu beachten gilt. Probleme sind wirklich kaum aufgetreten, auch die Kontrollen verliefen reibungslos.<\/p>\n<h2><strong>Seit 10. J\u00e4nner 2022 m\u00fcssen ja nun alle G\u00e4ste \u00fcber 12 Jahre entweder geimpft oder genesen sein. Erwarten Sie sich dadurch Ver\u00e4nderungen?<\/strong><\/h2>\n<p>Schon bisher war der Gro\u00dfteil unserer G\u00e4ste geimpft, auch auf den Skih\u00fctten gilt ja 2 G. Viel gr\u00f6\u00dfer ist sicher das Problem der allgemeinen Unsicherheit. Derzeit ist in den Skigebieten kaum etwas los. Die letzten G\u00e4ste sind am 9. J\u00e4nner abgereist, und es sind keine nachgekommen. Der J\u00e4nner war zwar schon immer eher ein ruhigerer Monat, aber so wie heuer war es noch nie. F\u00fcr uns ist aber wichtig, dass wir offenbleiben k\u00f6nnen und die Saison weitergeht.<\/p>\n<div id=\"attachment_5743\" style=\"width: 760px\" class=\"wp-caption aligncenter\"><img aria-describedby=\"caption-attachment-5743\" decoding=\"async\" loading=\"lazy\" class=\"wp-image-5743 size-large\" src=\"https:\/\/www.industryisin.bz.it\/wp-content\/uploads\/2022\/01\/winterurlaub-skifahren-auf-der-seiser-alm-in-den-dolomiten-1024x683.jpg\" alt=\"\" width=\"750\" height=\"500\" srcset=\"https:\/\/www.industryisin.bz.it\/wp-content\/uploads\/2022\/01\/winterurlaub-skifahren-auf-der-seiser-alm-in-den-dolomiten-1024x683.jpg 1024w, https:\/\/www.industryisin.bz.it\/wp-content\/uploads\/2022\/01\/winterurlaub-skifahren-auf-der-seiser-alm-in-den-dolomiten-300x200.jpg 300w, https:\/\/www.industryisin.bz.it\/wp-content\/uploads\/2022\/01\/winterurlaub-skifahren-auf-der-seiser-alm-in-den-dolomiten-768x512.jpg 768w, https:\/\/www.industryisin.bz.it\/wp-content\/uploads\/2022\/01\/winterurlaub-skifahren-auf-der-seiser-alm-in-den-dolomiten.jpg 1920w\" sizes=\"(max-width: 750px) 100vw, 750px\" \/><p id=\"caption-attachment-5743\" class=\"wp-caption-text\">Lust auf Skifahren besteht in S\u00fcdtirol. \u00a9 IDM S\u00fcdtirol-Alto Adige\/Harald Wisthaler\u00a0 (ebenso wie das Titelfoto)<\/p><\/div>\n<h2><strong>Seit 1. J\u00e4nner 2022 gelten neue Regeln f\u00fcrs Skifahren \u2013 Helmpflicht nicht nur bis 14, sondern bis 18 Jahre, Haftpflichtversicherung f\u00fcr alle, sowie eine starke Einschr\u00e4nkung des Alkoholkonsums. Wie gehen die Liftbetreiber damit um?<\/strong><\/h2>\n<p>Naja, betrunken hat man bisher auch nicht fahren d\u00fcrfen, einen Helm hat mittlerweile schon fast jeder Skifahrer, und auch \u00fcber eine Haftpflichtversicherung verf\u00fcgen die meisten Haushalte. F\u00fcr G\u00e4ste, die keine haben, haben wir ein eigenes Angebot, das gab es aber teilweise auch schon vorher. Grunds\u00e4tzlich ist es unsere Aufgabe, \u00fcber diese neuen Auflagen zu informieren, die Einhaltung wird dann von den Ordnungskr\u00e4ften kontrolliert.<\/p>\n<h2><strong>Letzte Frage zum Personal: F\u00fcrchten Sie, dass es \u00e4hnlich wie in \u00d6sterreich, aufgrund der enormen Infektionszahlen dazu kommen wird, dass der eine oder andere Lift schlie\u00dfen muss?<\/strong><\/h2>\n<p>Grunds\u00e4tzlich haben wir uns in dieser Saison extrem schwergetan, Personal zu finden \u2013 aber das ist ein Problem der meisten Branchen. Bis jetzt ist eigentlich noch alles recht gut gelaufen, schauen wir einmal, was die n\u00e4chsten Wochen bringen. Wir sind froh, dass wir heuer arbeiten d\u00fcrfen, wie gesagt, einen \u201eWinter wie damals\u201c haben wir uns sowieso nicht erwartet.<\/p>\n<p>Ein Interview zur Sommersaison 2020 mit Helmut Sartori ist <a href=\"https:\/\/www.industryisin.bz.it\/fahrgaste-sollen-sich-sicher-fuhlen\/\">hier<\/a> zu finden.<\/p>\n<p>&nbsp;<\/p>\n","protected":false},"excerpt":{"rendered":"<p>Die Weihnachtsferien sind vorbei, in S\u00fcdtirols Skigebieten ist Ruhe eingekehrt. Neben den Corona-Auflagen sind auf den Pisten seit 1. J\u00e4nner 2022 noch andere Regeln zu beachten: Helmpflicht bis 18 Jahre, Haftpflichtversicherung f\u00fcr alle Skifahrer und Alkoholverbot. Wir haben mit dem Pr\u00e4sidenten des Verbandes der Seilbahnunternehmer S\u00fcdtirols, Helmut Sartori, \u00fcber die Situation auf S\u00fcdtirols Aufstiegsanlagen und [&hellip;]<\/p>\n","protected":false},"author":13,"featured_media":5741,"comment_status":"closed","ping_status":"open","sticky":false,"template":"","format":"standard","meta":{"footnotes":""},"categories":[49],"tags":[412,584,583,298],"acf":[],"yoast_head":"<!-- This site is optimized with the Yoast SEO plugin v21.4 - https:\/\/yoast.com\/wordpress\/plugins\/seo\/ -->\n<title>Kein Winter wie damals, aber dennoch Zufriedenheit - Industry is IN<\/title>\n<meta name=\"description\" content=\"Wie l\u00e4uft die Skisaison? \u201eEs ist kein Winter wie damals, aber wir sind zufrieden, dass wir arbeiten d\u00fcrfen\u201c, meint Helmut Sartori.\" \/>\n<meta name=\"robots\" content=\"index, follow, max-snippet:-1, max-image-preview:large, max-video-preview:-1\" \/>\n<link rel=\"canonical\" href=\"https:\/\/www.madeinbz.info\/kein-winter-wie-damals-in-sudtirols-skigebieten\/\" \/>\n<meta property=\"og:locale\" content=\"de_DE\" \/>\n<meta property=\"og:type\" content=\"article\" \/>\n<meta property=\"og:title\" content=\"Kein Winter wie damals, aber dennoch Zufriedenheit - Industry is IN\" \/>\n<meta property=\"og:description\" content=\"Wie l\u00e4uft die Skisaison? \u201eEs ist kein Winter wie damals, aber wir sind zufrieden, dass wir arbeiten d\u00fcrfen\u201c, meint Helmut Sartori.\" \/>\n<meta property=\"og:url\" content=\"https:\/\/www.madeinbz.info\/kein-winter-wie-damals-in-sudtirols-skigebieten\/\" \/>\n<meta property=\"og:site_name\" content=\"Industry is IN\" \/>\n<meta property=\"article:published_time\" content=\"2022-01-13T10:37:35+00:00\" \/>\n<meta property=\"og:image\" content=\"https:\/\/www.madeinbz.info\/wp-content\/uploads\/2022\/01\/IDM_S\u00fcdtirol-Alto_Adige_Harald_Wisthaler_121.jpg\" \/>\n\t<meta property=\"og:image:width\" content=\"3840\" \/>\n\t<meta property=\"og:image:height\" content=\"1235\" \/>\n\t<meta property=\"og:image:type\" content=\"image\/jpeg\" \/>\n<meta name=\"author\" content=\"Angelika Bayer\" \/>\n<meta name=\"twitter:card\" content=\"summary_large_image\" \/>\n<meta name=\"twitter:label1\" content=\"Verfasst von\" \/>\n\t<meta name=\"twitter:data1\" content=\"Angelika Bayer\" \/>\n\t<meta name=\"twitter:label2\" content=\"Gesch\u00e4tzte Lesezeit\" \/>\n\t<meta name=\"twitter:data2\" content=\"3 Minuten\" \/>\n<script type=\"application\/ld+json\" class=\"yoast-schema-graph\">{\"@context\":\"https:\/\/schema.org\",\"@graph\":[{\"@type\":\"WebPage\",\"@id\":\"https:\/\/www.madeinbz.info\/kein-winter-wie-damals-in-sudtirols-skigebieten\/\",\"url\":\"https:\/\/www.madeinbz.info\/kein-winter-wie-damals-in-sudtirols-skigebieten\/\",\"name\":\"Kein Winter wie damals, aber dennoch Zufriedenheit - Industry is IN\",\"isPartOf\":{\"@id\":\"https:\/\/www.madeinbz.info\/#website\"},\"datePublished\":\"2022-01-13T10:37:35+00:00\",\"dateModified\":\"2022-01-13T10:37:35+00:00\",\"author\":{\"@id\":\"https:\/\/www.madeinbz.info\/#\/schema\/person\/2c37e5aeb0f02de7cca30cb97ffc38e8\"},\"description\":\"Wie l\u00e4uft die Skisaison? \u201eEs ist kein Winter wie damals, aber wir sind zufrieden, dass wir arbeiten d\u00fcrfen\u201c, meint Helmut Sartori.\",\"breadcrumb\":{\"@id\":\"https:\/\/www.madeinbz.info\/kein-winter-wie-damals-in-sudtirols-skigebieten\/#breadcrumb\"},\"inLanguage\":\"de-DE\",\"potentialAction\":[{\"@type\":\"ReadAction\",\"target\":[\"https:\/\/www.madeinbz.info\/kein-winter-wie-damals-in-sudtirols-skigebieten\/\"]}]},{\"@type\":\"BreadcrumbList\",\"@id\":\"https:\/\/www.madeinbz.info\/kein-winter-wie-damals-in-sudtirols-skigebieten\/#breadcrumb\",\"itemListElement\":[{\"@type\":\"ListItem\",\"position\":1,\"name\":\"Home\",\"item\":\"https:\/\/www.madeinbz.info\/\"},{\"@type\":\"ListItem\",\"position\":2,\"name\":\"Kein Winter wie damals, aber dennoch Zufriedenheit\"}]},{\"@type\":\"WebSite\",\"@id\":\"https:\/\/www.madeinbz.info\/#website\",\"url\":\"https:\/\/www.madeinbz.info\/\",\"name\":\"Industry is IN\",\"description\":\"Storie di aziende e persone dell\u2019industria altoatesina\",\"potentialAction\":[{\"@type\":\"SearchAction\",\"target\":{\"@type\":\"EntryPoint\",\"urlTemplate\":\"https:\/\/www.madeinbz.info\/?s={search_term_string}\"},\"query-input\":\"required name=search_term_string\"}],\"inLanguage\":\"de-DE\"},{\"@type\":\"Person\",\"@id\":\"https:\/\/www.madeinbz.info\/#\/schema\/person\/2c37e5aeb0f02de7cca30cb97ffc38e8\",\"name\":\"Angelika Bayer\",\"image\":{\"@type\":\"ImageObject\",\"inLanguage\":\"de-DE\",\"@id\":\"https:\/\/www.madeinbz.info\/#\/schema\/person\/image\/\",\"url\":\"https:\/\/secure.gravatar.com\/avatar\/d5d603996af27fc843daae65ef659f93?s=96&d=mm&r=g\",\"contentUrl\":\"https:\/\/secure.gravatar.com\/avatar\/d5d603996af27fc843daae65ef659f93?s=96&d=mm&r=g\",\"caption\":\"Angelika Bayer\"},\"url\":\"https:\/\/www.industryisin.bz.it\/de\/author\/angelika\/\"}]}<\/script>\n<!-- \/ Yoast SEO plugin. -->","yoast_head_json":{"title":"Kein Winter wie damals, aber dennoch Zufriedenheit - Industry is IN","description":"Wie l\u00e4uft die Skisaison? \u201eEs ist kein Winter wie damals, aber wir sind zufrieden, dass wir arbeiten d\u00fcrfen\u201c, meint Helmut Sartori.","robots":{"index":"index","follow":"follow","max-snippet":"max-snippet:-1","max-image-preview":"max-image-preview:large","max-video-preview":"max-video-preview:-1"},"canonical":"https:\/\/www.madeinbz.info\/kein-winter-wie-damals-in-sudtirols-skigebieten\/","og_locale":"de_DE","og_type":"article","og_title":"Kein Winter wie damals, aber dennoch Zufriedenheit - Industry is IN","og_description":"Wie l\u00e4uft die Skisaison? \u201eEs ist kein Winter wie damals, aber wir sind zufrieden, dass wir arbeiten d\u00fcrfen\u201c, meint Helmut Sartori.","og_url":"https:\/\/www.madeinbz.info\/kein-winter-wie-damals-in-sudtirols-skigebieten\/","og_site_name":"Industry is IN","article_published_time":"2022-01-13T10:37:35+00:00","og_image":[{"width":3840,"height":1235,"url":"https:\/\/www.madeinbz.info\/wp-content\/uploads\/2022\/01\/IDM_S\u00fcdtirol-Alto_Adige_Harald_Wisthaler_121.jpg","type":"image\/jpeg"}],"author":"Angelika Bayer","twitter_card":"summary_large_image","twitter_misc":{"Verfasst von":"Angelika Bayer","Gesch\u00e4tzte Lesezeit":"3 Minuten"},"schema":{"@context":"https:\/\/schema.org","@graph":[{"@type":"WebPage","@id":"https:\/\/www.madeinbz.info\/kein-winter-wie-damals-in-sudtirols-skigebieten\/","url":"https:\/\/www.madeinbz.info\/kein-winter-wie-damals-in-sudtirols-skigebieten\/","name":"Kein Winter wie damals, aber dennoch Zufriedenheit - Industry is IN","isPartOf":{"@id":"https:\/\/www.madeinbz.info\/#website"},"datePublished":"2022-01-13T10:37:35+00:00","dateModified":"2022-01-13T10:37:35+00:00","author":{"@id":"https:\/\/www.madeinbz.info\/#\/schema\/person\/2c37e5aeb0f02de7cca30cb97ffc38e8"},"description":"Wie l\u00e4uft die Skisaison? \u201eEs ist kein Winter wie damals, aber wir sind zufrieden, dass wir arbeiten d\u00fcrfen\u201c, meint Helmut Sartori.","breadcrumb":{"@id":"https:\/\/www.madeinbz.info\/kein-winter-wie-damals-in-sudtirols-skigebieten\/#breadcrumb"},"inLanguage":"de-DE","potentialAction":[{"@type":"ReadAction","target":["https:\/\/www.madeinbz.info\/kein-winter-wie-damals-in-sudtirols-skigebieten\/"]}]},{"@type":"BreadcrumbList","@id":"https:\/\/www.madeinbz.info\/kein-winter-wie-damals-in-sudtirols-skigebieten\/#breadcrumb","itemListElement":[{"@type":"ListItem","position":1,"name":"Home","item":"https:\/\/www.madeinbz.info\/"},{"@type":"ListItem","position":2,"name":"Kein Winter wie damals, aber dennoch Zufriedenheit"}]},{"@type":"WebSite","@id":"https:\/\/www.madeinbz.info\/#website","url":"https:\/\/www.madeinbz.info\/","name":"Industry is IN","description":"Storie di aziende e persone dell\u2019industria altoatesina","potentialAction":[{"@type":"SearchAction","target":{"@type":"EntryPoint","urlTemplate":"https:\/\/www.madeinbz.info\/?s={search_term_string}"},"query-input":"required name=search_term_string"}],"inLanguage":"de-DE"},{"@type":"Person","@id":"https:\/\/www.madeinbz.info\/#\/schema\/person\/2c37e5aeb0f02de7cca30cb97ffc38e8","name":"Angelika Bayer","image":{"@type":"ImageObject","inLanguage":"de-DE","@id":"https:\/\/www.madeinbz.info\/#\/schema\/person\/image\/","url":"https:\/\/secure.gravatar.com\/avatar\/d5d603996af27fc843daae65ef659f93?s=96&d=mm&r=g","contentUrl":"https:\/\/secure.gravatar.com\/avatar\/d5d603996af27fc843daae65ef659f93?s=96&d=mm&r=g","caption":"Angelika Bayer"},"url":"https:\/\/www.industryisin.bz.it\/de\/author\/angelika\/"}]}},"_links":{"self":[{"href":"https:\/\/www.industryisin.bz.it\/de\/wp-json\/wp\/v2\/posts\/5737"}],"collection":[{"href":"https:\/\/www.industryisin.bz.it\/de\/wp-json\/wp\/v2\/posts"}],"about":[{"href":"https:\/\/www.industryisin.bz.it\/de\/wp-json\/wp\/v2\/types\/post"}],"author":[{"embeddable":true,"href":"https:\/\/www.industryisin.bz.it\/de\/wp-json\/wp\/v2\/users\/13"}],"replies":[{"embeddable":true,"href":"https:\/\/www.industryisin.bz.it\/de\/wp-json\/wp\/v2\/comments?post=5737"}],"version-history":[{"count":4,"href":"https:\/\/www.industryisin.bz.it\/de\/wp-json\/wp\/v2\/posts\/5737\/revisions"}],"predecessor-version":[{"id":5749,"href":"https:\/\/www.industryisin.bz.it\/de\/wp-json\/wp\/v2\/posts\/5737\/revisions\/5749"}],"wp:featuredmedia":[{"embeddable":true,"href":"https:\/\/www.industryisin.bz.it\/de\/wp-json\/wp\/v2\/media\/5741"}],"wp:attachment":[{"href":"https:\/\/www.industryisin.bz.it\/de\/wp-json\/wp\/v2\/media?parent=5737"}],"wp:term":[{"taxonomy":"category","embeddable":true,"href":"https:\/\/www.industryisin.bz.it\/de\/wp-json\/wp\/v2\/categories?post=5737"},{"taxonomy":"post_tag","embeddable":true,"href":"https:\/\/www.industryisin.bz.it\/de\/wp-json\/wp\/v2\/tags?post=5737"}],"curies":[{"name":"wp","href":"https:\/\/api.w.org\/{rel}","templated":true}]}}