{"id":5724,"date":"2022-01-06T08:23:03","date_gmt":"2022-01-06T07:23:03","guid":{"rendered":"https:\/\/www.industryisin.bz.it\/?p=5724"},"modified":"2022-01-12T16:08:29","modified_gmt":"2022-01-12T15:08:29","slug":"smart-working-promosso-dalle-imprese","status":"publish","type":"post","link":"https:\/\/www.industryisin.bz.it\/de\/smart-working-promosso-dalle-imprese\/","title":{"rendered":"Smart working promosso dalle imprese"},"content":{"rendered":"<p>L\u2019<a href=\"https:\/\/www.confindustria.it\/wcm\/myconnect\/7c619c2d-0b5b-4d6a-a2eb-9be4fa62fab4\/Nota+CSC_Indagine_Lavoro_2021_281221_Confindustria.pdf?MOD=AJPERES&amp;CACHEID=ROOTWORKSPACE-7c619c2d-0b5b-4d6a-a2eb-9be4fa62fab4-nU0ftBi\">indagine Confindustria<\/a> sul lavoro condotta a inizio 2021 rivela che prima della pandemia lo smart working era gi\u00e0 presente nel 12,4% delle imprese e coinvolgeva il 14,2% dei lavoratori. In particolare, questa modalit\u00e0 di lavoro era maggiormente presente nei servizi, anche per la natura stessa dell\u2019attivit\u00e0: il 16% delle imprese utilizzava questa forma di lavoro contro il 10,4% nell\u2019industria in senso stretto, coinvolgendo rispettivamente il 16,2% e il 13,1% dei lavoratori. Tra le imprese pi\u00f9 grandi (oltre 100 addetti) la quota sale di molto: un\u2019impresa su quattro utilizzava lo smart working gi\u00e0 prima della pandemia contro il 13,3% delle medie imprese e il 9,5% delle piccole (sotto ai 10 addetti).<\/p>\n<p>Per il 75% delle imprese associate lo smart working era regolato solo da contratti individuali; per un altro 20% a questi si accompagnava anche un regolamento aziendale che disciplinava il lavoro in remoto, mentre solo per il 4,6% delle imprese il lavoro agile era regolato anche con la contrattazione aziendale.<\/p>\n<h2><b>Cosa \u00e8 successo con la pandemia?<\/b><\/h2>\n<p>Durante le fasi acute della crisi sanitaria il lavoro agile \u00e8 stato elemento fondamentale per continuare l\u2019attivit\u00e0 e ancora oggi \u00e8 un fattore importante per contenere i contagi sui posti di lavoro. Nel 2020 due imprese associate su tre hanno fatto ricorso allo smart working (66,8%), che ha coinvolto quasi il 40% dei dipendenti. Nei servizi lo hanno utilizzato il 73,4% delle imprese, nell\u2019industria al netto delle costruzioni il 64,2%.<\/p>\n<p><img decoding=\"async\" loading=\"lazy\" class=\"size-medium wp-image-5734 aligncenter\" src=\"https:\/\/www.industryisin.bz.it\/wp-content\/uploads\/2022\/01\/smart-300x293.jpg\" alt=\"\" width=\"300\" height=\"293\" srcset=\"https:\/\/www.industryisin.bz.it\/wp-content\/uploads\/2022\/01\/smart-300x293.jpg 300w, https:\/\/www.industryisin.bz.it\/wp-content\/uploads\/2022\/01\/smart.jpg 532w\" sizes=\"(max-width: 300px) 100vw, 300px\" \/><\/p>\n<p>&nbsp;<\/p>\n<h2><b>Cosa succeder\u00e0 in futuro?<\/b><\/h2>\n<p>Quando l\u2019emergenza sanitaria sar\u00e0 superata, i lavoratori e le imprese molto probabilmente non torneranno indietro \u2013 non del tutto, almeno. Assisteremo anche in Italia a un incremento delle possibilit\u00e0 di svolgere il lavoro in remoto rispetto al pre-crisi. In questo senso va letto il Protocollo nazionale sul lavoro in modalit\u00e0 agile, sottoscritto da Confindustria e dalle altre principali associazioni datoriali e sindacali. Con l\u2019obiettivo di favorire la diffusione di tale modalit\u00e0 di organizzazione del lavoro, \u00e8 di particolare importanza la richiesta, formalizzata nel Protocollo, di introdurre urgenti misure di semplificazione del regime delle comunicazioni obbligatorie relative all\u2019invio dell\u2019accordo individuale che seguano le stesse modalit\u00e0 del regime semplificato attualmente vigente.<\/p>\n<p>D\u2019altronde, lo smart working \u201cd\u2019emergenza\u201d ha fatto superare molti pregiudizi, ed \u00e8 stata l\u2019occasione per migliorare le competenze digitali e ripensare molti processi aziendali. Questo \u00e8 confermato anche dalle opinioni e intenzioni raccolte presso le imprese. Pi\u00f9 di un terzo dei rispondenti hanno dichiarato, infatti, che manterranno lo smart working anche dopo l\u2019uscita dalla pandemia. Questa quota sale al 41,1% per le imprese dei servizi; pi\u00f9 bassa, invece, come prevedibile dato il tipo di attivit\u00e0, la percentuale nell\u2019industria in senso stretto (31,1%).<\/p>\n<h2><b>Quali sono i cambiamenti da fare per adottare in maniera strutturale lo smart working?<\/b><\/h2>\n<p>Un lavoro (pi\u00f9) agile porta con s\u00e9 anche dei rischi. Questi possono essere legati a barriere\/ritardi tecnologici, al mantenimento di una adeguata work-life balance e alla necessit\u00e0 di strategie manageriali e di gestione del personale adeguate, tali da garantire un buon flusso dell\u2019informazione (soprattutto di tipo \u201csoft\u201d) e una ripartizione adeguata dei carichi di lavoro. Si dovr\u00e0 anche fare in modo che le attivit\u00e0 pi\u00f9 innovative non vengano sacrificate rispetto a quelle pi\u00f9 routinarie.<\/p>\n<p>Le imprese che intendono mantenere lo smart working sono consapevoli che ci saranno dei cambiamenti da attuare nella dotazione di capitale fisico, nell\u2019investimento in competenze e nella struttura organizzativa della propria impresa. In particolare, il 39,5% pensa che dovr\u00e0 fornire ai propri dipendenti attrezzature e piattaforme ICT adeguate al lavoro a distanza. Sar\u00e0 importante anche formare i dipendenti per rafforzarne le competenze tecniche digitali (23,8%) e trasversali (26,1%). Pi\u00f9 della met\u00e0 delle imprese (56,6%) pensa sia fondamentale richiedere la presenza in azienda in determinati giorni e, anche per questo, riorganizzare gli spazi (28,8%).<\/p>\n<p><img decoding=\"async\" class=\"img img-responsive aligncenter\" title=\"Grafico Quali sono cambiamenti da adottare per utilizzare pi\u00f9 smart working? - Nota CSC Indagine Confindustria sul lavoro 2021\" src=\"https:\/\/www.confindustria.it\/wcm\/connect\/0e9d997d-3a3e-49d0-be2f-4488f6faf285\/4\/FiguraD_NotaCSC_2_2021.PNG?MOD=AJPERES&amp;CVID=\" alt=\"Grafico Quali sono cambiamenti da adottare per utilizzare pi\u00f9 smart working? - Nota CSC Indagine Confindustria sul lavoro 2021\" \/><\/p>\n<p>Per massimizzare i vantaggi dello smart working le imprese dovranno adottare policy organizzative e gestionali nuove. Questo le imprese lo sanno, anche se ancora li considerano investimenti meno importanti rispetto ad altri citati. Meno di una su cinque dichiara di dover investire per formare i manager per rafforzarne le competenze trasversali. Poco pi\u00f9 di una su dieci, infine, intende introdurre\/espandere sistemi di valutazione e incentivazione del personale.<\/p>\n<p>Per approfondire leggi anche la <a href=\"https:\/\/www.industryisin.bz.it\/lo-smart-working-visto-dai-giovani-imprenditori\/\">posizione del Gruppo Giovani Imprenditori di Assoimprenditori Alto Adige<\/a>.<\/p>\n<p>&nbsp;<\/p>\n","protected":false},"excerpt":{"rendered":"<p>L\u2019indagine Confindustria sul lavoro condotta a inizio 2021 rivela che prima della pandemia lo smart working era gi\u00e0 presente nel 12,4% delle imprese e coinvolgeva il 14,2% dei lavoratori. In particolare, questa modalit\u00e0 di lavoro era maggiormente presente nei servizi, anche per la natura stessa dell\u2019attivit\u00e0: il 16% delle imprese utilizzava questa forma di lavoro [&hellip;]<\/p>\n","protected":false},"author":12,"featured_media":5728,"comment_status":"closed","ping_status":"open","sticky":false,"template":"","format":"standard","meta":{"footnotes":""},"categories":[49],"tags":[507,573,263],"acf":[],"yoast_head":"<!-- This site is optimized with the Yoast SEO plugin v21.4 - https:\/\/yoast.com\/wordpress\/plugins\/seo\/ -->\n<title>Smart working promosso dalle imprese - Industry is IN<\/title>\n<meta name=\"description\" content=\"Cosa pensano le imprese dello smart working? Da un&#039;indagine di Confindustria emerge che la tendenza ci accompegner\u00e0 anche dopo la pandemia.\" \/>\n<meta name=\"robots\" content=\"index, follow, max-snippet:-1, max-image-preview:large, max-video-preview:-1\" \/>\n<link rel=\"canonical\" href=\"https:\/\/www.madeinbz.info\/smart-working-promosso-dalle-imprese\/\" \/>\n<meta property=\"og:locale\" content=\"de_DE\" \/>\n<meta property=\"og:type\" content=\"article\" \/>\n<meta property=\"og:title\" content=\"Smart working promosso dalle imprese - Industry is IN\" \/>\n<meta property=\"og:description\" content=\"Cosa pensano le imprese dello smart working? Da un&#039;indagine di Confindustria emerge che la tendenza ci accompegner\u00e0 anche dopo la pandemia.\" \/>\n<meta property=\"og:url\" content=\"https:\/\/www.madeinbz.info\/smart-working-promosso-dalle-imprese\/\" \/>\n<meta property=\"og:site_name\" content=\"Industry is IN\" \/>\n<meta property=\"article:published_time\" content=\"2022-01-06T07:23:03+00:00\" \/>\n<meta property=\"article:modified_time\" content=\"2022-01-12T15:08:29+00:00\" \/>\n<meta property=\"og:image\" content=\"https:\/\/www.madeinbz.info\/wp-content\/uploads\/2022\/01\/student-849821_1920.jpg\" \/>\n\t<meta property=\"og:image:width\" content=\"1920\" \/>\n\t<meta property=\"og:image:height\" content=\"1338\" \/>\n\t<meta property=\"og:image:type\" content=\"image\/jpeg\" \/>\n<meta name=\"author\" content=\"Mirco Marchiodi\" \/>\n<meta name=\"twitter:card\" content=\"summary_large_image\" \/>\n<meta name=\"twitter:label1\" content=\"Verfasst von\" \/>\n\t<meta name=\"twitter:data1\" content=\"Mirco Marchiodi\" \/>\n\t<meta name=\"twitter:label2\" content=\"Gesch\u00e4tzte Lesezeit\" \/>\n\t<meta name=\"twitter:data2\" content=\"3 Minuten\" \/>\n<script type=\"application\/ld+json\" class=\"yoast-schema-graph\">{\"@context\":\"https:\/\/schema.org\",\"@graph\":[{\"@type\":\"WebPage\",\"@id\":\"https:\/\/www.madeinbz.info\/smart-working-promosso-dalle-imprese\/\",\"url\":\"https:\/\/www.madeinbz.info\/smart-working-promosso-dalle-imprese\/\",\"name\":\"Smart working promosso dalle imprese - Industry is IN\",\"isPartOf\":{\"@id\":\"https:\/\/www.madeinbz.info\/#website\"},\"datePublished\":\"2022-01-06T07:23:03+00:00\",\"dateModified\":\"2022-01-12T15:08:29+00:00\",\"author\":{\"@id\":\"https:\/\/www.madeinbz.info\/#\/schema\/person\/8667a96cd65ac7d583f03cc141336402\"},\"description\":\"Cosa pensano le imprese dello smart working? Da un'indagine di Confindustria emerge che la tendenza ci accompegner\u00e0 anche dopo la pandemia.\",\"breadcrumb\":{\"@id\":\"https:\/\/www.madeinbz.info\/smart-working-promosso-dalle-imprese\/#breadcrumb\"},\"inLanguage\":\"de-DE\",\"potentialAction\":[{\"@type\":\"ReadAction\",\"target\":[\"https:\/\/www.madeinbz.info\/smart-working-promosso-dalle-imprese\/\"]}]},{\"@type\":\"BreadcrumbList\",\"@id\":\"https:\/\/www.madeinbz.info\/smart-working-promosso-dalle-imprese\/#breadcrumb\",\"itemListElement\":[{\"@type\":\"ListItem\",\"position\":1,\"name\":\"Home\",\"item\":\"https:\/\/www.madeinbz.info\/\"},{\"@type\":\"ListItem\",\"position\":2,\"name\":\"Smart working promosso dalle imprese\"}]},{\"@type\":\"WebSite\",\"@id\":\"https:\/\/www.madeinbz.info\/#website\",\"url\":\"https:\/\/www.madeinbz.info\/\",\"name\":\"Industry is IN\",\"description\":\"Storie di aziende e persone dell\u2019industria altoatesina\",\"potentialAction\":[{\"@type\":\"SearchAction\",\"target\":{\"@type\":\"EntryPoint\",\"urlTemplate\":\"https:\/\/www.madeinbz.info\/?s={search_term_string}\"},\"query-input\":\"required name=search_term_string\"}],\"inLanguage\":\"de-DE\"},{\"@type\":\"Person\",\"@id\":\"https:\/\/www.madeinbz.info\/#\/schema\/person\/8667a96cd65ac7d583f03cc141336402\",\"name\":\"Mirco Marchiodi\",\"image\":{\"@type\":\"ImageObject\",\"inLanguage\":\"de-DE\",\"@id\":\"https:\/\/www.madeinbz.info\/#\/schema\/person\/image\/\",\"url\":\"https:\/\/secure.gravatar.com\/avatar\/835a55d718e23261f6131ea85ee5056f?s=96&d=mm&r=g\",\"contentUrl\":\"https:\/\/secure.gravatar.com\/avatar\/835a55d718e23261f6131ea85ee5056f?s=96&d=mm&r=g\",\"caption\":\"Mirco Marchiodi\"},\"url\":\"https:\/\/www.industryisin.bz.it\/de\/author\/mirco\/\"}]}<\/script>\n<!-- \/ Yoast SEO plugin. -->","yoast_head_json":{"title":"Smart working promosso dalle imprese - Industry is IN","description":"Cosa pensano le imprese dello smart working? Da un'indagine di Confindustria emerge che la tendenza ci accompegner\u00e0 anche dopo la pandemia.","robots":{"index":"index","follow":"follow","max-snippet":"max-snippet:-1","max-image-preview":"max-image-preview:large","max-video-preview":"max-video-preview:-1"},"canonical":"https:\/\/www.madeinbz.info\/smart-working-promosso-dalle-imprese\/","og_locale":"de_DE","og_type":"article","og_title":"Smart working promosso dalle imprese - Industry is IN","og_description":"Cosa pensano le imprese dello smart working? Da un'indagine di Confindustria emerge che la tendenza ci accompegner\u00e0 anche dopo la pandemia.","og_url":"https:\/\/www.madeinbz.info\/smart-working-promosso-dalle-imprese\/","og_site_name":"Industry is IN","article_published_time":"2022-01-06T07:23:03+00:00","article_modified_time":"2022-01-12T15:08:29+00:00","og_image":[{"width":1920,"height":1338,"url":"https:\/\/www.madeinbz.info\/wp-content\/uploads\/2022\/01\/student-849821_1920.jpg","type":"image\/jpeg"}],"author":"Mirco Marchiodi","twitter_card":"summary_large_image","twitter_misc":{"Verfasst von":"Mirco Marchiodi","Gesch\u00e4tzte Lesezeit":"3 Minuten"},"schema":{"@context":"https:\/\/schema.org","@graph":[{"@type":"WebPage","@id":"https:\/\/www.madeinbz.info\/smart-working-promosso-dalle-imprese\/","url":"https:\/\/www.madeinbz.info\/smart-working-promosso-dalle-imprese\/","name":"Smart working promosso dalle imprese - Industry is IN","isPartOf":{"@id":"https:\/\/www.madeinbz.info\/#website"},"datePublished":"2022-01-06T07:23:03+00:00","dateModified":"2022-01-12T15:08:29+00:00","author":{"@id":"https:\/\/www.madeinbz.info\/#\/schema\/person\/8667a96cd65ac7d583f03cc141336402"},"description":"Cosa pensano le imprese dello smart working? Da un'indagine di Confindustria emerge che la tendenza ci accompegner\u00e0 anche dopo la pandemia.","breadcrumb":{"@id":"https:\/\/www.madeinbz.info\/smart-working-promosso-dalle-imprese\/#breadcrumb"},"inLanguage":"de-DE","potentialAction":[{"@type":"ReadAction","target":["https:\/\/www.madeinbz.info\/smart-working-promosso-dalle-imprese\/"]}]},{"@type":"BreadcrumbList","@id":"https:\/\/www.madeinbz.info\/smart-working-promosso-dalle-imprese\/#breadcrumb","itemListElement":[{"@type":"ListItem","position":1,"name":"Home","item":"https:\/\/www.madeinbz.info\/"},{"@type":"ListItem","position":2,"name":"Smart working promosso dalle imprese"}]},{"@type":"WebSite","@id":"https:\/\/www.madeinbz.info\/#website","url":"https:\/\/www.madeinbz.info\/","name":"Industry is IN","description":"Storie di aziende e persone dell\u2019industria altoatesina","potentialAction":[{"@type":"SearchAction","target":{"@type":"EntryPoint","urlTemplate":"https:\/\/www.madeinbz.info\/?s={search_term_string}"},"query-input":"required name=search_term_string"}],"inLanguage":"de-DE"},{"@type":"Person","@id":"https:\/\/www.madeinbz.info\/#\/schema\/person\/8667a96cd65ac7d583f03cc141336402","name":"Mirco Marchiodi","image":{"@type":"ImageObject","inLanguage":"de-DE","@id":"https:\/\/www.madeinbz.info\/#\/schema\/person\/image\/","url":"https:\/\/secure.gravatar.com\/avatar\/835a55d718e23261f6131ea85ee5056f?s=96&d=mm&r=g","contentUrl":"https:\/\/secure.gravatar.com\/avatar\/835a55d718e23261f6131ea85ee5056f?s=96&d=mm&r=g","caption":"Mirco Marchiodi"},"url":"https:\/\/www.industryisin.bz.it\/de\/author\/mirco\/"}]}},"_links":{"self":[{"href":"https:\/\/www.industryisin.bz.it\/de\/wp-json\/wp\/v2\/posts\/5724"}],"collection":[{"href":"https:\/\/www.industryisin.bz.it\/de\/wp-json\/wp\/v2\/posts"}],"about":[{"href":"https:\/\/www.industryisin.bz.it\/de\/wp-json\/wp\/v2\/types\/post"}],"author":[{"embeddable":true,"href":"https:\/\/www.industryisin.bz.it\/de\/wp-json\/wp\/v2\/users\/12"}],"replies":[{"embeddable":true,"href":"https:\/\/www.industryisin.bz.it\/de\/wp-json\/wp\/v2\/comments?post=5724"}],"version-history":[{"count":7,"href":"https:\/\/www.industryisin.bz.it\/de\/wp-json\/wp\/v2\/posts\/5724\/revisions"}],"predecessor-version":[{"id":5736,"href":"https:\/\/www.industryisin.bz.it\/de\/wp-json\/wp\/v2\/posts\/5724\/revisions\/5736"}],"wp:featuredmedia":[{"embeddable":true,"href":"https:\/\/www.industryisin.bz.it\/de\/wp-json\/wp\/v2\/media\/5728"}],"wp:attachment":[{"href":"https:\/\/www.industryisin.bz.it\/de\/wp-json\/wp\/v2\/media?parent=5724"}],"wp:term":[{"taxonomy":"category","embeddable":true,"href":"https:\/\/www.industryisin.bz.it\/de\/wp-json\/wp\/v2\/categories?post=5724"},{"taxonomy":"post_tag","embeddable":true,"href":"https:\/\/www.industryisin.bz.it\/de\/wp-json\/wp\/v2\/tags?post=5724"}],"curies":[{"name":"wp","href":"https:\/\/api.w.org\/{rel}","templated":true}]}}