{"id":5640,"date":"2021-12-06T09:31:35","date_gmt":"2021-12-06T08:31:35","guid":{"rendered":"https:\/\/www.industryisin.bz.it\/?p=5640"},"modified":"2021-12-06T09:31:35","modified_gmt":"2021-12-06T08:31:35","slug":"begeisterung-am-anfang-einer-erfolgsgeschichte","status":"publish","type":"post","link":"https:\/\/www.industryisin.bz.it\/de\/begeisterung-am-anfang-einer-erfolgsgeschichte\/","title":{"rendered":"Begeisterung am Anfang einer Erfolgsgeschichte"},"content":{"rendered":"<p>Es war das Jahr 1996, als in Bruneck 19 junge Menschen voller Begeisterung entschieden, ihr eigenes Unternehmen zu gr\u00fcnden. Alle waren Angestellte der Gasser Metallbau, ein gutgehendes Unternehmen, das aus privaten \u00dcberlegungen des Inhabers geschlossen wurde.<\/p>\n<p>\u201eHeute w\u00fcrde man uns als Start-up bezeichnen\u201c, lacht Gert Steger. Er war damals einer von jenen 19 Mitarbeitern, die sich im J\u00e4nner 1996 im Gasthaus zu einer Sitzung getroffen haben, um eine Absichtserkl\u00e4rung \u00fcber die Gr\u00fcndung des Unternehmens zu unterschreiben. \u201eAlles was wir hatten, war unser Wissen und unsere Begeisterung. Eine Halle, B\u00fcros, alles fehlte.\u201c<\/p>\n<h2><strong>Unternehmensgr\u00fcndung am Karfreitag<\/strong><\/h2>\n<p>Die Gr\u00fcndung \u2013 aus steuerrechtlichen Gr\u00fcnden wurde eine Genossenschaft gew\u00e4hlt \u2013 fand am 4. April 1996, einem Karfreitag, statt. \u201eIn Meran haben wir einen Notar gefunden, der am Karfreitag offen war\u201c, erinnert sich Gert Steger zur\u00fcck. Bei der Namensfindung war man sich schnell einig: <a href=\"https:\/\/www.vitralux.com\/\">Vitralux<\/a> \u2013 Vitrum f\u00fcr Glas und Lux als Einheit des Lichts.<\/p>\n<h2><strong>Produktionshalle Marke Eigenbau <\/strong><\/h2>\n<div id=\"attachment_5672\" style=\"width: 760px\" class=\"wp-caption alignright\"><img aria-describedby=\"caption-attachment-5672\" decoding=\"async\" loading=\"lazy\" class=\"wp-image-5672 size-large\" src=\"https:\/\/www.industryisin.bz.it\/wp-content\/uploads\/2021\/12\/88-1024x675.jpg\" alt=\"\" width=\"750\" height=\"494\" srcset=\"https:\/\/www.industryisin.bz.it\/wp-content\/uploads\/2021\/12\/88-1024x675.jpg 1024w, https:\/\/www.industryisin.bz.it\/wp-content\/uploads\/2021\/12\/88-300x198.jpg 300w, https:\/\/www.industryisin.bz.it\/wp-content\/uploads\/2021\/12\/88-768x506.jpg 768w, https:\/\/www.industryisin.bz.it\/wp-content\/uploads\/2021\/12\/88-1920x1265.jpg 1920w\" sizes=\"(max-width: 750px) 100vw, 750px\" \/><p id=\"caption-attachment-5672\" class=\"wp-caption-text\">Das erste Firmengeb\u00e4ude.<\/p><\/div>\n<p>Die Suche nach einer Halle war nicht einfach: \u201eWer vermietet schon so einer Truppe eine Halle? Irgendwann wurden wir dann doch f\u00fcndig, und haben die Bauarbeiten f\u00fcr die Adaptierung in Eigenregie durchgef\u00fchrt. Viel Unterst\u00fctzung haben wir von unserem langj\u00e4hrigen Lieferanten Wicona erhalten. Das Unternehmen hat uns die Maschinen zur Verf\u00fcgung gestellt und wir mussten erst nach einem Jahr bezahlen. Das erste B\u00fcro war, wie man heute sagen w\u00fcrde, ein \u00b4Homeoffice\u00b4.\u201c<\/p>\n<h2><strong>Start der Produktion mit viel Begeisterung<\/strong><\/h2>\n<div id=\"attachment_5678\" style=\"width: 760px\" class=\"wp-caption alignright\"><img aria-describedby=\"caption-attachment-5678\" decoding=\"async\" loading=\"lazy\" class=\"wp-image-5678 size-large\" src=\"https:\/\/www.industryisin.bz.it\/wp-content\/uploads\/2021\/12\/Das-erste-Montageauto-1024x682.jpg\" alt=\"\" width=\"750\" height=\"500\" srcset=\"https:\/\/www.industryisin.bz.it\/wp-content\/uploads\/2021\/12\/Das-erste-Montageauto-1024x682.jpg 1024w, https:\/\/www.industryisin.bz.it\/wp-content\/uploads\/2021\/12\/Das-erste-Montageauto-300x200.jpg 300w, https:\/\/www.industryisin.bz.it\/wp-content\/uploads\/2021\/12\/Das-erste-Montageauto-768x511.jpg 768w, https:\/\/www.industryisin.bz.it\/wp-content\/uploads\/2021\/12\/Das-erste-Montageauto-1920x1278.jpg 1920w\" sizes=\"(max-width: 750px) 100vw, 750px\" \/><p id=\"caption-attachment-5678\" class=\"wp-caption-text\">Stolz war man auf das erste Montageauto.<\/p><\/div>\n<div id=\"attachment_5676\" style=\"width: 760px\" class=\"wp-caption alignleft\"><img aria-describedby=\"caption-attachment-5676\" decoding=\"async\" loading=\"lazy\" class=\"wp-image-5676 size-large\" src=\"https:\/\/www.industryisin.bz.it\/wp-content\/uploads\/2021\/12\/20210513084120965_0030-e1638776419820-1024x683.jpg\" alt=\"\" width=\"750\" height=\"500\" srcset=\"https:\/\/www.industryisin.bz.it\/wp-content\/uploads\/2021\/12\/20210513084120965_0030-e1638776419820-1024x683.jpg 1024w, https:\/\/www.industryisin.bz.it\/wp-content\/uploads\/2021\/12\/20210513084120965_0030-e1638776419820-300x200.jpg 300w, https:\/\/www.industryisin.bz.it\/wp-content\/uploads\/2021\/12\/20210513084120965_0030-e1638776419820-768x512.jpg 768w, https:\/\/www.industryisin.bz.it\/wp-content\/uploads\/2021\/12\/20210513084120965_0030-e1638776419820-1920x1281.jpg 1920w\" sizes=\"(max-width: 750px) 100vw, 750px\" \/><p id=\"caption-attachment-5676\" class=\"wp-caption-text\">Die Produktion konnte beginnen.<\/p><\/div>\n<p>Gerne erinnert sich Steger an die tolle Aufbruchsstimmung zur\u00fcck, die damals herrschte. Schon bald wurden die ersten Fahrzeuge angekauft, und im September `96 startete die Produktion. Einer der ersten gr\u00f6\u00dferen Auftr\u00e4ge war die Fassade des neuen Sitzes der Stadtwerke Bruneck \u2013 heute immer noch ein wichtiger Kunde, wie der soeben fertiggestellte Neubau der <a href=\"https:\/\/www.arena-bruneck.com\/\">Intercable Eisarena<\/a> in Bruneck.<\/p>\n<h2><strong>Die Gr\u00fcndungsmitglieder<\/strong><\/h2>\n<p>\u201e1999 haben wir die Genossenschaft dann in eine GmbH umgewandelt. Das Gesch\u00e4ft lief gut und der Neubau des Unternehmenssitzes stand an. Wir waren dann noch 16 Gr\u00fcndungsmitglieder, heute sind wir 14, einige sind leider verstorben bzw. ausgestiegen. 12 Gesellschafter arbeiten immer noch im Unternehmen\u201c, erz\u00e4hlt Steger stolz.<\/p>\n<h2><strong>Starker Zusammenhalt <\/strong><\/h2>\n<p>Mittlerweile z\u00e4hlt das Unternehmen ca. 80 Mitarbeiter samt externe Monteure. Der Jahresumsatz betr\u00e4gt rund 13 Mio. Euro. 60-70 Prozent davon werden in S\u00fcdtirol erwirtschaftet, der Rest auf der Achse M\u00fcnchen \u2013 Mailand. Was gleichgeblieben ist, ist der Zusammenhalt zwischen den Mitarbeitern und den Gesellschaftern.<\/p>\n<h2><strong>Gemeinsamer Nenner: die Firma<\/strong><\/h2>\n<p>Der Zusammenhalt \u2013 wie Steger unterstreicht, gab und gibt es eigentlich so gut wie keine Konflikte. \u201eJeder von uns f\u00fchlt sich f\u00fcr seinen Bereich verantwortlich, die Kompetenzen sind klar definiert. Im t\u00e4glichen Arbeiten sind wir Gesellschafter normale Mitarbeiter, unser Gesch\u00e4ftsf\u00fchrer Josef Blasbichler hat die F\u00e4den fest im Griff. Wichtig ist nat\u00fcrlich, Transparenz und die offene Kommunikation. Aber wir haben ja auch alle einen gemeinsamen Nenner: unsere Firma\u201c, stellt Steger klar.<\/p>\n<h2><strong>25 Jahre \u2013 ein Grund zum Feiern<\/strong><\/h2>\n<p>Das <a href=\"https:\/\/www.industryisin.bz.it\/wiederanfang-statt-ende\/\">25-j\u00e4hrige Jubil\u00e4um<\/a> war ein Grund zum Feiern: ein neues Logo, eine neue Internetseite und einen neuen Messestand hat sich das Unternehmen geschenkt. \u201eN\u00e4chstes Jahr wollen wir dann mit dem Zubau beginnen. Geplant ist eine 3-st\u00f6ckige Produktionshalle, damit wir genug Platz haben\u201c, so Steger. Auf weitere erfolgreiche 25 Jahre!<\/p>\n<div id=\"attachment_5668\" style=\"width: 760px\" class=\"wp-caption alignleft\"><img aria-describedby=\"caption-attachment-5668\" decoding=\"async\" loading=\"lazy\" class=\"wp-image-5668 size-large\" src=\"https:\/\/www.industryisin.bz.it\/wp-content\/uploads\/2021\/12\/3-1024x768.jpg\" alt=\"\" width=\"750\" height=\"563\" srcset=\"https:\/\/www.industryisin.bz.it\/wp-content\/uploads\/2021\/12\/3.jpg 1024w, https:\/\/www.industryisin.bz.it\/wp-content\/uploads\/2021\/12\/3-300x225.jpg 300w, https:\/\/www.industryisin.bz.it\/wp-content\/uploads\/2021\/12\/3-768x576.jpg 768w\" sizes=\"(max-width: 750px) 100vw, 750px\" \/><p id=\"caption-attachment-5668\" class=\"wp-caption-text\">Zum Jubil\u00e4um gab es einen neuen Messestand f\u00fcr Vitralux.<\/p><\/div>\n","protected":false},"excerpt":{"rendered":"<p>Es war das Jahr 1996, als in Bruneck 19 junge Menschen voller Begeisterung entschieden, ihr eigenes Unternehmen zu gr\u00fcnden. Alle waren Angestellte der Gasser Metallbau, ein gutgehendes Unternehmen, das aus privaten \u00dcberlegungen des Inhabers geschlossen wurde. \u201eHeute w\u00fcrde man uns als Start-up bezeichnen\u201c, lacht Gert Steger. Er war damals einer von jenen 19 Mitarbeitern, die [&hellip;]<\/p>\n","protected":false},"author":13,"featured_media":5683,"comment_status":"closed","ping_status":"open","sticky":false,"template":"","format":"standard","meta":{"footnotes":""},"categories":[47],"tags":[577,463],"acf":[],"yoast_head":"<!-- This site is optimized with the Yoast SEO plugin v21.4 - https:\/\/yoast.com\/wordpress\/plugins\/seo\/ -->\n<title>Begeisterung am Anfang einer Erfolgsgeschichte - Industry is IN<\/title>\n<meta name=\"description\" content=\"Mit viel Begeisterung begannen 19 junge Menschen 1996 ein neues Abenteuer in Bruneck: gemeinsam gr\u00fcndetet sie die Vitralux.\" \/>\n<meta name=\"robots\" content=\"index, follow, max-snippet:-1, max-image-preview:large, max-video-preview:-1\" \/>\n<link rel=\"canonical\" href=\"https:\/\/www.madeinbz.info\/begeisterung-am-anfang-einer-erfolgsgeschichte\/\" \/>\n<meta property=\"og:locale\" content=\"de_DE\" \/>\n<meta property=\"og:type\" content=\"article\" \/>\n<meta property=\"og:title\" content=\"Begeisterung am Anfang einer Erfolgsgeschichte - Industry is IN\" \/>\n<meta property=\"og:description\" content=\"Mit viel Begeisterung begannen 19 junge Menschen 1996 ein neues Abenteuer in Bruneck: gemeinsam gr\u00fcndetet sie die Vitralux.\" \/>\n<meta property=\"og:url\" content=\"https:\/\/www.madeinbz.info\/begeisterung-am-anfang-einer-erfolgsgeschichte\/\" \/>\n<meta property=\"og:site_name\" content=\"Industry is IN\" \/>\n<meta property=\"article:published_time\" content=\"2021-12-06T08:31:35+00:00\" \/>\n<meta property=\"og:image\" content=\"https:\/\/www.madeinbz.info\/wp-content\/uploads\/2021\/12\/titel.jpg\" \/>\n\t<meta property=\"og:image:width\" content=\"3540\" \/>\n\t<meta property=\"og:image:height\" content=\"1466\" \/>\n\t<meta property=\"og:image:type\" content=\"image\/jpeg\" \/>\n<meta name=\"author\" content=\"Angelika Bayer\" \/>\n<meta name=\"twitter:card\" content=\"summary_large_image\" \/>\n<meta name=\"twitter:label1\" content=\"Verfasst von\" \/>\n\t<meta name=\"twitter:data1\" content=\"Angelika Bayer\" \/>\n\t<meta name=\"twitter:label2\" content=\"Gesch\u00e4tzte Lesezeit\" \/>\n\t<meta name=\"twitter:data2\" content=\"3 Minuten\" \/>\n<script type=\"application\/ld+json\" class=\"yoast-schema-graph\">{\"@context\":\"https:\/\/schema.org\",\"@graph\":[{\"@type\":\"WebPage\",\"@id\":\"https:\/\/www.madeinbz.info\/begeisterung-am-anfang-einer-erfolgsgeschichte\/\",\"url\":\"https:\/\/www.madeinbz.info\/begeisterung-am-anfang-einer-erfolgsgeschichte\/\",\"name\":\"Begeisterung am Anfang einer Erfolgsgeschichte - Industry is IN\",\"isPartOf\":{\"@id\":\"https:\/\/www.madeinbz.info\/#website\"},\"datePublished\":\"2021-12-06T08:31:35+00:00\",\"dateModified\":\"2021-12-06T08:31:35+00:00\",\"author\":{\"@id\":\"https:\/\/www.madeinbz.info\/#\/schema\/person\/2c37e5aeb0f02de7cca30cb97ffc38e8\"},\"description\":\"Mit viel Begeisterung begannen 19 junge Menschen 1996 ein neues Abenteuer in Bruneck: gemeinsam gr\u00fcndetet sie die Vitralux.\",\"breadcrumb\":{\"@id\":\"https:\/\/www.madeinbz.info\/begeisterung-am-anfang-einer-erfolgsgeschichte\/#breadcrumb\"},\"inLanguage\":\"de-DE\",\"potentialAction\":[{\"@type\":\"ReadAction\",\"target\":[\"https:\/\/www.madeinbz.info\/begeisterung-am-anfang-einer-erfolgsgeschichte\/\"]}]},{\"@type\":\"BreadcrumbList\",\"@id\":\"https:\/\/www.madeinbz.info\/begeisterung-am-anfang-einer-erfolgsgeschichte\/#breadcrumb\",\"itemListElement\":[{\"@type\":\"ListItem\",\"position\":1,\"name\":\"Home\",\"item\":\"https:\/\/www.madeinbz.info\/\"},{\"@type\":\"ListItem\",\"position\":2,\"name\":\"Begeisterung am Anfang einer Erfolgsgeschichte\"}]},{\"@type\":\"WebSite\",\"@id\":\"https:\/\/www.madeinbz.info\/#website\",\"url\":\"https:\/\/www.madeinbz.info\/\",\"name\":\"Industry is IN\",\"description\":\"Storie di aziende e persone dell\u2019industria altoatesina\",\"potentialAction\":[{\"@type\":\"SearchAction\",\"target\":{\"@type\":\"EntryPoint\",\"urlTemplate\":\"https:\/\/www.madeinbz.info\/?s={search_term_string}\"},\"query-input\":\"required name=search_term_string\"}],\"inLanguage\":\"de-DE\"},{\"@type\":\"Person\",\"@id\":\"https:\/\/www.madeinbz.info\/#\/schema\/person\/2c37e5aeb0f02de7cca30cb97ffc38e8\",\"name\":\"Angelika Bayer\",\"image\":{\"@type\":\"ImageObject\",\"inLanguage\":\"de-DE\",\"@id\":\"https:\/\/www.madeinbz.info\/#\/schema\/person\/image\/\",\"url\":\"https:\/\/secure.gravatar.com\/avatar\/d5d603996af27fc843daae65ef659f93?s=96&d=mm&r=g\",\"contentUrl\":\"https:\/\/secure.gravatar.com\/avatar\/d5d603996af27fc843daae65ef659f93?s=96&d=mm&r=g\",\"caption\":\"Angelika Bayer\"},\"url\":\"https:\/\/www.industryisin.bz.it\/de\/author\/angelika\/\"}]}<\/script>\n<!-- \/ Yoast SEO plugin. -->","yoast_head_json":{"title":"Begeisterung am Anfang einer Erfolgsgeschichte - Industry is IN","description":"Mit viel Begeisterung begannen 19 junge Menschen 1996 ein neues Abenteuer in Bruneck: gemeinsam gr\u00fcndetet sie die Vitralux.","robots":{"index":"index","follow":"follow","max-snippet":"max-snippet:-1","max-image-preview":"max-image-preview:large","max-video-preview":"max-video-preview:-1"},"canonical":"https:\/\/www.madeinbz.info\/begeisterung-am-anfang-einer-erfolgsgeschichte\/","og_locale":"de_DE","og_type":"article","og_title":"Begeisterung am Anfang einer Erfolgsgeschichte - Industry is IN","og_description":"Mit viel Begeisterung begannen 19 junge Menschen 1996 ein neues Abenteuer in Bruneck: gemeinsam gr\u00fcndetet sie die Vitralux.","og_url":"https:\/\/www.madeinbz.info\/begeisterung-am-anfang-einer-erfolgsgeschichte\/","og_site_name":"Industry is IN","article_published_time":"2021-12-06T08:31:35+00:00","og_image":[{"width":3540,"height":1466,"url":"https:\/\/www.madeinbz.info\/wp-content\/uploads\/2021\/12\/titel.jpg","type":"image\/jpeg"}],"author":"Angelika Bayer","twitter_card":"summary_large_image","twitter_misc":{"Verfasst von":"Angelika Bayer","Gesch\u00e4tzte Lesezeit":"3 Minuten"},"schema":{"@context":"https:\/\/schema.org","@graph":[{"@type":"WebPage","@id":"https:\/\/www.madeinbz.info\/begeisterung-am-anfang-einer-erfolgsgeschichte\/","url":"https:\/\/www.madeinbz.info\/begeisterung-am-anfang-einer-erfolgsgeschichte\/","name":"Begeisterung am Anfang einer Erfolgsgeschichte - Industry is IN","isPartOf":{"@id":"https:\/\/www.madeinbz.info\/#website"},"datePublished":"2021-12-06T08:31:35+00:00","dateModified":"2021-12-06T08:31:35+00:00","author":{"@id":"https:\/\/www.madeinbz.info\/#\/schema\/person\/2c37e5aeb0f02de7cca30cb97ffc38e8"},"description":"Mit viel Begeisterung begannen 19 junge Menschen 1996 ein neues Abenteuer in Bruneck: gemeinsam gr\u00fcndetet sie die Vitralux.","breadcrumb":{"@id":"https:\/\/www.madeinbz.info\/begeisterung-am-anfang-einer-erfolgsgeschichte\/#breadcrumb"},"inLanguage":"de-DE","potentialAction":[{"@type":"ReadAction","target":["https:\/\/www.madeinbz.info\/begeisterung-am-anfang-einer-erfolgsgeschichte\/"]}]},{"@type":"BreadcrumbList","@id":"https:\/\/www.madeinbz.info\/begeisterung-am-anfang-einer-erfolgsgeschichte\/#breadcrumb","itemListElement":[{"@type":"ListItem","position":1,"name":"Home","item":"https:\/\/www.madeinbz.info\/"},{"@type":"ListItem","position":2,"name":"Begeisterung am Anfang einer Erfolgsgeschichte"}]},{"@type":"WebSite","@id":"https:\/\/www.madeinbz.info\/#website","url":"https:\/\/www.madeinbz.info\/","name":"Industry is IN","description":"Storie di aziende e persone dell\u2019industria altoatesina","potentialAction":[{"@type":"SearchAction","target":{"@type":"EntryPoint","urlTemplate":"https:\/\/www.madeinbz.info\/?s={search_term_string}"},"query-input":"required name=search_term_string"}],"inLanguage":"de-DE"},{"@type":"Person","@id":"https:\/\/www.madeinbz.info\/#\/schema\/person\/2c37e5aeb0f02de7cca30cb97ffc38e8","name":"Angelika Bayer","image":{"@type":"ImageObject","inLanguage":"de-DE","@id":"https:\/\/www.madeinbz.info\/#\/schema\/person\/image\/","url":"https:\/\/secure.gravatar.com\/avatar\/d5d603996af27fc843daae65ef659f93?s=96&d=mm&r=g","contentUrl":"https:\/\/secure.gravatar.com\/avatar\/d5d603996af27fc843daae65ef659f93?s=96&d=mm&r=g","caption":"Angelika Bayer"},"url":"https:\/\/www.industryisin.bz.it\/de\/author\/angelika\/"}]}},"_links":{"self":[{"href":"https:\/\/www.industryisin.bz.it\/de\/wp-json\/wp\/v2\/posts\/5640"}],"collection":[{"href":"https:\/\/www.industryisin.bz.it\/de\/wp-json\/wp\/v2\/posts"}],"about":[{"href":"https:\/\/www.industryisin.bz.it\/de\/wp-json\/wp\/v2\/types\/post"}],"author":[{"embeddable":true,"href":"https:\/\/www.industryisin.bz.it\/de\/wp-json\/wp\/v2\/users\/13"}],"replies":[{"embeddable":true,"href":"https:\/\/www.industryisin.bz.it\/de\/wp-json\/wp\/v2\/comments?post=5640"}],"version-history":[{"count":5,"href":"https:\/\/www.industryisin.bz.it\/de\/wp-json\/wp\/v2\/posts\/5640\/revisions"}],"predecessor-version":[{"id":5686,"href":"https:\/\/www.industryisin.bz.it\/de\/wp-json\/wp\/v2\/posts\/5640\/revisions\/5686"}],"wp:featuredmedia":[{"embeddable":true,"href":"https:\/\/www.industryisin.bz.it\/de\/wp-json\/wp\/v2\/media\/5683"}],"wp:attachment":[{"href":"https:\/\/www.industryisin.bz.it\/de\/wp-json\/wp\/v2\/media?parent=5640"}],"wp:term":[{"taxonomy":"category","embeddable":true,"href":"https:\/\/www.industryisin.bz.it\/de\/wp-json\/wp\/v2\/categories?post=5640"},{"taxonomy":"post_tag","embeddable":true,"href":"https:\/\/www.industryisin.bz.it\/de\/wp-json\/wp\/v2\/tags?post=5640"}],"curies":[{"name":"wp","href":"https:\/\/api.w.org\/{rel}","templated":true}]}}