{"id":5631,"date":"2021-11-26T08:49:31","date_gmt":"2021-11-26T07:49:31","guid":{"rendered":"https:\/\/www.industryisin.bz.it\/?p=5631"},"modified":"2021-11-26T08:49:31","modified_gmt":"2021-11-26T07:49:31","slug":"digitalisierung-umweltschutz-auch-im-transport-aktueller-denn-je","status":"publish","type":"post","link":"https:\/\/www.industryisin.bz.it\/de\/digitalisierung-umweltschutz-auch-im-transport-aktueller-denn-je\/","title":{"rendered":"Digitalisierung, Umweltschutz \u2013 auch im Transport aktueller denn je"},"content":{"rendered":"<p>Ein junges, motiviertes Team, Digitalisierung und ein moderner Fuhrpark: damit reagiert die <a href=\"https:\/\/transalbert.com\/\">Transalbert GmbH<\/a> aus Schluderns im Vinschgau auf die aktuellen Herausforderungen in der Welt des Transports und der Logistik. In den kommenden 10 Jahren wird sich auch im Bereich der Antriebstechnik viel ver\u00e4ndern, ist man im Unternehmen \u00fcberzeugt.<\/p>\n<h2><strong>Immer auf dem neuesten Stand<\/strong><\/h2>\n<div id=\"attachment_5633\" style=\"width: 760px\" class=\"wp-caption alignleft\"><img aria-describedby=\"caption-attachment-5633\" decoding=\"async\" loading=\"lazy\" class=\"wp-image-5633 size-large\" src=\"https:\/\/www.industryisin.bz.it\/wp-content\/uploads\/2021\/11\/20211112_144056-1024x768.jpg\" alt=\"\" width=\"750\" height=\"563\" srcset=\"https:\/\/www.industryisin.bz.it\/wp-content\/uploads\/2021\/11\/20211112_144056-1024x768.jpg 1024w, https:\/\/www.industryisin.bz.it\/wp-content\/uploads\/2021\/11\/20211112_144056-300x225.jpg 300w, https:\/\/www.industryisin.bz.it\/wp-content\/uploads\/2021\/11\/20211112_144056-768x576.jpg 768w, https:\/\/www.industryisin.bz.it\/wp-content\/uploads\/2021\/11\/20211112_144056-1920x1440.jpg 1920w\" sizes=\"(max-width: 750px) 100vw, 750px\" \/><p id=\"caption-attachment-5633\" class=\"wp-caption-text\">Immer auf dem neusten Stand der Technik ist die Werkstatt in Schulderns.<\/p><\/div>\n<p>Gegr\u00fcndet im Jahr 1994, geh\u00f6rt das Transport-Unternehmen Transalbert mittlerweile der deutschen <a href=\"https:\/\/www.hegelmann.com\/de\/\">Hegelmann-Gruppe<\/a> an, was viele Vorteile mit sich bringt, wie Rudi Trafoier, der Standortleiter in Schluderns unterstreicht: \u201eSowohl unser Fuhrpark als auch unsere technologische Ausstattung in der Werkst\u00e4tte sind immer auf dem neuesten Stand. Gerade f\u00fcr junge Mitarbeiter ist es zudem sehr interessant, dass sie einen Teil der Ausbildung in Deutschland absolvieren k\u00f6nnen und immer wieder im internationalen Austausch stehen.\u201c<\/p>\n<h2><strong>Im Herzen der Alpen<\/strong><\/h2>\n<p>Der Firmenstandort in Schluderns bringt aber auch f\u00fcr die Gruppe einen wichtigen Vorteil \u2013 denn er liegt im Herzen der Alpen und zentral an der Nord-S\u00fcd-Achse zwischen Deutschland und Italien. \u201eDer Reschen ist eine wichtige Transitroute. Die Fr\u00e4chter sparen so Geld, da sie nicht die \u00fcberlastete Autobahn benutzen m\u00fcssen, und auch keine Autobahnmaut anf\u00e4llt\u201c, erkl\u00e4rt Trafoier. Im Vinschgau arbeiten 120 Mitarbeiter, rund 100 davon sind LKW-Fahrer.<\/p>\n<h2><strong>Digitalisierung <\/strong><\/h2>\n<p>Die Digitalisierung spielt auch in dieser Branche mittlerweile eine nicht mehr wegzudenkende Rolle. Bei der Wartung und Reparatur der Fahrzeuge geht ohne Computer gar nichts mehr, aber auch das gesamte Ersatzteillager wird digital gesteuert. \u201eEin gutes technisches Verst\u00e4ndnis bzw. technisches Interesse m\u00fcssen unsere Mitarbeiter deshalb mitbringen.\u201c<\/p>\n<h2><strong>Digitalisierung und Umweltschutz als Themen der n\u00e4chsten Jahre<\/strong><\/h2>\n<p>Spannend wird es in den kommenden 10 Jahren auch, was die Antriebstechnik bei den Fahrzeugen betrifft. \u201eEin moderner Fuhrpark bedeutet weniger Emissionen. Wir haben derzeit zwei gasbetriebene Fahrzeuge, von der Leistung gibt es da praktisch keine Unterschiede mehr. Das Problem sind eher fehlende Tankstellen. Viele Hersteller sind bei der Elektrotechnik bereits sehr weit. Unsere Gruppe hat in diesem Bereich auch ein Forschungsprojekt mit der Uni Karlsruhe am Laufen. In den n\u00e4chsten 10 Jahren erwarte ich mir da wirklich eine gro\u00dfe Ver\u00e4nderung\u201c, blickt Trafoier gespannt in die Zukunft.<\/p>\n<p>&nbsp;<\/p>\n","protected":false},"excerpt":{"rendered":"<p>Ein junges, motiviertes Team, Digitalisierung und ein moderner Fuhrpark: damit reagiert die Transalbert GmbH aus Schluderns im Vinschgau auf die aktuellen Herausforderungen in der Welt des Transports und der Logistik. In den kommenden 10 Jahren wird sich auch im Bereich der Antriebstechnik viel ver\u00e4ndern, ist man im Unternehmen \u00fcberzeugt. Immer auf dem neuesten Stand Gegr\u00fcndet [&hellip;]<\/p>\n","protected":false},"author":13,"featured_media":5637,"comment_status":"closed","ping_status":"open","sticky":false,"template":"","format":"standard","meta":{"footnotes":""},"categories":[47],"tags":[569,575,70,576],"acf":[],"yoast_head":"<!-- This site is optimized with the Yoast SEO plugin v21.4 - https:\/\/yoast.com\/wordpress\/plugins\/seo\/ -->\n<title>Digitalisierung, Umweltschutz \u2013 auch im Transport aktueller denn je - Industry is IN<\/title>\n<meta name=\"description\" content=\"Die Digitalisierung und der Umweltschutz sind auch im Transportwesen zentrale Themen. Die Vinschger Transalbert blickt gespannt in die Zukunft.\" \/>\n<meta name=\"robots\" content=\"index, follow, max-snippet:-1, max-image-preview:large, max-video-preview:-1\" \/>\n<link rel=\"canonical\" href=\"https:\/\/www.madeinbz.info\/digitalisierung-umweltschutz-auch-im-transport-aktueller-denn-je\/\" \/>\n<meta property=\"og:locale\" content=\"de_DE\" \/>\n<meta property=\"og:type\" content=\"article\" \/>\n<meta property=\"og:title\" content=\"Digitalisierung, Umweltschutz \u2013 auch im Transport aktueller denn je - Industry is IN\" \/>\n<meta property=\"og:description\" content=\"Die Digitalisierung und der Umweltschutz sind auch im Transportwesen zentrale Themen. Die Vinschger Transalbert blickt gespannt in die Zukunft.\" \/>\n<meta property=\"og:url\" content=\"https:\/\/www.madeinbz.info\/digitalisierung-umweltschutz-auch-im-transport-aktueller-denn-je\/\" \/>\n<meta property=\"og:site_name\" content=\"Industry is IN\" \/>\n<meta property=\"article:published_time\" content=\"2021-11-26T07:49:31+00:00\" \/>\n<meta name=\"author\" content=\"Angelika Bayer\" \/>\n<meta name=\"twitter:card\" content=\"summary_large_image\" \/>\n<meta name=\"twitter:image\" content=\"https:\/\/www.industryisin.bz.it\/wp-content\/uploads\/2021\/11\/transalbert.bmp\" \/>\n<meta name=\"twitter:label1\" content=\"Verfasst von\" \/>\n\t<meta name=\"twitter:data1\" content=\"Angelika Bayer\" \/>\n\t<meta name=\"twitter:label2\" content=\"Gesch\u00e4tzte Lesezeit\" \/>\n\t<meta name=\"twitter:data2\" content=\"2 Minuten\" \/>\n<script type=\"application\/ld+json\" class=\"yoast-schema-graph\">{\"@context\":\"https:\/\/schema.org\",\"@graph\":[{\"@type\":\"WebPage\",\"@id\":\"https:\/\/www.madeinbz.info\/digitalisierung-umweltschutz-auch-im-transport-aktueller-denn-je\/\",\"url\":\"https:\/\/www.madeinbz.info\/digitalisierung-umweltschutz-auch-im-transport-aktueller-denn-je\/\",\"name\":\"Digitalisierung, Umweltschutz \u2013 auch im Transport aktueller denn je - Industry is IN\",\"isPartOf\":{\"@id\":\"https:\/\/www.madeinbz.info\/#website\"},\"datePublished\":\"2021-11-26T07:49:31+00:00\",\"dateModified\":\"2021-11-26T07:49:31+00:00\",\"author\":{\"@id\":\"https:\/\/www.madeinbz.info\/#\/schema\/person\/2c37e5aeb0f02de7cca30cb97ffc38e8\"},\"description\":\"Die Digitalisierung und der Umweltschutz sind auch im Transportwesen zentrale Themen. Die Vinschger Transalbert blickt gespannt in die Zukunft.\",\"breadcrumb\":{\"@id\":\"https:\/\/www.madeinbz.info\/digitalisierung-umweltschutz-auch-im-transport-aktueller-denn-je\/#breadcrumb\"},\"inLanguage\":\"de-DE\",\"potentialAction\":[{\"@type\":\"ReadAction\",\"target\":[\"https:\/\/www.madeinbz.info\/digitalisierung-umweltschutz-auch-im-transport-aktueller-denn-je\/\"]}]},{\"@type\":\"BreadcrumbList\",\"@id\":\"https:\/\/www.madeinbz.info\/digitalisierung-umweltschutz-auch-im-transport-aktueller-denn-je\/#breadcrumb\",\"itemListElement\":[{\"@type\":\"ListItem\",\"position\":1,\"name\":\"Home\",\"item\":\"https:\/\/www.madeinbz.info\/\"},{\"@type\":\"ListItem\",\"position\":2,\"name\":\"Digitalisierung, Umweltschutz \u2013 auch im Transport aktueller denn je\"}]},{\"@type\":\"WebSite\",\"@id\":\"https:\/\/www.madeinbz.info\/#website\",\"url\":\"https:\/\/www.madeinbz.info\/\",\"name\":\"Industry is IN\",\"description\":\"Storie di aziende e persone dell\u2019industria altoatesina\",\"potentialAction\":[{\"@type\":\"SearchAction\",\"target\":{\"@type\":\"EntryPoint\",\"urlTemplate\":\"https:\/\/www.madeinbz.info\/?s={search_term_string}\"},\"query-input\":\"required name=search_term_string\"}],\"inLanguage\":\"de-DE\"},{\"@type\":\"Person\",\"@id\":\"https:\/\/www.madeinbz.info\/#\/schema\/person\/2c37e5aeb0f02de7cca30cb97ffc38e8\",\"name\":\"Angelika Bayer\",\"image\":{\"@type\":\"ImageObject\",\"inLanguage\":\"de-DE\",\"@id\":\"https:\/\/www.madeinbz.info\/#\/schema\/person\/image\/\",\"url\":\"https:\/\/secure.gravatar.com\/avatar\/d5d603996af27fc843daae65ef659f93?s=96&d=mm&r=g\",\"contentUrl\":\"https:\/\/secure.gravatar.com\/avatar\/d5d603996af27fc843daae65ef659f93?s=96&d=mm&r=g\",\"caption\":\"Angelika Bayer\"},\"url\":\"https:\/\/www.industryisin.bz.it\/de\/author\/angelika\/\"}]}<\/script>\n<!-- \/ Yoast SEO plugin. -->","yoast_head_json":{"title":"Digitalisierung, Umweltschutz \u2013 auch im Transport aktueller denn je - Industry is IN","description":"Die Digitalisierung und der Umweltschutz sind auch im Transportwesen zentrale Themen. Die Vinschger Transalbert blickt gespannt in die Zukunft.","robots":{"index":"index","follow":"follow","max-snippet":"max-snippet:-1","max-image-preview":"max-image-preview:large","max-video-preview":"max-video-preview:-1"},"canonical":"https:\/\/www.madeinbz.info\/digitalisierung-umweltschutz-auch-im-transport-aktueller-denn-je\/","og_locale":"de_DE","og_type":"article","og_title":"Digitalisierung, Umweltschutz \u2013 auch im Transport aktueller denn je - Industry is IN","og_description":"Die Digitalisierung und der Umweltschutz sind auch im Transportwesen zentrale Themen. Die Vinschger Transalbert blickt gespannt in die Zukunft.","og_url":"https:\/\/www.madeinbz.info\/digitalisierung-umweltschutz-auch-im-transport-aktueller-denn-je\/","og_site_name":"Industry is IN","article_published_time":"2021-11-26T07:49:31+00:00","author":"Angelika Bayer","twitter_card":"summary_large_image","twitter_image":"https:\/\/www.industryisin.bz.it\/wp-content\/uploads\/2021\/11\/transalbert.bmp","twitter_misc":{"Verfasst von":"Angelika Bayer","Gesch\u00e4tzte Lesezeit":"2 Minuten"},"schema":{"@context":"https:\/\/schema.org","@graph":[{"@type":"WebPage","@id":"https:\/\/www.madeinbz.info\/digitalisierung-umweltschutz-auch-im-transport-aktueller-denn-je\/","url":"https:\/\/www.madeinbz.info\/digitalisierung-umweltschutz-auch-im-transport-aktueller-denn-je\/","name":"Digitalisierung, Umweltschutz \u2013 auch im Transport aktueller denn je - Industry is IN","isPartOf":{"@id":"https:\/\/www.madeinbz.info\/#website"},"datePublished":"2021-11-26T07:49:31+00:00","dateModified":"2021-11-26T07:49:31+00:00","author":{"@id":"https:\/\/www.madeinbz.info\/#\/schema\/person\/2c37e5aeb0f02de7cca30cb97ffc38e8"},"description":"Die Digitalisierung und der Umweltschutz sind auch im Transportwesen zentrale Themen. Die Vinschger Transalbert blickt gespannt in die Zukunft.","breadcrumb":{"@id":"https:\/\/www.madeinbz.info\/digitalisierung-umweltschutz-auch-im-transport-aktueller-denn-je\/#breadcrumb"},"inLanguage":"de-DE","potentialAction":[{"@type":"ReadAction","target":["https:\/\/www.madeinbz.info\/digitalisierung-umweltschutz-auch-im-transport-aktueller-denn-je\/"]}]},{"@type":"BreadcrumbList","@id":"https:\/\/www.madeinbz.info\/digitalisierung-umweltschutz-auch-im-transport-aktueller-denn-je\/#breadcrumb","itemListElement":[{"@type":"ListItem","position":1,"name":"Home","item":"https:\/\/www.madeinbz.info\/"},{"@type":"ListItem","position":2,"name":"Digitalisierung, Umweltschutz \u2013 auch im Transport aktueller denn je"}]},{"@type":"WebSite","@id":"https:\/\/www.madeinbz.info\/#website","url":"https:\/\/www.madeinbz.info\/","name":"Industry is IN","description":"Storie di aziende e persone dell\u2019industria altoatesina","potentialAction":[{"@type":"SearchAction","target":{"@type":"EntryPoint","urlTemplate":"https:\/\/www.madeinbz.info\/?s={search_term_string}"},"query-input":"required name=search_term_string"}],"inLanguage":"de-DE"},{"@type":"Person","@id":"https:\/\/www.madeinbz.info\/#\/schema\/person\/2c37e5aeb0f02de7cca30cb97ffc38e8","name":"Angelika Bayer","image":{"@type":"ImageObject","inLanguage":"de-DE","@id":"https:\/\/www.madeinbz.info\/#\/schema\/person\/image\/","url":"https:\/\/secure.gravatar.com\/avatar\/d5d603996af27fc843daae65ef659f93?s=96&d=mm&r=g","contentUrl":"https:\/\/secure.gravatar.com\/avatar\/d5d603996af27fc843daae65ef659f93?s=96&d=mm&r=g","caption":"Angelika Bayer"},"url":"https:\/\/www.industryisin.bz.it\/de\/author\/angelika\/"}]}},"_links":{"self":[{"href":"https:\/\/www.industryisin.bz.it\/de\/wp-json\/wp\/v2\/posts\/5631"}],"collection":[{"href":"https:\/\/www.industryisin.bz.it\/de\/wp-json\/wp\/v2\/posts"}],"about":[{"href":"https:\/\/www.industryisin.bz.it\/de\/wp-json\/wp\/v2\/types\/post"}],"author":[{"embeddable":true,"href":"https:\/\/www.industryisin.bz.it\/de\/wp-json\/wp\/v2\/users\/13"}],"replies":[{"embeddable":true,"href":"https:\/\/www.industryisin.bz.it\/de\/wp-json\/wp\/v2\/comments?post=5631"}],"version-history":[{"count":3,"href":"https:\/\/www.industryisin.bz.it\/de\/wp-json\/wp\/v2\/posts\/5631\/revisions"}],"predecessor-version":[{"id":5639,"href":"https:\/\/www.industryisin.bz.it\/de\/wp-json\/wp\/v2\/posts\/5631\/revisions\/5639"}],"wp:featuredmedia":[{"embeddable":true,"href":"https:\/\/www.industryisin.bz.it\/de\/wp-json\/wp\/v2\/media\/5637"}],"wp:attachment":[{"href":"https:\/\/www.industryisin.bz.it\/de\/wp-json\/wp\/v2\/media?parent=5631"}],"wp:term":[{"taxonomy":"category","embeddable":true,"href":"https:\/\/www.industryisin.bz.it\/de\/wp-json\/wp\/v2\/categories?post=5631"},{"taxonomy":"post_tag","embeddable":true,"href":"https:\/\/www.industryisin.bz.it\/de\/wp-json\/wp\/v2\/tags?post=5631"}],"curies":[{"name":"wp","href":"https:\/\/api.w.org\/{rel}","templated":true}]}}