{"id":4826,"date":"2021-01-19T06:21:07","date_gmt":"2021-01-19T05:21:07","guid":{"rendered":"https:\/\/www.industryisin.bz.it\/?p=4826"},"modified":"2021-01-21T15:55:11","modified_gmt":"2021-01-21T14:55:11","slug":"antizyklische-schwimmbader","status":"publish","type":"post","link":"https:\/\/www.industryisin.bz.it\/de\/antizyklische-schwimmbader\/","title":{"rendered":"Antizyklische Schwimmb\u00e4der"},"content":{"rendered":"<p>Prad, J\u00e4nner 2021. Das Stilfser Joch ist schneebedeckt, aber im Tal schreiten die Arbeiten f\u00fcr den Neubau der <a href=\"https:\/\/www.polyfaser.com\/it\/piscine-prefabbricate-vetroresina\/1-0.html\">Polyfaser AG<\/a> z\u00fcgig voran. Der Vinschger Betrieb, 1968 von Elda und Josef Wagmeister gegr\u00fcndet, befindet sich dank seiner Schwimmb\u00e4der auf Expansionskurs \u2013 und das inmitten der Coronapandemie. Das Familienunternehmen befindet sich gerade in der \u00dcbergabephase von der zweiten auf die dritte Generation. Wir haben mit Patrick Wagmeister, einem Mitglied der jungen Gesch\u00e4ftsleitung, gesprochen.<\/p>\n<h2>Schwimmbad f\u00fcr &#8222;Urlaub daheim&#8220;<\/h2>\n<p>\u201eUnser Unternehmen w\u00e4chst mittlerweile seit einigen Jahren. 2013 z\u00e4hlten wir knapp 60 Mitarbeiter, 2016 waren es 70, 2018 80 und 2019 90. Und 2020 haben wir mit 103 Mitarbeitern einen neuen H\u00f6chststand erreicht\u201c, erz\u00e4hlt Patrick Wagmeister. Neueinstellungen trotz Lockdown, wie passt das zusammen? \u201eHeute z\u00e4hlt Polyfaser europaweit zu den f\u00fchrenden Unternehmen in der Entwicklung, Herstellung und Vermarktung von Schwimmb\u00e4dern aus glasfaserverst\u00e4rktem Kunststoff und Schwimmbad\u00fcberdachungen. Durch die vielen Einschr\u00e4nkungen in der Pandemie ist Reisen schwieriger geworden. Viele haben sich dann dazu entschieden, Urlaub daheim zu machen und sich ein Privatbecken zuzulegen.\u201c Rund 800 Einst\u00fcckbecken produziert Polyfaser im Jahr, dazu kommen zirka 250 Schwimmbad\u00fcberdachungen und 100 Boote. Dieses f\u00fcr Polyfaser relativ neue Marktsegment macht inzwischen rund 15 Prozent des Gesamtumsatzes aus und w\u00e4chst kontinuierlich. \u201eDer Neubau mit 2.200 Quadratmeter Produktionsfl\u00e4che ist daher auch ausschlie\u00dflich als Produktionsst\u00e4tte f\u00fcr den Bootsbau gedacht\u201c, so Wagmeister.<\/p>\n<div id=\"attachment_4837\" style=\"width: 760px\" class=\"wp-caption aligncenter\"><img aria-describedby=\"caption-attachment-4837\" decoding=\"async\" loading=\"lazy\" class=\"wp-image-4837 size-large\" title=\"Schwimmbad von Polyfaser\" src=\"https:\/\/www.industryisin.bz.it\/wp-content\/uploads\/2021\/01\/Opal-7-1024x683.jpg\" alt=\"\" width=\"750\" height=\"500\" srcset=\"https:\/\/www.industryisin.bz.it\/wp-content\/uploads\/2021\/01\/Opal-7-1024x683.jpg 1024w, https:\/\/www.industryisin.bz.it\/wp-content\/uploads\/2021\/01\/Opal-7-300x200.jpg 300w, https:\/\/www.industryisin.bz.it\/wp-content\/uploads\/2021\/01\/Opal-7-768x512.jpg 768w, https:\/\/www.industryisin.bz.it\/wp-content\/uploads\/2021\/01\/Opal-7-1920x1280.jpg 1920w\" sizes=\"(max-width: 750px) 100vw, 750px\" \/><p id=\"caption-attachment-4837\" class=\"wp-caption-text\">Eines der 800 Schwimmb\u00e4der, die im letzten Jahr von Polyfaser angefertigt wurden<\/p><\/div>\n<h2>Neubau: saubere Energie durch Fotovoltaik und Hackschnitzel<\/h2>\n<p>Der Zubau gestaltete sich in diesen Monaten aufgrund der Coronaregeln etwas komplizierter als erwartet, konnte aber trotzdem planm\u00e4\u00dfig vorangebracht werden. \u201eEin wichtiges Anliegen waren uns von Anfang an die erneuerbaren Energien. So wird der Neubau durch eine Fotovoltaikanlage auf dem Dach autonom arbeiten k\u00f6nnen und durch unsere eigene Hackschnitzelanlage k\u00f6nnen wir auch die anderen Unternehmen in der Prader Industriezone mit Energie versorgen\u201c, erkl\u00e4rt Wagmeister.<\/p>\n<div id=\"attachment_4835\" style=\"width: 760px\" class=\"wp-caption aligncenter\"><img aria-describedby=\"caption-attachment-4835\" decoding=\"async\" loading=\"lazy\" class=\"wp-image-4835 size-large\" src=\"https:\/\/www.industryisin.bz.it\/wp-content\/uploads\/2021\/01\/Frauscher-Demon-1024x494.jpg\" alt=\"\" width=\"750\" height=\"362\" srcset=\"https:\/\/www.industryisin.bz.it\/wp-content\/uploads\/2021\/01\/Frauscher-Demon-1024x494.jpg 1024w, https:\/\/www.industryisin.bz.it\/wp-content\/uploads\/2021\/01\/Frauscher-Demon-300x145.jpg 300w, https:\/\/www.industryisin.bz.it\/wp-content\/uploads\/2021\/01\/Frauscher-Demon-768x371.jpg 768w, https:\/\/www.industryisin.bz.it\/wp-content\/uploads\/2021\/01\/Frauscher-Demon.jpg 1388w\" sizes=\"(max-width: 750px) 100vw, 750px\" \/><p id=\"caption-attachment-4835\" class=\"wp-caption-text\">Polyfaser produziert auch 100 Bootsk\u00f6rper pro Jahr<\/p><\/div>\n<h2>Industrie 4.0 und Diversifizierung<\/h2>\n<div id=\"attachment_4831\" style=\"width: 210px\" class=\"wp-caption alignleft\"><img aria-describedby=\"caption-attachment-4831\" decoding=\"async\" loading=\"lazy\" class=\"wp-image-4831 size-medium\" src=\"https:\/\/www.industryisin.bz.it\/wp-content\/uploads\/2021\/01\/\u252c\u00aeAlexFilz-5728-200x300.jpg\" alt=\"\" width=\"200\" height=\"300\" srcset=\"https:\/\/www.industryisin.bz.it\/wp-content\/uploads\/2021\/01\/\u252c\u00aeAlexFilz-5728-200x300.jpg 200w, https:\/\/www.industryisin.bz.it\/wp-content\/uploads\/2021\/01\/\u252c\u00aeAlexFilz-5728-768x1152.jpg 768w, https:\/\/www.industryisin.bz.it\/wp-content\/uploads\/2021\/01\/\u252c\u00aeAlexFilz-5728-682x1024.jpg 682w, https:\/\/www.industryisin.bz.it\/wp-content\/uploads\/2021\/01\/\u252c\u00aeAlexFilz-5728.jpg 1333w\" sizes=\"(max-width: 200px) 100vw, 200px\" \/><p id=\"caption-attachment-4831\" class=\"wp-caption-text\">Fertigungsarbeiten im Prader Unternehmen Polyfaser<\/p><\/div>\n<p>Das stark exportorientierte Unternehmen \u2013 \u00fcber 85 Prozent des Gesamtumsatzes wird im Ausland erzielt, wobei \u00d6sterreich, Deutschland und die Schweiz die drei Hauptm\u00e4rkte darstellen \u2013 bereitet sich nicht nur durch den Neubau f\u00fcr die Zukunft vor: \u201eMit der Anpassung von Maschinen wie Spritzroboter aus der Autobranche oder Glasmattenschneider aus der Textilbranche haben wir schon einige Schritte in Richtung Industrie 4.0 gesetzt\u201c, so Wagmeister.<\/p>\n<p>Produktdiversifizierung geh\u00f6rt auch zur Unternehmensstrategie: neben Schwimmb\u00e4dern, Schwimmbad\u00fcberdachungen und Booten, geh\u00f6ren Sonderanfertigungen aus glasfaserverst\u00e4rktem Kunststoff (GFK) wie diverse Fl\u00fcssigkeitsbeh\u00e4lter (z. B. K\u00e4sewannen f\u00fcr Salzlake, Spritzmitteltanks), Schwimmer f\u00fcr Schneekatzen, oder Verkleidungen von Schneekanonen etc. zur Produktpalette von Polyfaser.<\/p>\n","protected":false},"excerpt":{"rendered":"<p>Prad, J\u00e4nner 2021. Das Stilfser Joch ist schneebedeckt, aber im Tal schreiten die Arbeiten f\u00fcr den Neubau der Polyfaser AG z\u00fcgig voran. Der Vinschger Betrieb, 1968 von Elda und Josef Wagmeister gegr\u00fcndet, befindet sich dank seiner Schwimmb\u00e4der auf Expansionskurs \u2013 und das inmitten der Coronapandemie. Das Familienunternehmen befindet sich gerade in der \u00dcbergabephase von der [&hellip;]<\/p>\n","protected":false},"author":12,"featured_media":4829,"comment_status":"closed","ping_status":"open","sticky":false,"template":"","format":"standard","meta":{"footnotes":""},"categories":[47],"tags":[478,477,225],"acf":[],"yoast_head":"<!-- This site is optimized with the Yoast SEO plugin v21.4 - https:\/\/yoast.com\/wordpress\/plugins\/seo\/ -->\n<title>Antizyklische Schwimmb\u00e4der - Industry is IN<\/title>\n<meta name=\"robots\" content=\"index, follow, max-snippet:-1, max-image-preview:large, max-video-preview:-1\" \/>\n<link rel=\"canonical\" href=\"https:\/\/www.madeinbz.info\/antizyklische-schwimmbader\/\" \/>\n<meta property=\"og:locale\" content=\"de_DE\" \/>\n<meta property=\"og:type\" content=\"article\" \/>\n<meta property=\"og:title\" content=\"Antizyklische Schwimmb\u00e4der - Industry is IN\" \/>\n<meta property=\"og:description\" content=\"Prad, J\u00e4nner 2021. Das Stilfser Joch ist schneebedeckt, aber im Tal schreiten die Arbeiten f\u00fcr den Neubau der Polyfaser AG z\u00fcgig voran. Der Vinschger Betrieb, 1968 von Elda und Josef Wagmeister gegr\u00fcndet, befindet sich dank seiner Schwimmb\u00e4der auf Expansionskurs \u2013 und das inmitten der Coronapandemie. Das Familienunternehmen befindet sich gerade in der \u00dcbergabephase von der [&hellip;]\" \/>\n<meta property=\"og:url\" content=\"https:\/\/www.madeinbz.info\/antizyklische-schwimmbader\/\" \/>\n<meta property=\"og:site_name\" content=\"Industry is IN\" \/>\n<meta property=\"article:published_time\" content=\"2021-01-19T05:21:07+00:00\" \/>\n<meta property=\"article:modified_time\" content=\"2021-01-21T14:55:11+00:00\" \/>\n<meta property=\"og:image\" content=\"https:\/\/www.madeinbz.info\/wp-content\/uploads\/2021\/01\/Familie-Wagmeister-e1610709824520.jpg\" \/>\n\t<meta property=\"og:image:width\" content=\"4134\" \/>\n\t<meta property=\"og:image:height\" content=\"1467\" \/>\n\t<meta property=\"og:image:type\" content=\"image\/jpeg\" \/>\n<meta name=\"author\" content=\"Mirco Marchiodi\" \/>\n<meta name=\"twitter:card\" content=\"summary_large_image\" \/>\n<meta name=\"twitter:label1\" content=\"Verfasst von\" \/>\n\t<meta name=\"twitter:data1\" content=\"Mirco Marchiodi\" \/>\n\t<meta name=\"twitter:label2\" content=\"Gesch\u00e4tzte Lesezeit\" \/>\n\t<meta name=\"twitter:data2\" content=\"2 Minuten\" \/>\n<script type=\"application\/ld+json\" class=\"yoast-schema-graph\">{\"@context\":\"https:\/\/schema.org\",\"@graph\":[{\"@type\":\"WebPage\",\"@id\":\"https:\/\/www.madeinbz.info\/antizyklische-schwimmbader\/\",\"url\":\"https:\/\/www.madeinbz.info\/antizyklische-schwimmbader\/\",\"name\":\"Antizyklische Schwimmb\u00e4der - Industry is IN\",\"isPartOf\":{\"@id\":\"https:\/\/www.madeinbz.info\/#website\"},\"datePublished\":\"2021-01-19T05:21:07+00:00\",\"dateModified\":\"2021-01-21T14:55:11+00:00\",\"author\":{\"@id\":\"https:\/\/www.madeinbz.info\/#\/schema\/person\/8667a96cd65ac7d583f03cc141336402\"},\"breadcrumb\":{\"@id\":\"https:\/\/www.madeinbz.info\/antizyklische-schwimmbader\/#breadcrumb\"},\"inLanguage\":\"de-DE\",\"potentialAction\":[{\"@type\":\"ReadAction\",\"target\":[\"https:\/\/www.madeinbz.info\/antizyklische-schwimmbader\/\"]}]},{\"@type\":\"BreadcrumbList\",\"@id\":\"https:\/\/www.madeinbz.info\/antizyklische-schwimmbader\/#breadcrumb\",\"itemListElement\":[{\"@type\":\"ListItem\",\"position\":1,\"name\":\"Home\",\"item\":\"https:\/\/www.madeinbz.info\/\"},{\"@type\":\"ListItem\",\"position\":2,\"name\":\"Antizyklische Schwimmb\u00e4der\"}]},{\"@type\":\"WebSite\",\"@id\":\"https:\/\/www.madeinbz.info\/#website\",\"url\":\"https:\/\/www.madeinbz.info\/\",\"name\":\"Industry is IN\",\"description\":\"Storie di aziende e persone dell\u2019industria altoatesina\",\"potentialAction\":[{\"@type\":\"SearchAction\",\"target\":{\"@type\":\"EntryPoint\",\"urlTemplate\":\"https:\/\/www.madeinbz.info\/?s={search_term_string}\"},\"query-input\":\"required name=search_term_string\"}],\"inLanguage\":\"de-DE\"},{\"@type\":\"Person\",\"@id\":\"https:\/\/www.madeinbz.info\/#\/schema\/person\/8667a96cd65ac7d583f03cc141336402\",\"name\":\"Mirco Marchiodi\",\"image\":{\"@type\":\"ImageObject\",\"inLanguage\":\"de-DE\",\"@id\":\"https:\/\/www.madeinbz.info\/#\/schema\/person\/image\/\",\"url\":\"https:\/\/secure.gravatar.com\/avatar\/835a55d718e23261f6131ea85ee5056f?s=96&d=mm&r=g\",\"contentUrl\":\"https:\/\/secure.gravatar.com\/avatar\/835a55d718e23261f6131ea85ee5056f?s=96&d=mm&r=g\",\"caption\":\"Mirco Marchiodi\"},\"url\":\"https:\/\/www.industryisin.bz.it\/de\/author\/mirco\/\"}]}<\/script>\n<!-- \/ Yoast SEO plugin. -->","yoast_head_json":{"title":"Antizyklische Schwimmb\u00e4der - Industry is IN","robots":{"index":"index","follow":"follow","max-snippet":"max-snippet:-1","max-image-preview":"max-image-preview:large","max-video-preview":"max-video-preview:-1"},"canonical":"https:\/\/www.madeinbz.info\/antizyklische-schwimmbader\/","og_locale":"de_DE","og_type":"article","og_title":"Antizyklische Schwimmb\u00e4der - Industry is IN","og_description":"Prad, J\u00e4nner 2021. Das Stilfser Joch ist schneebedeckt, aber im Tal schreiten die Arbeiten f\u00fcr den Neubau der Polyfaser AG z\u00fcgig voran. Der Vinschger Betrieb, 1968 von Elda und Josef Wagmeister gegr\u00fcndet, befindet sich dank seiner Schwimmb\u00e4der auf Expansionskurs \u2013 und das inmitten der Coronapandemie. Das Familienunternehmen befindet sich gerade in der \u00dcbergabephase von der [&hellip;]","og_url":"https:\/\/www.madeinbz.info\/antizyklische-schwimmbader\/","og_site_name":"Industry is IN","article_published_time":"2021-01-19T05:21:07+00:00","article_modified_time":"2021-01-21T14:55:11+00:00","og_image":[{"width":4134,"height":1467,"url":"https:\/\/www.madeinbz.info\/wp-content\/uploads\/2021\/01\/Familie-Wagmeister-e1610709824520.jpg","type":"image\/jpeg"}],"author":"Mirco Marchiodi","twitter_card":"summary_large_image","twitter_misc":{"Verfasst von":"Mirco Marchiodi","Gesch\u00e4tzte Lesezeit":"2 Minuten"},"schema":{"@context":"https:\/\/schema.org","@graph":[{"@type":"WebPage","@id":"https:\/\/www.madeinbz.info\/antizyklische-schwimmbader\/","url":"https:\/\/www.madeinbz.info\/antizyklische-schwimmbader\/","name":"Antizyklische Schwimmb\u00e4der - Industry is IN","isPartOf":{"@id":"https:\/\/www.madeinbz.info\/#website"},"datePublished":"2021-01-19T05:21:07+00:00","dateModified":"2021-01-21T14:55:11+00:00","author":{"@id":"https:\/\/www.madeinbz.info\/#\/schema\/person\/8667a96cd65ac7d583f03cc141336402"},"breadcrumb":{"@id":"https:\/\/www.madeinbz.info\/antizyklische-schwimmbader\/#breadcrumb"},"inLanguage":"de-DE","potentialAction":[{"@type":"ReadAction","target":["https:\/\/www.madeinbz.info\/antizyklische-schwimmbader\/"]}]},{"@type":"BreadcrumbList","@id":"https:\/\/www.madeinbz.info\/antizyklische-schwimmbader\/#breadcrumb","itemListElement":[{"@type":"ListItem","position":1,"name":"Home","item":"https:\/\/www.madeinbz.info\/"},{"@type":"ListItem","position":2,"name":"Antizyklische Schwimmb\u00e4der"}]},{"@type":"WebSite","@id":"https:\/\/www.madeinbz.info\/#website","url":"https:\/\/www.madeinbz.info\/","name":"Industry is IN","description":"Storie di aziende e persone dell\u2019industria altoatesina","potentialAction":[{"@type":"SearchAction","target":{"@type":"EntryPoint","urlTemplate":"https:\/\/www.madeinbz.info\/?s={search_term_string}"},"query-input":"required name=search_term_string"}],"inLanguage":"de-DE"},{"@type":"Person","@id":"https:\/\/www.madeinbz.info\/#\/schema\/person\/8667a96cd65ac7d583f03cc141336402","name":"Mirco Marchiodi","image":{"@type":"ImageObject","inLanguage":"de-DE","@id":"https:\/\/www.madeinbz.info\/#\/schema\/person\/image\/","url":"https:\/\/secure.gravatar.com\/avatar\/835a55d718e23261f6131ea85ee5056f?s=96&d=mm&r=g","contentUrl":"https:\/\/secure.gravatar.com\/avatar\/835a55d718e23261f6131ea85ee5056f?s=96&d=mm&r=g","caption":"Mirco Marchiodi"},"url":"https:\/\/www.industryisin.bz.it\/de\/author\/mirco\/"}]}},"_links":{"self":[{"href":"https:\/\/www.industryisin.bz.it\/de\/wp-json\/wp\/v2\/posts\/4826"}],"collection":[{"href":"https:\/\/www.industryisin.bz.it\/de\/wp-json\/wp\/v2\/posts"}],"about":[{"href":"https:\/\/www.industryisin.bz.it\/de\/wp-json\/wp\/v2\/types\/post"}],"author":[{"embeddable":true,"href":"https:\/\/www.industryisin.bz.it\/de\/wp-json\/wp\/v2\/users\/12"}],"replies":[{"embeddable":true,"href":"https:\/\/www.industryisin.bz.it\/de\/wp-json\/wp\/v2\/comments?post=4826"}],"version-history":[{"count":9,"href":"https:\/\/www.industryisin.bz.it\/de\/wp-json\/wp\/v2\/posts\/4826\/revisions"}],"predecessor-version":[{"id":4847,"href":"https:\/\/www.industryisin.bz.it\/de\/wp-json\/wp\/v2\/posts\/4826\/revisions\/4847"}],"wp:featuredmedia":[{"embeddable":true,"href":"https:\/\/www.industryisin.bz.it\/de\/wp-json\/wp\/v2\/media\/4829"}],"wp:attachment":[{"href":"https:\/\/www.industryisin.bz.it\/de\/wp-json\/wp\/v2\/media?parent=4826"}],"wp:term":[{"taxonomy":"category","embeddable":true,"href":"https:\/\/www.industryisin.bz.it\/de\/wp-json\/wp\/v2\/categories?post=4826"},{"taxonomy":"post_tag","embeddable":true,"href":"https:\/\/www.industryisin.bz.it\/de\/wp-json\/wp\/v2\/tags?post=4826"}],"curies":[{"name":"wp","href":"https:\/\/api.w.org\/{rel}","templated":true}]}}