{"id":4762,"date":"2020-12-31T07:00:11","date_gmt":"2020-12-31T06:00:11","guid":{"rendered":"https:\/\/www.industryisin.bz.it\/?p=4762"},"modified":"2021-01-03T21:30:13","modified_gmt":"2021-01-03T20:30:13","slug":"1945-2020-75-years-of-industrialization-in-south-tyrol","status":"publish","type":"post","link":"https:\/\/www.industryisin.bz.it\/de\/1945-2020-75-years-of-industrialization-in-south-tyrol\/","title":{"rendered":"1945-2020: 75 years of industrialization in South Tyrol"},"content":{"rendered":"<h2>Wohlstand durch Entwicklung &#8211; 75 Jahre Unternehmerverband und Industrialisierung in S\u00fcdtirol<\/h2>\n<p><iframe loading=\"lazy\" width=\"750\" height=\"422\" src=\"https:\/\/www.youtube.com\/embed\/suiSbAmp2As?feature=oembed\" frameborder=\"0\" allow=\"accelerometer; autoplay; clipboard-write; encrypted-media; gyroscope; picture-in-picture\" allowfullscreen><\/iframe><\/p>\n<p>2020 feiert der <strong>Unternehmerverband S\u00fcdtirol<\/strong> sein <strong>75-j\u00e4hriges Bestehen<\/strong>. Gegr\u00fcndet im Jahr 1945, war er Wegbegleiter der Industrialisierung S\u00fcdtirols.<\/p>\n<p>Viele der Mitgliedsbetriebe waren Pioniere in ihrem Bereich. Der Film zeigt auf, wie sich die Industrie in S\u00fcdtirol so erfolgreich entwickeln konnte und welch wichtigen Beitrag diese Unternehmen und die damit verbundenen Dienstleistungen f\u00fcr Wohlstand, Wertsch\u00f6pfung und Besch\u00e4ftigung geleistet haben und weiterhin leisten.<\/p>\n<p>&nbsp;<\/p>\n<h2>Sviluppo economico e benessere sociale: 75 anni di industrializzazione in Alto Adige<\/h2>\n<p><iframe loading=\"lazy\" width=\"750\" height=\"422\" src=\"https:\/\/www.youtube.com\/embed\/Xt1eQDsQ_d4?feature=oembed\" frameborder=\"0\" allow=\"accelerometer; autoplay; clipboard-write; encrypted-media; gyroscope; picture-in-picture\" allowfullscreen><\/iframe><\/p>\n<p>Nel 2020 <strong>Assoimprenditori Alto Adige<\/strong> ha celebrato il suo <strong>75\u00b0 anniversario<\/strong>. Fondata nel 1945, l&#8217;Associazione ha accompagnato l&#8217;industrializzazione dell&#8217;Alto Adige.<\/p>\n<p>Molte delle imprese associate sono state pioniere nei loro rispettivi campi. Il documentario mostra la storia di successo dello sviluppo industriale in Alto Adige e l&#8217;importante contributo che le imprese e i servizi ad esse associati hanno dato e continuano a dare per la prosperit\u00e0, la creazione di valore e occupazione in provincia di Bolzano.<\/p>\n","protected":false},"excerpt":{"rendered":"<p>Wohlstand durch Entwicklung &#8211; 75 Jahre Unternehmerverband und Industrialisierung in S\u00fcdtirol 2020 feiert der Unternehmerverband S\u00fcdtirol sein 75-j\u00e4hriges Bestehen. Gegr\u00fcndet im Jahr 1945, war er Wegbegleiter der Industrialisierung S\u00fcdtirols. Viele der Mitgliedsbetriebe waren Pioniere in ihrem Bereich. Der Film zeigt auf, wie sich die Industrie in S\u00fcdtirol so erfolgreich entwickeln konnte und welch wichtigen Beitrag [&hellip;]<\/p>\n","protected":false},"author":8,"featured_media":4770,"comment_status":"closed","ping_status":"open","sticky":false,"template":"","format":"standard","meta":{"footnotes":""},"categories":[49],"tags":[474,473,472,471],"acf":[],"yoast_head":"<!-- This site is optimized with the Yoast SEO plugin v21.4 - https:\/\/yoast.com\/wordpress\/plugins\/seo\/ -->\n<title>1945-2020: 75 years of industrialization in South Tyrol - Industry is IN<\/title>\n<meta name=\"description\" content=\"1945-2020:75 years of industrialization in South-Tyrol. A film about how South Tyrol became one of the richest regions in Europe thanks to industry.\" \/>\n<meta name=\"robots\" content=\"index, follow, max-snippet:-1, max-image-preview:large, max-video-preview:-1\" \/>\n<link rel=\"canonical\" href=\"https:\/\/www.madeinbz.info\/1945-2020-75-years-of-industrialization-in-south-tyrol\/\" \/>\n<meta property=\"og:locale\" content=\"de_DE\" \/>\n<meta property=\"og:type\" content=\"article\" \/>\n<meta property=\"og:title\" content=\"1945-2020: 75 years of industrialization in South Tyrol - Industry is IN\" \/>\n<meta property=\"og:description\" content=\"1945-2020:75 years of industrialization in South-Tyrol. A film about how South Tyrol became one of the richest regions in Europe thanks to industry.\" \/>\n<meta property=\"og:url\" content=\"https:\/\/www.madeinbz.info\/1945-2020-75-years-of-industrialization-in-south-tyrol\/\" \/>\n<meta property=\"og:site_name\" content=\"Industry is IN\" \/>\n<meta property=\"article:published_time\" content=\"2020-12-31T06:00:11+00:00\" \/>\n<meta property=\"article:modified_time\" content=\"2021-01-03T20:30:13+00:00\" \/>\n<meta property=\"og:image\" content=\"https:\/\/www.madeinbz.info\/wp-content\/uploads\/2020\/12\/tempojpg.jpg\" \/>\n\t<meta property=\"og:image:width\" content=\"1920\" \/>\n\t<meta property=\"og:image:height\" content=\"1357\" \/>\n\t<meta property=\"og:image:type\" content=\"image\/jpeg\" \/>\n<meta name=\"author\" content=\"adminOD\" \/>\n<meta name=\"twitter:card\" content=\"summary_large_image\" \/>\n<meta name=\"twitter:label1\" content=\"Verfasst von\" \/>\n\t<meta name=\"twitter:data1\" content=\"adminOD\" \/>\n\t<meta name=\"twitter:label2\" content=\"Gesch\u00e4tzte Lesezeit\" \/>\n\t<meta name=\"twitter:data2\" content=\"1 Minute\" \/>\n<script type=\"application\/ld+json\" class=\"yoast-schema-graph\">{\"@context\":\"https:\/\/schema.org\",\"@graph\":[{\"@type\":\"WebPage\",\"@id\":\"https:\/\/www.madeinbz.info\/1945-2020-75-years-of-industrialization-in-south-tyrol\/\",\"url\":\"https:\/\/www.madeinbz.info\/1945-2020-75-years-of-industrialization-in-south-tyrol\/\",\"name\":\"1945-2020: 75 years of industrialization in South Tyrol - Industry is IN\",\"isPartOf\":{\"@id\":\"https:\/\/www.madeinbz.info\/#website\"},\"datePublished\":\"2020-12-31T06:00:11+00:00\",\"dateModified\":\"2021-01-03T20:30:13+00:00\",\"author\":{\"@id\":\"https:\/\/www.madeinbz.info\/#\/schema\/person\/ada1181a2c4cb0169ce6bb24c7a16be8\"},\"description\":\"1945-2020:75 years of industrialization in South-Tyrol. A film about how South Tyrol became one of the richest regions in Europe thanks to industry.\",\"breadcrumb\":{\"@id\":\"https:\/\/www.madeinbz.info\/1945-2020-75-years-of-industrialization-in-south-tyrol\/#breadcrumb\"},\"inLanguage\":\"de-DE\",\"potentialAction\":[{\"@type\":\"ReadAction\",\"target\":[\"https:\/\/www.madeinbz.info\/1945-2020-75-years-of-industrialization-in-south-tyrol\/\"]}]},{\"@type\":\"BreadcrumbList\",\"@id\":\"https:\/\/www.madeinbz.info\/1945-2020-75-years-of-industrialization-in-south-tyrol\/#breadcrumb\",\"itemListElement\":[{\"@type\":\"ListItem\",\"position\":1,\"name\":\"Home\",\"item\":\"https:\/\/www.madeinbz.info\/\"},{\"@type\":\"ListItem\",\"position\":2,\"name\":\"1945-2020: 75 years of industrialization in South Tyrol\"}]},{\"@type\":\"WebSite\",\"@id\":\"https:\/\/www.madeinbz.info\/#website\",\"url\":\"https:\/\/www.madeinbz.info\/\",\"name\":\"Industry is IN\",\"description\":\"Storie di aziende e persone dell\u2019industria altoatesina\",\"potentialAction\":[{\"@type\":\"SearchAction\",\"target\":{\"@type\":\"EntryPoint\",\"urlTemplate\":\"https:\/\/www.madeinbz.info\/?s={search_term_string}\"},\"query-input\":\"required name=search_term_string\"}],\"inLanguage\":\"de-DE\"},{\"@type\":\"Person\",\"@id\":\"https:\/\/www.madeinbz.info\/#\/schema\/person\/ada1181a2c4cb0169ce6bb24c7a16be8\",\"name\":\"adminOD\",\"image\":{\"@type\":\"ImageObject\",\"inLanguage\":\"de-DE\",\"@id\":\"https:\/\/www.madeinbz.info\/#\/schema\/person\/image\/\",\"url\":\"https:\/\/secure.gravatar.com\/avatar\/428c80be0104d62b42c7e8ccb85f963d?s=96&d=mm&r=g\",\"contentUrl\":\"https:\/\/secure.gravatar.com\/avatar\/428c80be0104d62b42c7e8ccb85f963d?s=96&d=mm&r=g\",\"caption\":\"adminOD\"},\"url\":\"https:\/\/www.industryisin.bz.it\/de\/author\/adminod\/\"}]}<\/script>\n<!-- \/ Yoast SEO plugin. -->","yoast_head_json":{"title":"1945-2020: 75 years of industrialization in South Tyrol - Industry is IN","description":"1945-2020:75 years of industrialization in South-Tyrol. A film about how South Tyrol became one of the richest regions in Europe thanks to industry.","robots":{"index":"index","follow":"follow","max-snippet":"max-snippet:-1","max-image-preview":"max-image-preview:large","max-video-preview":"max-video-preview:-1"},"canonical":"https:\/\/www.madeinbz.info\/1945-2020-75-years-of-industrialization-in-south-tyrol\/","og_locale":"de_DE","og_type":"article","og_title":"1945-2020: 75 years of industrialization in South Tyrol - Industry is IN","og_description":"1945-2020:75 years of industrialization in South-Tyrol. A film about how South Tyrol became one of the richest regions in Europe thanks to industry.","og_url":"https:\/\/www.madeinbz.info\/1945-2020-75-years-of-industrialization-in-south-tyrol\/","og_site_name":"Industry is IN","article_published_time":"2020-12-31T06:00:11+00:00","article_modified_time":"2021-01-03T20:30:13+00:00","og_image":[{"width":1920,"height":1357,"url":"https:\/\/www.madeinbz.info\/wp-content\/uploads\/2020\/12\/tempojpg.jpg","type":"image\/jpeg"}],"author":"adminOD","twitter_card":"summary_large_image","twitter_misc":{"Verfasst von":"adminOD","Gesch\u00e4tzte Lesezeit":"1 Minute"},"schema":{"@context":"https:\/\/schema.org","@graph":[{"@type":"WebPage","@id":"https:\/\/www.madeinbz.info\/1945-2020-75-years-of-industrialization-in-south-tyrol\/","url":"https:\/\/www.madeinbz.info\/1945-2020-75-years-of-industrialization-in-south-tyrol\/","name":"1945-2020: 75 years of industrialization in South Tyrol - Industry is IN","isPartOf":{"@id":"https:\/\/www.madeinbz.info\/#website"},"datePublished":"2020-12-31T06:00:11+00:00","dateModified":"2021-01-03T20:30:13+00:00","author":{"@id":"https:\/\/www.madeinbz.info\/#\/schema\/person\/ada1181a2c4cb0169ce6bb24c7a16be8"},"description":"1945-2020:75 years of industrialization in South-Tyrol. A film about how South Tyrol became one of the richest regions in Europe thanks to industry.","breadcrumb":{"@id":"https:\/\/www.madeinbz.info\/1945-2020-75-years-of-industrialization-in-south-tyrol\/#breadcrumb"},"inLanguage":"de-DE","potentialAction":[{"@type":"ReadAction","target":["https:\/\/www.madeinbz.info\/1945-2020-75-years-of-industrialization-in-south-tyrol\/"]}]},{"@type":"BreadcrumbList","@id":"https:\/\/www.madeinbz.info\/1945-2020-75-years-of-industrialization-in-south-tyrol\/#breadcrumb","itemListElement":[{"@type":"ListItem","position":1,"name":"Home","item":"https:\/\/www.madeinbz.info\/"},{"@type":"ListItem","position":2,"name":"1945-2020: 75 years of industrialization in South Tyrol"}]},{"@type":"WebSite","@id":"https:\/\/www.madeinbz.info\/#website","url":"https:\/\/www.madeinbz.info\/","name":"Industry is IN","description":"Storie di aziende e persone dell\u2019industria altoatesina","potentialAction":[{"@type":"SearchAction","target":{"@type":"EntryPoint","urlTemplate":"https:\/\/www.madeinbz.info\/?s={search_term_string}"},"query-input":"required name=search_term_string"}],"inLanguage":"de-DE"},{"@type":"Person","@id":"https:\/\/www.madeinbz.info\/#\/schema\/person\/ada1181a2c4cb0169ce6bb24c7a16be8","name":"adminOD","image":{"@type":"ImageObject","inLanguage":"de-DE","@id":"https:\/\/www.madeinbz.info\/#\/schema\/person\/image\/","url":"https:\/\/secure.gravatar.com\/avatar\/428c80be0104d62b42c7e8ccb85f963d?s=96&d=mm&r=g","contentUrl":"https:\/\/secure.gravatar.com\/avatar\/428c80be0104d62b42c7e8ccb85f963d?s=96&d=mm&r=g","caption":"adminOD"},"url":"https:\/\/www.industryisin.bz.it\/de\/author\/adminod\/"}]}},"_links":{"self":[{"href":"https:\/\/www.industryisin.bz.it\/de\/wp-json\/wp\/v2\/posts\/4762"}],"collection":[{"href":"https:\/\/www.industryisin.bz.it\/de\/wp-json\/wp\/v2\/posts"}],"about":[{"href":"https:\/\/www.industryisin.bz.it\/de\/wp-json\/wp\/v2\/types\/post"}],"author":[{"embeddable":true,"href":"https:\/\/www.industryisin.bz.it\/de\/wp-json\/wp\/v2\/users\/8"}],"replies":[{"embeddable":true,"href":"https:\/\/www.industryisin.bz.it\/de\/wp-json\/wp\/v2\/comments?post=4762"}],"version-history":[{"count":3,"href":"https:\/\/www.industryisin.bz.it\/de\/wp-json\/wp\/v2\/posts\/4762\/revisions"}],"predecessor-version":[{"id":4768,"href":"https:\/\/www.industryisin.bz.it\/de\/wp-json\/wp\/v2\/posts\/4762\/revisions\/4768"}],"wp:featuredmedia":[{"embeddable":true,"href":"https:\/\/www.industryisin.bz.it\/de\/wp-json\/wp\/v2\/media\/4770"}],"wp:attachment":[{"href":"https:\/\/www.industryisin.bz.it\/de\/wp-json\/wp\/v2\/media?parent=4762"}],"wp:term":[{"taxonomy":"category","embeddable":true,"href":"https:\/\/www.industryisin.bz.it\/de\/wp-json\/wp\/v2\/categories?post=4762"},{"taxonomy":"post_tag","embeddable":true,"href":"https:\/\/www.industryisin.bz.it\/de\/wp-json\/wp\/v2\/tags?post=4762"}],"curies":[{"name":"wp","href":"https:\/\/api.w.org\/{rel}","templated":true}]}}