{"id":4583,"date":"2020-11-30T07:00:26","date_gmt":"2020-11-30T06:00:26","guid":{"rendered":"https:\/\/www.industryisin.bz.it\/?p=4583"},"modified":"2020-11-30T08:50:17","modified_gmt":"2020-11-30T07:50:17","slug":"data-protection-officer","status":"publish","type":"post","link":"https:\/\/www.industryisin.bz.it\/de\/data-protection-officer\/","title":{"rendered":"Cosa fa una Data Protection Officer?"},"content":{"rendered":"<p>Di professione \u00e8 una DPO, acronimo di <strong>Data Protection Officer<\/strong>. <strong>Lucia Menini<\/strong>, bolzanina, recentemente eletta nel consiglio direttivo della <a href=\"http:\/\/www.assoimprenditori.bz.it\/it\/chi-siamo\/sezioni\/ict\">Sezione ICT di Assoimprenditori Alto Adige<\/a>, \u00e8 esperta e consulente in materia di protezione dei dati personali. Lavora presso <a href=\"https:\/\/www.effizient.it\/\">Effizient Srl<\/a>, societ\u00e0 di consulenza privacy con sede a Bolzano. Assieme ai colleghi <strong>Valentina Amico<\/strong> e <strong>Loris Ghirello<\/strong>\u00a0(con lei nella foto di\u00a0copertina) supporta le aziende nel processo di adeguamento e gestione degli adempimenti in materia di protezione dei dati personali.<\/p>\n<p><img decoding=\"async\" loading=\"lazy\" class=\"alignleft wp-image-4663\" src=\"https:\/\/www.industryisin.bz.it\/wp-content\/uploads\/2020\/11\/lucia-02-683x1024.jpg\" alt=\"\" width=\"300\" height=\"450\" srcset=\"https:\/\/www.industryisin.bz.it\/wp-content\/uploads\/2020\/11\/lucia-02-683x1024.jpg 683w, https:\/\/www.industryisin.bz.it\/wp-content\/uploads\/2020\/11\/lucia-02-200x300.jpg 200w, https:\/\/www.industryisin.bz.it\/wp-content\/uploads\/2020\/11\/lucia-02-768x1151.jpg 768w, https:\/\/www.industryisin.bz.it\/wp-content\/uploads\/2020\/11\/lucia-02-1920x2877.jpg 1920w\" sizes=\"(max-width: 300px) 100vw, 300px\" \/>Tra le attivit\u00e0 della societ\u00e0 rientrano la formazione per le imprese, l\u2019organizzazione dei dati nelle campagne di marketing, il supporto nel caso di cessione di un\u2019azienda a un&#8217;altra di titolarit\u00e0 e contitolarit\u00e0 dei dati, la consulenza nel caso di trasferimento dei dati all\u2019estero, l\u2019assistenza nei casi di violazione dei dati personali. Effizient \u00e8 anche nel team dei partner in materia di privacy con cui Assoimprenditori Alto Adige ha una convenzione per le sue associate. Gli altri partner sono\u00a0<span style=\"font-size: 12pt;\">Gruppo Inquiria e Larese &amp; Associati.<\/span>\u00a0<span style=\"font-size: 12pt;\">\u00a0<\/span><\/p>\n<p>Come si diventa DPO e perch\u00e9 \u00e8 un lavoro affascinante? Per scoprirlo abbiamo fatto una chiacchierata con Lucia Menini.<\/p>\n<h2><strong>Cosa fa una Data Protection Officer?<\/strong><\/h2>\n<p>Una DPO si occupa di osservare, valutare e gestire il trattamento dei dati personali. Lo scopo \u00e8 far s\u00ec che vengano rispettate le normative europee e nazionali in materia di privacy.<\/p>\n<h2><strong>Come si diventa Data Protection Officer?<\/strong><\/h2>\n<p>Per diventare un buon DPO \u00e8 sicuramente necessario un percorso di studi intenso ed \u00e8 fortemente raccomandato ottenere una certificazione specifica.<\/p>\n<h2><strong>Quale \u00e8 stato il suo percorso di studi?<\/strong><\/h2>\n<p>Mi sono laureata in legge all\u2019Universit\u00e0 di Trento. Inizialmente ho lavorato nell\u2019ambito della consulenza del lavoro. Poi, visto che la tematica della protezione dei dati personali mi affascinava ho preso una prima certificazione con l\u2019ente certificatore TIV Italia e sono diventata Privacy Officer. Dopo, con l\u2019avvento del nuovo regolamento europeo sulla protezione dei dati personali GDPR mi sono specializzata ulteriormente facendo un percorso molto intenso che mi ha portato a Milano, dove ho fatto un master e poi sostenuto un esame ottenendo una seconda certificazione, quest\u2019ultima presso l\u2019Istituto Cepas Bureau Veritas Italia.<\/p>\n<h2><strong>Come mai si \u00e8 appassionata a questa tematica? <\/strong><\/h2>\n<p>La tematica mi affascina per due ragioni, una personale e l\u2019altra professionale. Dal punto di vista personale sono sempre stata sensibile all\u2019argomento della protezione dei dati personali perch\u00e9 \u00e8 un argomento di cui si \u00e8 sempre occupato mio padre. Era dirigente della ripartizione informatica e sociodemografica della Provincia di Bolzano e ha lavorato nel campo della sicurezza e della tutela dei dati tutta la vita, trasmettendomi la sua sensibilit\u00e0.<\/p>\n<p>La seconda ragione \u00e8 che trovo quello nella protezione dei dati un lavoro molto creativo e mai ripetitivo. La normativa vigente fornisce delle linee guida che poi vanno adattate ad ogni azienda a seconda delle caratteristiche specifiche della realt\u00e0 in questione. Questo fa s\u00ec che chi come me lavora in questo settore ha la possibilit\u00e0 di conoscere moltissime realt\u00e0 diverse, interfacciarsi con molte persone e trovare ogni volta le soluzioni pi\u00f9 adatte alle diverse esigenze. Ogni volta c\u2019\u00e8 qualcosa da scoprire. Si ha sempre a che fare con le persone. Non \u00e8 un lavoro dietro a una scrivania. Lo trovo quindi variegato, stimolante e sfidante.<\/p>\n<h2><strong>Come \u00e8 l\u2019approccio delle aziende verso questa tematica?<\/strong><\/h2>\n<p>La tematica non \u00e8 semplice e non c\u2019\u00e8 una cultura diffusa in fatto di protezione dei dati personali. Tuttavia, l\u2019approccio del \u201cdevo farlo perch\u00e9 la normativa me lo impone\u201d, che era fino a poco tempo fa quello predominante, sta piano piano scemando. Oggi sempre pi\u00f9 aziende si stanno rendendo conto che il dato personale rappresenta il vero patrimonio dell\u2019azienda, quindi capire come trattarlo in modo corretto pu\u00f2 portare vantaggi non indifferenti. La sensibilit\u00e0 verso questa materia sta diventato maggiore.<\/p>\n<h2><strong>Quali sono ultimamente le richieste pi\u00f9 frequenti da parte delle imprese?<\/strong><\/h2>\n<p>Ultimamente le imprese ci chiedono supporto in fatto di sicurezza dei dati dal punto di vista informatico. Questo \u00e8 dovuto anche all\u2019utilizzo sempre pi\u00f9 massiccio dello smart working e dell\u2019home office in risposta alla pandemia. \u00a0La protezione dei dati \u00e8 una grande preoccupazione per l\u2019imprenditore. Garantire che i dati siano protetti anche quando non si lavora in ufficio non \u00e8 difficile. Bisogna solo organizzarsi, farsi affiancare da un partner competente dal punto di vista sistemico e soprattutto investire sulla formazione dei collaboratori. I collaboratori in grado di cogliere le minacce informatiche in modo corretto sono i primi protettori dei dati di un\u2019impresa. Questo \u00e8 fondamentale sia se si lavora in ufficio che se si lavora da casa.<\/p>\n<h2><strong>Quali sono gli errori pi\u00f9 comuni e gravi che un\u2019impresa pu\u00f2 fare violando dati personali?<\/strong><\/h2>\n<p>Tra gli errori pi\u00f9 gravi, anche se involontari, c\u2019\u00e8 quello di utilizzare dati per i quali non \u00e8 stato richiesto il consenso. Succede quando un\u2019azienda acquista una banca dati con indirizzi e-mail e altri dati per una campagna di marketing basandosi su una dichiarazione che afferma che i dati hanno il consenso. Succede spesso che ci\u00f2 non sia vero. L\u2019acquisto dei dati in questo caso non ha valore. Quindi bisogna saper riconoscere quanto siano affidabili le fonti da cui si acquista. Alcuni fornitori, infatti, danno delle garanzie maggiori di altri. In caso di violazioni dei dati, ci va di mezzo chi acquista e utilizza i dati e le sanzioni possono essere molto onerose.<\/p>\n<h2><strong>Quali sono le sfide pi\u00f9 grandi per le imprese in fatto di protezione dei dati?<\/strong><\/h2>\n<p>Le novit\u00e0 in materia di protezione dei dati personali sono costanti e continue. Una delle sfide pi\u00f9 grandi \u00e8 quindi, una volta adeguati alle nuove norme, riuscire a tenersi sempre aggiornati e a adattare man mano i propri documenti. L\u2019aggiornamento vale per le aziende, ma anche per noi esperti che quindi dobbiamo dedicare molto tempo nella formazione continua e tenere sempre sotto controllo le decisioni del Garante che man mano, partendo da casi concreti, fornisce precisazioni in materia.<\/p>\n<h2><strong>Per voi come societ\u00e0 di consulenza quale \u00e8 la sfida pi\u00f9 grande?<\/strong><\/h2>\n<p>In questo momento la difficolt\u00e0 pi\u00f9 grande \u00e8 trovare personale qualificato. Si tratta di un campo particolare e in continuo aggiornamento. Bisogna avere una preparazione specifica, ma anche una forma mentis e un approccio alla risoluzione dei problemi adatto. Spesso fatichiamo a trovare sul mercato figure che possiedono entrambe queste caratteristiche.<\/p>\n<h2><strong>Quali sono le competenze umane pi\u00f9 importanti per una Data Protection Officer di una societ\u00e0 di consulenza, i cosiddetti \u201csoft skills\u201d?<\/strong><\/h2>\n<p>Essere empatici ed essere in grado di conquistare la fiducia nel proprio interlocutore. Pi\u00f9 il cliente sente questa connessione con il proprio consulente, pi\u00f9 si fider\u00e0 e pi\u00f9 efficace sar\u00e0 il nostro intervento.<\/p>\n<p>&nbsp;<\/p>\n","protected":false},"excerpt":{"rendered":"<p>Di professione \u00e8 una DPO, acronimo di Data Protection Officer. Lucia Menini, bolzanina, recentemente eletta nel consiglio direttivo della Sezione ICT di Assoimprenditori Alto Adige, \u00e8 esperta e consulente in materia di protezione dei dati personali. Lavora presso Effizient Srl, societ\u00e0 di consulenza privacy con sede a Bolzano. Assieme ai colleghi Valentina Amico e Loris [&hellip;]<\/p>\n","protected":false},"author":8,"featured_media":4659,"comment_status":"closed","ping_status":"open","sticky":false,"template":"","format":"standard","meta":{"footnotes":""},"categories":[48],"tags":[309,466,263],"acf":[],"yoast_head":"<!-- This site is optimized with the Yoast SEO plugin v21.4 - https:\/\/yoast.com\/wordpress\/plugins\/seo\/ -->\n<title>Cosa fa una Data Protection Officer? - Industry is IN<\/title>\n<meta name=\"description\" content=\"Chi \u00e8 e cosa fa una DPO, acronimo di Data Protection Officer. Lo abbiamo chiesto a Lucia Menini che lavora nella societ\u00e0 di consulenza Effizient Srl.\" \/>\n<meta name=\"robots\" content=\"index, follow, max-snippet:-1, max-image-preview:large, max-video-preview:-1\" \/>\n<link rel=\"canonical\" href=\"https:\/\/www.madeinbz.info\/data-protection-officer\/\" \/>\n<meta property=\"og:locale\" content=\"de_DE\" \/>\n<meta property=\"og:type\" content=\"article\" \/>\n<meta property=\"og:title\" content=\"Cosa fa una Data Protection Officer? - Industry is IN\" \/>\n<meta property=\"og:description\" content=\"Chi \u00e8 e cosa fa una DPO, acronimo di Data Protection Officer. Lo abbiamo chiesto a Lucia Menini che lavora nella societ\u00e0 di consulenza Effizient Srl.\" \/>\n<meta property=\"og:url\" content=\"https:\/\/www.madeinbz.info\/data-protection-officer\/\" \/>\n<meta property=\"og:site_name\" content=\"Industry is IN\" \/>\n<meta property=\"article:published_time\" content=\"2020-11-30T06:00:26+00:00\" \/>\n<meta property=\"article:modified_time\" content=\"2020-11-30T07:50:17+00:00\" \/>\n<meta property=\"og:image\" content=\"https:\/\/www.madeinbz.info\/wp-content\/uploads\/2020\/11\/team-effizient-1024x500.jpg\" \/>\n\t<meta property=\"og:image:width\" content=\"1024\" \/>\n\t<meta property=\"og:image:height\" content=\"500\" \/>\n\t<meta property=\"og:image:type\" content=\"image\/jpeg\" \/>\n<meta name=\"author\" content=\"adminOD\" \/>\n<meta name=\"twitter:card\" content=\"summary_large_image\" \/>\n<meta name=\"twitter:label1\" content=\"Verfasst von\" \/>\n\t<meta name=\"twitter:data1\" content=\"adminOD\" \/>\n\t<meta name=\"twitter:label2\" content=\"Gesch\u00e4tzte Lesezeit\" \/>\n\t<meta name=\"twitter:data2\" content=\"5 Minuten\" \/>\n<script type=\"application\/ld+json\" class=\"yoast-schema-graph\">{\"@context\":\"https:\/\/schema.org\",\"@graph\":[{\"@type\":\"WebPage\",\"@id\":\"https:\/\/www.madeinbz.info\/data-protection-officer\/\",\"url\":\"https:\/\/www.madeinbz.info\/data-protection-officer\/\",\"name\":\"Cosa fa una Data Protection Officer? - Industry is IN\",\"isPartOf\":{\"@id\":\"https:\/\/www.madeinbz.info\/#website\"},\"datePublished\":\"2020-11-30T06:00:26+00:00\",\"dateModified\":\"2020-11-30T07:50:17+00:00\",\"author\":{\"@id\":\"https:\/\/www.madeinbz.info\/#\/schema\/person\/ada1181a2c4cb0169ce6bb24c7a16be8\"},\"description\":\"Chi \u00e8 e cosa fa una DPO, acronimo di Data Protection Officer. Lo abbiamo chiesto a Lucia Menini che lavora nella societ\u00e0 di consulenza Effizient Srl.\",\"breadcrumb\":{\"@id\":\"https:\/\/www.madeinbz.info\/data-protection-officer\/#breadcrumb\"},\"inLanguage\":\"de-DE\",\"potentialAction\":[{\"@type\":\"ReadAction\",\"target\":[\"https:\/\/www.madeinbz.info\/data-protection-officer\/\"]}]},{\"@type\":\"BreadcrumbList\",\"@id\":\"https:\/\/www.madeinbz.info\/data-protection-officer\/#breadcrumb\",\"itemListElement\":[{\"@type\":\"ListItem\",\"position\":1,\"name\":\"Home\",\"item\":\"https:\/\/www.madeinbz.info\/\"},{\"@type\":\"ListItem\",\"position\":2,\"name\":\"Cosa fa una Data Protection Officer?\"}]},{\"@type\":\"WebSite\",\"@id\":\"https:\/\/www.madeinbz.info\/#website\",\"url\":\"https:\/\/www.madeinbz.info\/\",\"name\":\"Industry is IN\",\"description\":\"Storie di aziende e persone dell\u2019industria altoatesina\",\"potentialAction\":[{\"@type\":\"SearchAction\",\"target\":{\"@type\":\"EntryPoint\",\"urlTemplate\":\"https:\/\/www.madeinbz.info\/?s={search_term_string}\"},\"query-input\":\"required name=search_term_string\"}],\"inLanguage\":\"de-DE\"},{\"@type\":\"Person\",\"@id\":\"https:\/\/www.madeinbz.info\/#\/schema\/person\/ada1181a2c4cb0169ce6bb24c7a16be8\",\"name\":\"adminOD\",\"image\":{\"@type\":\"ImageObject\",\"inLanguage\":\"de-DE\",\"@id\":\"https:\/\/www.madeinbz.info\/#\/schema\/person\/image\/\",\"url\":\"https:\/\/secure.gravatar.com\/avatar\/428c80be0104d62b42c7e8ccb85f963d?s=96&d=mm&r=g\",\"contentUrl\":\"https:\/\/secure.gravatar.com\/avatar\/428c80be0104d62b42c7e8ccb85f963d?s=96&d=mm&r=g\",\"caption\":\"adminOD\"},\"url\":\"https:\/\/www.industryisin.bz.it\/de\/author\/adminod\/\"}]}<\/script>\n<!-- \/ Yoast SEO plugin. -->","yoast_head_json":{"title":"Cosa fa una Data Protection Officer? - Industry is IN","description":"Chi \u00e8 e cosa fa una DPO, acronimo di Data Protection Officer. Lo abbiamo chiesto a Lucia Menini che lavora nella societ\u00e0 di consulenza Effizient Srl.","robots":{"index":"index","follow":"follow","max-snippet":"max-snippet:-1","max-image-preview":"max-image-preview:large","max-video-preview":"max-video-preview:-1"},"canonical":"https:\/\/www.madeinbz.info\/data-protection-officer\/","og_locale":"de_DE","og_type":"article","og_title":"Cosa fa una Data Protection Officer? - Industry is IN","og_description":"Chi \u00e8 e cosa fa una DPO, acronimo di Data Protection Officer. Lo abbiamo chiesto a Lucia Menini che lavora nella societ\u00e0 di consulenza Effizient Srl.","og_url":"https:\/\/www.madeinbz.info\/data-protection-officer\/","og_site_name":"Industry is IN","article_published_time":"2020-11-30T06:00:26+00:00","article_modified_time":"2020-11-30T07:50:17+00:00","og_image":[{"width":1024,"height":500,"url":"https:\/\/www.madeinbz.info\/wp-content\/uploads\/2020\/11\/team-effizient-1024x500.jpg","type":"image\/jpeg"}],"author":"adminOD","twitter_card":"summary_large_image","twitter_misc":{"Verfasst von":"adminOD","Gesch\u00e4tzte Lesezeit":"5 Minuten"},"schema":{"@context":"https:\/\/schema.org","@graph":[{"@type":"WebPage","@id":"https:\/\/www.madeinbz.info\/data-protection-officer\/","url":"https:\/\/www.madeinbz.info\/data-protection-officer\/","name":"Cosa fa una Data Protection Officer? - Industry is IN","isPartOf":{"@id":"https:\/\/www.madeinbz.info\/#website"},"datePublished":"2020-11-30T06:00:26+00:00","dateModified":"2020-11-30T07:50:17+00:00","author":{"@id":"https:\/\/www.madeinbz.info\/#\/schema\/person\/ada1181a2c4cb0169ce6bb24c7a16be8"},"description":"Chi \u00e8 e cosa fa una DPO, acronimo di Data Protection Officer. Lo abbiamo chiesto a Lucia Menini che lavora nella societ\u00e0 di consulenza Effizient Srl.","breadcrumb":{"@id":"https:\/\/www.madeinbz.info\/data-protection-officer\/#breadcrumb"},"inLanguage":"de-DE","potentialAction":[{"@type":"ReadAction","target":["https:\/\/www.madeinbz.info\/data-protection-officer\/"]}]},{"@type":"BreadcrumbList","@id":"https:\/\/www.madeinbz.info\/data-protection-officer\/#breadcrumb","itemListElement":[{"@type":"ListItem","position":1,"name":"Home","item":"https:\/\/www.madeinbz.info\/"},{"@type":"ListItem","position":2,"name":"Cosa fa una Data Protection Officer?"}]},{"@type":"WebSite","@id":"https:\/\/www.madeinbz.info\/#website","url":"https:\/\/www.madeinbz.info\/","name":"Industry is IN","description":"Storie di aziende e persone dell\u2019industria altoatesina","potentialAction":[{"@type":"SearchAction","target":{"@type":"EntryPoint","urlTemplate":"https:\/\/www.madeinbz.info\/?s={search_term_string}"},"query-input":"required name=search_term_string"}],"inLanguage":"de-DE"},{"@type":"Person","@id":"https:\/\/www.madeinbz.info\/#\/schema\/person\/ada1181a2c4cb0169ce6bb24c7a16be8","name":"adminOD","image":{"@type":"ImageObject","inLanguage":"de-DE","@id":"https:\/\/www.madeinbz.info\/#\/schema\/person\/image\/","url":"https:\/\/secure.gravatar.com\/avatar\/428c80be0104d62b42c7e8ccb85f963d?s=96&d=mm&r=g","contentUrl":"https:\/\/secure.gravatar.com\/avatar\/428c80be0104d62b42c7e8ccb85f963d?s=96&d=mm&r=g","caption":"adminOD"},"url":"https:\/\/www.industryisin.bz.it\/de\/author\/adminod\/"}]}},"_links":{"self":[{"href":"https:\/\/www.industryisin.bz.it\/de\/wp-json\/wp\/v2\/posts\/4583"}],"collection":[{"href":"https:\/\/www.industryisin.bz.it\/de\/wp-json\/wp\/v2\/posts"}],"about":[{"href":"https:\/\/www.industryisin.bz.it\/de\/wp-json\/wp\/v2\/types\/post"}],"author":[{"embeddable":true,"href":"https:\/\/www.industryisin.bz.it\/de\/wp-json\/wp\/v2\/users\/8"}],"replies":[{"embeddable":true,"href":"https:\/\/www.industryisin.bz.it\/de\/wp-json\/wp\/v2\/comments?post=4583"}],"version-history":[{"count":17,"href":"https:\/\/www.industryisin.bz.it\/de\/wp-json\/wp\/v2\/posts\/4583\/revisions"}],"predecessor-version":[{"id":4680,"href":"https:\/\/www.industryisin.bz.it\/de\/wp-json\/wp\/v2\/posts\/4583\/revisions\/4680"}],"wp:featuredmedia":[{"embeddable":true,"href":"https:\/\/www.industryisin.bz.it\/de\/wp-json\/wp\/v2\/media\/4659"}],"wp:attachment":[{"href":"https:\/\/www.industryisin.bz.it\/de\/wp-json\/wp\/v2\/media?parent=4583"}],"wp:term":[{"taxonomy":"category","embeddable":true,"href":"https:\/\/www.industryisin.bz.it\/de\/wp-json\/wp\/v2\/categories?post=4583"},{"taxonomy":"post_tag","embeddable":true,"href":"https:\/\/www.industryisin.bz.it\/de\/wp-json\/wp\/v2\/tags?post=4583"}],"curies":[{"name":"wp","href":"https:\/\/api.w.org\/{rel}","templated":true}]}}