{"id":3843,"date":"2020-05-15T11:30:33","date_gmt":"2020-05-15T09:30:33","guid":{"rendered":"https:\/\/www.industryisin.bz.it\/?p=3843"},"modified":"2020-05-15T16:32:53","modified_gmt":"2020-05-15T14:32:53","slug":"arbeiten-in-zeiten-von-corona-in-danemark","status":"publish","type":"post","link":"https:\/\/www.industryisin.bz.it\/de\/arbeiten-in-zeiten-von-corona-in-danemark\/","title":{"rendered":"Arbeiten in Zeiten von Corona in D\u00e4nemark"},"content":{"rendered":"<p><strong>Thomas Rossetto<\/strong> ist Projektleiter bei <a href=\"https:\/\/pichler.pro\/de\/\">PICHLER Projects<\/a>. Im Moment ist er f\u00fcr das <a href=\"https:\/\/pichler.pro\/de\/referenzen?project=265&amp;from=news\">Projekt Ferring<\/a> in der d\u00e4nischen Hauptstadt Kopenhagen verantwortlich. Wir haben mit ihm \u00fcber das Projekt und seine Erfahrung mit dem d\u00e4nischen Lockdown gesprochen.<\/p>\n<h2>Herr Rossetto, in Kopenhagen entsteht die neue Zentrale des Pharmaziekonzerns Ferring. Das Projekt stammt vom bekannten Architekturb\u00fcro Foster + Partners. Was macht Pichler Projects dort genau?<\/h2>\n<div id=\"attachment_3855\" style=\"width: 210px\" class=\"wp-caption alignleft\"><img aria-describedby=\"caption-attachment-3855\" decoding=\"async\" loading=\"lazy\" class=\"size-medium wp-image-3855\" src=\"https:\/\/www.industryisin.bz.it\/wp-content\/uploads\/2020\/05\/Rossetto-Thomas-200x300.jpg\" alt=\"\" width=\"200\" height=\"300\" srcset=\"https:\/\/www.industryisin.bz.it\/wp-content\/uploads\/2020\/05\/Rossetto-Thomas-200x300.jpg 200w, https:\/\/www.industryisin.bz.it\/wp-content\/uploads\/2020\/05\/Rossetto-Thomas-768x1152.jpg 768w, https:\/\/www.industryisin.bz.it\/wp-content\/uploads\/2020\/05\/Rossetto-Thomas-683x1024.jpg 683w, https:\/\/www.industryisin.bz.it\/wp-content\/uploads\/2020\/05\/Rossetto-Thomas.jpg 1000w\" sizes=\"(max-width: 200px) 100vw, 200px\" \/><p id=\"caption-attachment-3855\" class=\"wp-caption-text\">Thomas Rossetto hat den Corona-Lockwdown in D\u00e4nemark erlebt.<\/p><\/div>\n<p>Wir sind bei diesem Projekt f\u00fcr die Stahl-Glas-Kuppel auf dem Dach des Geb\u00e4udes verantwortlich. Die Montage der Stahlstrukturen haben wir vor wenigen Tagen abgeschlossen. Insgesamt wurden \u00fcber 215 Tonnen Stahlstrukturen verbaut. Wir beginnen demn\u00e4chst mit der Montage der Glasfassaden und anschlie\u00dfenden Fertigstellung der Glaskuppel, die eine Gesamtgr\u00f6\u00dfe von \u00fcber 1.600 m\u00b2 haben wird.<\/p>\n<h2>Sie waren ja stets vor Ort. Wie erleben sie die Situation in Anbetracht der Corona-Epidemie in Kopenhagen?<\/h2>\n<p>Die <strong>Situation in Kopenhagen ist im Gro\u00dfen und Ganzen unter Kontrolle<\/strong> \u2013 die Anzahl der Covid Erkrankten und der Verstorbenen ist relativ gering. Das Land hat relativ fr\u00fch mit dem Lockdown begonnen \u2013 mittlerweile wurden aber die Ma\u00dfnahmen gelockert. Gesch\u00e4fte und Schulen sind auch wieder ge\u00f6ffnet worden, Lokale und Restaurants sind noch geschlossen, dort wird nur Take-away Service angeboten.<\/p>\n<h2>Mussten die Arbeiten auf der Baustelle Corona bedingt unterbrochen werden oder durfte immer gearbeitet werden?<\/h2>\n<div id=\"attachment_3851\" style=\"width: 760px\" class=\"wp-caption alignleft\"><img aria-describedby=\"caption-attachment-3851\" decoding=\"async\" loading=\"lazy\" class=\"Corona in D\u00e4nemark wp-image-3851 size-large\" title=\"Corona in D\u00e4nemark\" src=\"https:\/\/www.industryisin.bz.it\/wp-content\/uploads\/2020\/05\/4-1024x607.jpg\" alt=\"\" width=\"750\" height=\"445\" srcset=\"https:\/\/www.industryisin.bz.it\/wp-content\/uploads\/2020\/05\/4-1024x607.jpg 1024w, https:\/\/www.industryisin.bz.it\/wp-content\/uploads\/2020\/05\/4-300x178.jpg 300w, https:\/\/www.industryisin.bz.it\/wp-content\/uploads\/2020\/05\/4-768x455.jpg 768w, https:\/\/www.industryisin.bz.it\/wp-content\/uploads\/2020\/05\/4-1920x1139.jpg 1920w, https:\/\/www.industryisin.bz.it\/wp-content\/uploads\/2020\/05\/4.jpg 2000w\" sizes=\"(max-width: 750px) 100vw, 750px\" \/><p id=\"caption-attachment-3851\" class=\"wp-caption-text\">Der Bau des neuen Ferring-Headquarters in Kopenhagen schreitet rasch voran, trotz Corona.<\/p><\/div>\n<p>Wir konnten immer weiterarbeiten, <strong>auf der Baustelle gab es von Seiten der d\u00e4nischen Beh\u00f6rden keine besonderen Einschr\u00e4nkungen<\/strong>. Der Endkunde, also Ferring, hat aber bereits seit Ende Februar eine 14-t\u00e4gige Quarant\u00e4ne f\u00fcr alle aus dem Ausland kommenden Arbeitskr\u00e4fte auf der Baustelle eingef\u00fchrt. Die gr\u00f6\u00dften Schwierigkeiten gab es bei der Entsendung von zus\u00e4tzlichem Montagepersonal nach D\u00e4nemark. Hauptproblem war die Reise von Italien \u00fcber \u00d6sterreich, nach Deutschland und schlie\u00dflich nach D\u00e4nemark. Es waren im Monat M\u00e4rz keine Fl\u00fcge mehr verf\u00fcgbar, somit musste das zus\u00e4tzliche Montagepersonal mit dem Auto nach D\u00e4nemark reisen, das sind von Bozen ca. 1500 km. Au\u00dferdem musste das Montagepersonal auf der Reise an den jeweiligen Grenzen eine ganze Menge an Dokumente und Unterlagen vorweisen, um die Grenzen passieren zu k\u00f6nnen, das wurde vorab direkt mit den einzelnen Grenzposten und Polizeidirektionen abgesprochen und definiert.<\/p>\n<h2>Welche Sicherheitsbestimmungen m\u00fcssen auf der Baustelle eingehalten werden?<\/h2>\n<p>Das Arbeitspersonal muss einen Mindestabstand von 2 m zu anderen Firmenpersonal einhalten, Personenansammlungen m\u00fcssen vermieden werden. Einen Mundschutz braucht man nicht, f\u00fcr die Umkleide- und Aufenthaltsr\u00e4ume sind aber Turnusse eingef\u00fchrt worden, damit Ansammlungen vermieden werden k\u00f6nnen. Auf der Baustelle wurden fixe Pl\u00e4tze zur Desinfektion der H\u00e4nde eingerichtet, das Arbeitspersonal muss Handschuhe und Brillen tragen \u2013 aber das war eigentlich immer erforderlich, auch vor Covid. Im Personenaufzug d\u00fcrfen max. zwei Personen gleichzeitig einsteigen.<\/p>\n<h2>Stand auch D\u00e4nemark komplett still, oder war der Lockdown weniger streng als in Italien?<\/h2>\n<p>Im Allgemeinen war\/ist der Lockdown weniger streng als in Italien, die <strong>Menschen d\u00fcrfen sich frei bewegen<\/strong>, durften immer Sport betreiben. Die Mindestabst\u00e4nde m\u00fcssen eingehalten werden und Ansammlungen sind zu vermeiden. In der U-Bahn und in den Gesch\u00e4ften sind 2 m Abstand einzuhalten.<\/p>\n<h2>D\u00e4nemark ist ja eines der L\u00e4nder, das als erstes mit Lockerungen begonnen hat. Wie gehen die Menschen damit um?<\/h2>\n<p>Die D\u00e4nen haben die Situation, wie es scheint, gut unter Kontrolle und halten sich an die Vorgaben der Regierung, jedoch war\/ist die Situation in D\u00e4nemark wesentlich weniger besorgniserregend als bei uns in Italien. Die Krankenh\u00e4user und die Intensivstationen kamen nicht an ihren Kapazit\u00e4tsgrenzen.<\/p>\n<h2>Wie erlebt PICHLER Projects die Situation?<\/h2>\n<p>Wir konnten zum Gl\u00fcck ohne Unterbrechungen die Arbeiten auf der Baustelle fortsetzen. Das Personal hat jedoch seit Monaten nicht mehr nach Hause fahren k\u00f6nnen. Das war sicher ein gro\u00dfes privates Problem, da die V\u00e4ter seit mehreren Monaten von ihren Familien getrennt waren bzw. sind. Ein weiteres Problem war, dass die <a href=\"https:\/\/www.industryisin.bz.it\/desinfektion-im-produktionsgebaude\/\">Produktionsst\u00e4tten<\/a> bei uns in Italien, aber auch im Ausland, wie z.B. in Spanien, ab einem gewissen Zeitpunkt alle geschlossen wurden und das erforderliche Material nicht mehr produziert und auf die Baustelle geliefert werden konnte. Zum Gl\u00fcck haben wir es noch rechtzeitig geschafft, das dringend erforderliche Material auf die Baustelle zu liefern. Teilweise mussten wir das Material dann in D\u00e4nemark bearbeiten lassen. Allgemein gab und gibt es immer noch ein <strong>organisatorisches Problem<\/strong>, da der Kontakt und Austausch zu den verschiedenen internen und externen Projektbeteiligten immer noch erschwert abl\u00e4uft.<\/p>\n<div id=\"attachment_3857\" style=\"width: 760px\" class=\"wp-caption aligncenter\"><img aria-describedby=\"caption-attachment-3857\" decoding=\"async\" loading=\"lazy\" class=\"wp-image-3857 size-large\" src=\"https:\/\/www.industryisin.bz.it\/wp-content\/uploads\/2020\/05\/titelbild-1024x415.jpg\" alt=\"\" width=\"750\" height=\"304\" srcset=\"https:\/\/www.industryisin.bz.it\/wp-content\/uploads\/2020\/05\/titelbild-1024x415.jpg 1024w, https:\/\/www.industryisin.bz.it\/wp-content\/uploads\/2020\/05\/titelbild-300x122.jpg 300w, https:\/\/www.industryisin.bz.it\/wp-content\/uploads\/2020\/05\/titelbild-768x311.jpg 768w, https:\/\/www.industryisin.bz.it\/wp-content\/uploads\/2020\/05\/titelbild-1920x778.jpg 1920w\" sizes=\"(max-width: 750px) 100vw, 750px\" \/><p id=\"caption-attachment-3857\" class=\"wp-caption-text\">Viele Mitarbeiter konnten ihre Familien in S\u00fcdtirol \u00fcber Wochen nicht sehen &#8211; hier ein Foto aufgenommen noch vor Corona-Zeiten.<\/p><\/div>\n","protected":false},"excerpt":{"rendered":"<p>Thomas Rossetto ist Projektleiter bei PICHLER Projects. Im Moment ist er f\u00fcr das Projekt Ferring in der d\u00e4nischen Hauptstadt Kopenhagen verantwortlich. Wir haben mit ihm \u00fcber das Projekt und seine Erfahrung mit dem d\u00e4nischen Lockdown gesprochen. Herr Rossetto, in Kopenhagen entsteht die neue Zentrale des Pharmaziekonzerns Ferring. Das Projekt stammt vom bekannten Architekturb\u00fcro Foster + [&hellip;]<\/p>\n","protected":false},"author":13,"featured_media":3847,"comment_status":"closed","ping_status":"open","sticky":false,"template":"","format":"standard","meta":{"footnotes":""},"categories":[48],"tags":[412,432,430,431,429],"acf":[],"yoast_head":"<!-- This site is optimized with the Yoast SEO plugin v21.4 - https:\/\/yoast.com\/wordpress\/plugins\/seo\/ -->\n<title>Arbeiten in Zeiten von Corona in D\u00e4nemark - Industry is IN<\/title>\n<meta name=\"description\" content=\"Thomas Rossetto hat als Projektleiter den Corona-bedingten Lockdown in D\u00e4nemark erlebt, wo er derzeit ein gro\u00dfes Bauprojekt f\u00fcr PICHLER Projects betreut.\" \/>\n<meta name=\"robots\" content=\"index, follow, max-snippet:-1, max-image-preview:large, max-video-preview:-1\" \/>\n<link rel=\"canonical\" href=\"https:\/\/www.madeinbz.info\/arbeiten-in-zeiten-von-corona-in-danemark\/\" \/>\n<meta property=\"og:locale\" content=\"de_DE\" \/>\n<meta property=\"og:type\" content=\"article\" \/>\n<meta property=\"og:title\" content=\"Arbeiten in Zeiten von Corona in D\u00e4nemark - Industry is IN\" \/>\n<meta property=\"og:description\" content=\"Thomas Rossetto hat als Projektleiter den Corona-bedingten Lockdown in D\u00e4nemark erlebt, wo er derzeit ein gro\u00dfes Bauprojekt f\u00fcr PICHLER Projects betreut.\" \/>\n<meta property=\"og:url\" content=\"https:\/\/www.madeinbz.info\/arbeiten-in-zeiten-von-corona-in-danemark\/\" \/>\n<meta property=\"og:site_name\" content=\"Industry is IN\" \/>\n<meta property=\"article:published_time\" content=\"2020-05-15T09:30:33+00:00\" \/>\n<meta property=\"article:modified_time\" content=\"2020-05-15T14:32:53+00:00\" \/>\n<meta property=\"og:image\" content=\"https:\/\/www.madeinbz.info\/wp-content\/uploads\/2020\/05\/2.jpg\" \/>\n\t<meta property=\"og:image:width\" content=\"3508\" \/>\n\t<meta property=\"og:image:height\" content=\"2479\" \/>\n\t<meta property=\"og:image:type\" content=\"image\/jpeg\" \/>\n<meta name=\"author\" content=\"Angelika Bayer\" \/>\n<meta name=\"twitter:card\" content=\"summary_large_image\" \/>\n<meta name=\"twitter:label1\" content=\"Verfasst von\" \/>\n\t<meta name=\"twitter:data1\" content=\"Angelika Bayer\" \/>\n\t<meta name=\"twitter:label2\" content=\"Gesch\u00e4tzte Lesezeit\" \/>\n\t<meta name=\"twitter:data2\" content=\"4 Minuten\" \/>\n<script type=\"application\/ld+json\" class=\"yoast-schema-graph\">{\"@context\":\"https:\/\/schema.org\",\"@graph\":[{\"@type\":\"WebPage\",\"@id\":\"https:\/\/www.madeinbz.info\/arbeiten-in-zeiten-von-corona-in-danemark\/\",\"url\":\"https:\/\/www.madeinbz.info\/arbeiten-in-zeiten-von-corona-in-danemark\/\",\"name\":\"Arbeiten in Zeiten von Corona in D\u00e4nemark - Industry is IN\",\"isPartOf\":{\"@id\":\"https:\/\/www.madeinbz.info\/#website\"},\"datePublished\":\"2020-05-15T09:30:33+00:00\",\"dateModified\":\"2020-05-15T14:32:53+00:00\",\"author\":{\"@id\":\"https:\/\/www.madeinbz.info\/#\/schema\/person\/2c37e5aeb0f02de7cca30cb97ffc38e8\"},\"description\":\"Thomas Rossetto hat als Projektleiter den Corona-bedingten Lockdown in D\u00e4nemark erlebt, wo er derzeit ein gro\u00dfes Bauprojekt f\u00fcr PICHLER Projects betreut.\",\"breadcrumb\":{\"@id\":\"https:\/\/www.madeinbz.info\/arbeiten-in-zeiten-von-corona-in-danemark\/#breadcrumb\"},\"inLanguage\":\"de-DE\",\"potentialAction\":[{\"@type\":\"ReadAction\",\"target\":[\"https:\/\/www.madeinbz.info\/arbeiten-in-zeiten-von-corona-in-danemark\/\"]}]},{\"@type\":\"BreadcrumbList\",\"@id\":\"https:\/\/www.madeinbz.info\/arbeiten-in-zeiten-von-corona-in-danemark\/#breadcrumb\",\"itemListElement\":[{\"@type\":\"ListItem\",\"position\":1,\"name\":\"Home\",\"item\":\"https:\/\/www.madeinbz.info\/\"},{\"@type\":\"ListItem\",\"position\":2,\"name\":\"Arbeiten in Zeiten von Corona in D\u00e4nemark\"}]},{\"@type\":\"WebSite\",\"@id\":\"https:\/\/www.madeinbz.info\/#website\",\"url\":\"https:\/\/www.madeinbz.info\/\",\"name\":\"Industry is IN\",\"description\":\"Storie di aziende e persone dell\u2019industria altoatesina\",\"potentialAction\":[{\"@type\":\"SearchAction\",\"target\":{\"@type\":\"EntryPoint\",\"urlTemplate\":\"https:\/\/www.madeinbz.info\/?s={search_term_string}\"},\"query-input\":\"required name=search_term_string\"}],\"inLanguage\":\"de-DE\"},{\"@type\":\"Person\",\"@id\":\"https:\/\/www.madeinbz.info\/#\/schema\/person\/2c37e5aeb0f02de7cca30cb97ffc38e8\",\"name\":\"Angelika Bayer\",\"image\":{\"@type\":\"ImageObject\",\"inLanguage\":\"de-DE\",\"@id\":\"https:\/\/www.madeinbz.info\/#\/schema\/person\/image\/\",\"url\":\"https:\/\/secure.gravatar.com\/avatar\/d5d603996af27fc843daae65ef659f93?s=96&d=mm&r=g\",\"contentUrl\":\"https:\/\/secure.gravatar.com\/avatar\/d5d603996af27fc843daae65ef659f93?s=96&d=mm&r=g\",\"caption\":\"Angelika Bayer\"},\"url\":\"https:\/\/www.industryisin.bz.it\/de\/author\/angelika\/\"}]}<\/script>\n<!-- \/ Yoast SEO plugin. -->","yoast_head_json":{"title":"Arbeiten in Zeiten von Corona in D\u00e4nemark - Industry is IN","description":"Thomas Rossetto hat als Projektleiter den Corona-bedingten Lockdown in D\u00e4nemark erlebt, wo er derzeit ein gro\u00dfes Bauprojekt f\u00fcr PICHLER Projects betreut.","robots":{"index":"index","follow":"follow","max-snippet":"max-snippet:-1","max-image-preview":"max-image-preview:large","max-video-preview":"max-video-preview:-1"},"canonical":"https:\/\/www.madeinbz.info\/arbeiten-in-zeiten-von-corona-in-danemark\/","og_locale":"de_DE","og_type":"article","og_title":"Arbeiten in Zeiten von Corona in D\u00e4nemark - Industry is IN","og_description":"Thomas Rossetto hat als Projektleiter den Corona-bedingten Lockdown in D\u00e4nemark erlebt, wo er derzeit ein gro\u00dfes Bauprojekt f\u00fcr PICHLER Projects betreut.","og_url":"https:\/\/www.madeinbz.info\/arbeiten-in-zeiten-von-corona-in-danemark\/","og_site_name":"Industry is IN","article_published_time":"2020-05-15T09:30:33+00:00","article_modified_time":"2020-05-15T14:32:53+00:00","og_image":[{"width":3508,"height":2479,"url":"https:\/\/www.madeinbz.info\/wp-content\/uploads\/2020\/05\/2.jpg","type":"image\/jpeg"}],"author":"Angelika Bayer","twitter_card":"summary_large_image","twitter_misc":{"Verfasst von":"Angelika Bayer","Gesch\u00e4tzte Lesezeit":"4 Minuten"},"schema":{"@context":"https:\/\/schema.org","@graph":[{"@type":"WebPage","@id":"https:\/\/www.madeinbz.info\/arbeiten-in-zeiten-von-corona-in-danemark\/","url":"https:\/\/www.madeinbz.info\/arbeiten-in-zeiten-von-corona-in-danemark\/","name":"Arbeiten in Zeiten von Corona in D\u00e4nemark - Industry is IN","isPartOf":{"@id":"https:\/\/www.madeinbz.info\/#website"},"datePublished":"2020-05-15T09:30:33+00:00","dateModified":"2020-05-15T14:32:53+00:00","author":{"@id":"https:\/\/www.madeinbz.info\/#\/schema\/person\/2c37e5aeb0f02de7cca30cb97ffc38e8"},"description":"Thomas Rossetto hat als Projektleiter den Corona-bedingten Lockdown in D\u00e4nemark erlebt, wo er derzeit ein gro\u00dfes Bauprojekt f\u00fcr PICHLER Projects betreut.","breadcrumb":{"@id":"https:\/\/www.madeinbz.info\/arbeiten-in-zeiten-von-corona-in-danemark\/#breadcrumb"},"inLanguage":"de-DE","potentialAction":[{"@type":"ReadAction","target":["https:\/\/www.madeinbz.info\/arbeiten-in-zeiten-von-corona-in-danemark\/"]}]},{"@type":"BreadcrumbList","@id":"https:\/\/www.madeinbz.info\/arbeiten-in-zeiten-von-corona-in-danemark\/#breadcrumb","itemListElement":[{"@type":"ListItem","position":1,"name":"Home","item":"https:\/\/www.madeinbz.info\/"},{"@type":"ListItem","position":2,"name":"Arbeiten in Zeiten von Corona in D\u00e4nemark"}]},{"@type":"WebSite","@id":"https:\/\/www.madeinbz.info\/#website","url":"https:\/\/www.madeinbz.info\/","name":"Industry is IN","description":"Storie di aziende e persone dell\u2019industria altoatesina","potentialAction":[{"@type":"SearchAction","target":{"@type":"EntryPoint","urlTemplate":"https:\/\/www.madeinbz.info\/?s={search_term_string}"},"query-input":"required name=search_term_string"}],"inLanguage":"de-DE"},{"@type":"Person","@id":"https:\/\/www.madeinbz.info\/#\/schema\/person\/2c37e5aeb0f02de7cca30cb97ffc38e8","name":"Angelika Bayer","image":{"@type":"ImageObject","inLanguage":"de-DE","@id":"https:\/\/www.madeinbz.info\/#\/schema\/person\/image\/","url":"https:\/\/secure.gravatar.com\/avatar\/d5d603996af27fc843daae65ef659f93?s=96&d=mm&r=g","contentUrl":"https:\/\/secure.gravatar.com\/avatar\/d5d603996af27fc843daae65ef659f93?s=96&d=mm&r=g","caption":"Angelika Bayer"},"url":"https:\/\/www.industryisin.bz.it\/de\/author\/angelika\/"}]}},"_links":{"self":[{"href":"https:\/\/www.industryisin.bz.it\/de\/wp-json\/wp\/v2\/posts\/3843"}],"collection":[{"href":"https:\/\/www.industryisin.bz.it\/de\/wp-json\/wp\/v2\/posts"}],"about":[{"href":"https:\/\/www.industryisin.bz.it\/de\/wp-json\/wp\/v2\/types\/post"}],"author":[{"embeddable":true,"href":"https:\/\/www.industryisin.bz.it\/de\/wp-json\/wp\/v2\/users\/13"}],"replies":[{"embeddable":true,"href":"https:\/\/www.industryisin.bz.it\/de\/wp-json\/wp\/v2\/comments?post=3843"}],"version-history":[{"count":10,"href":"https:\/\/www.industryisin.bz.it\/de\/wp-json\/wp\/v2\/posts\/3843\/revisions"}],"predecessor-version":[{"id":3867,"href":"https:\/\/www.industryisin.bz.it\/de\/wp-json\/wp\/v2\/posts\/3843\/revisions\/3867"}],"wp:featuredmedia":[{"embeddable":true,"href":"https:\/\/www.industryisin.bz.it\/de\/wp-json\/wp\/v2\/media\/3847"}],"wp:attachment":[{"href":"https:\/\/www.industryisin.bz.it\/de\/wp-json\/wp\/v2\/media?parent=3843"}],"wp:term":[{"taxonomy":"category","embeddable":true,"href":"https:\/\/www.industryisin.bz.it\/de\/wp-json\/wp\/v2\/categories?post=3843"},{"taxonomy":"post_tag","embeddable":true,"href":"https:\/\/www.industryisin.bz.it\/de\/wp-json\/wp\/v2\/tags?post=3843"}],"curies":[{"name":"wp","href":"https:\/\/api.w.org\/{rel}","templated":true}]}}