{"id":3637,"date":"2020-03-31T14:29:57","date_gmt":"2020-03-31T12:29:57","guid":{"rendered":"https:\/\/www.industryisin.bz.it\/?p=3637"},"modified":"2020-03-31T14:52:16","modified_gmt":"2020-03-31T12:52:16","slug":"coronavirus-le-imprese-moltiplicano-le-iniziative-benefiche","status":"publish","type":"post","link":"https:\/\/www.industryisin.bz.it\/de\/coronavirus-le-imprese-moltiplicano-le-iniziative-benefiche\/","title":{"rendered":"Coronavirus, le imprese moltiplicano le iniziative benefiche"},"content":{"rendered":"<p>Fare di tutto per dare il proprio contributo nel contrasto al Coronavirus. \u00c8 questo \u00e8 il denominatore comune della tanta <strong>solidariet\u00e0<\/strong> mostrata dalla popolazione e dalle <strong>imprese altoatesine<\/strong> in questo difficile momento.<span class=\"Apple-converted-space\">\u00a0<\/span><\/p>\n<p>Gli esempi si moltiplicano. A Lana, un residente che ha contatti commerciali con la Cina \u00e8 riuscito a ordinare 38 mila mascherine, 12 mila delle quali sono gi\u00e0 arrivate. Saputa la notizia \u00a0dell\u2019arrivo di parte dell\u2019ordine, il gruppo <a href=\"https:\/\/www.tophaus.com\"><b>Progress \u00a0<\/b><\/a>ha deciso di assumersene i costi. C\u2019\u00e8 poi<b> <\/b><a href=\"https:\/\/www.alperia.eu\"><b>Alperia<\/b><\/a>. Gi\u00e0 aveva deciso di concedere alle imprese altoatesine una moratoria di tre mesi sui pagamenti e ora ha fatto un ulteriore passo avanti per aiutare i clienti privati che hanno perso il lavoro o si trovano in cassa integrazione a causa della crisi. A loro fornir\u00e0 infatti energia elettrica gratis per due mesi. Infine, l\u2019impresa <a href=\"https:\/\/schweitzerproject.com\"><b>Schweitzer Project<\/b><\/a>, che ha messo a disposizione proprio personale per <a href=\"https:\/\/www.industryisin.bz.it\/emergenza-coronavirus-le-imprese-si-mettono-in-moto\/\">l\u2019operazione di reperimento mascherine<\/a> portata avanti da <a href=\"https:\/\/www.oberalp.com\/it\"><b>Oberalp,<\/b><\/a>\u00a0che ha permesso l\u2019acquisto e il trasferimento dalla Cina di mascherine e tute protettive. <span class=\"Apple-converted-space\">\u00a0<\/span><\/p>\n<h2><b>La donazione della Progress per Lana<span class=\"Apple-converted-space\">\u00a0<\/span><\/b><\/h2>\n<div id=\"attachment_3639\" style=\"width: 490px\" class=\"wp-caption aligncenter\"><img aria-describedby=\"caption-attachment-3639\" decoding=\"async\" loading=\"lazy\" class=\"wp-image-3639 size-full\" src=\"https:\/\/www.industryisin.bz.it\/wp-content\/uploads\/2020\/03\/mascherine-lana.png\" alt=\"\" width=\"480\" height=\"360\" srcset=\"https:\/\/www.industryisin.bz.it\/wp-content\/uploads\/2020\/03\/mascherine-lana.png 480w, https:\/\/www.industryisin.bz.it\/wp-content\/uploads\/2020\/03\/mascherine-lana-300x225.png 300w\" sizes=\"(max-width: 480px) 100vw, 480px\" \/><p id=\"caption-attachment-3639\" class=\"wp-caption-text\">L&#8217;arrivo delle mascherine a Lana<\/p><\/div>\n<p>Sono gi\u00e0 state distribuite dai Vigili del Fuoco le <strong>mascherine protettive di tipo chirurgico<\/strong> arrivate sabato a Lana. Priorit\u00e0 \u00e8 stata data a coloro che lavorano a stretto contatto con le persone come volontari impegnati nel primo soccorso, pompieri, impiegati nei supermercati. A <strong>ciascuna famiglia<\/strong> del paese \u00e8 stata data una per componente. Il comune di Lana \u00e8 il primo in Alto Adige a distribuire a ogni abitante una mascherina. Le altre 26.000 arriveranno nei prossimi giorni. L\u2019impresa di materiali edili Progress, con sedi anche a Bressanone e Bolzano e al momento chiusa per l\u2019emergenza Covid-19, non ci ha pensato due volte e ha deciso di sobbarcarsi i costi.<span class=\"Apple-converted-space\">\u00a0<\/span><\/p>\n<p>Le mascherine chirurgiche non assicurano una protezione assoluta dal virus, ma sono raccomandate in mancanza di quelle che assicurano una ancora maggiore protezione e che al momento sono introvabili e, anche per motivi burocratici, difficili da produrre.<span class=\"Apple-converted-space\">\u00a0<\/span><\/p>\n<h2><b>Gli ostacoli al reperimento e alla produzione di mascherine<\/b><\/h2>\n<p>Le mascherine protettive sono uno dei prodotti pi\u00f9 preziosi in questo periodo di emergenza sanitaria. I rifornimenti non sono mai abbastanza. Ogni mese in Italia ne servono 90 milioni, ma reperirle \u00e8 difficile.<\/p>\n<p>Molte delle aziende in Cina che producevano mascherine secondo gli standard europei e da cui si rifornivano i fornitori che vendevano alla pubblica amministrazione, da gennaio <a href=\"https:\/\/www.corriere.it\/dataroom-milena-gabanelli\/coronavirus-perche-non-si-trovano-mascherine\/7233d98a-71fc-11ea-b6ca-dd4d8a93db33-va_preview.shtml?reason=unauthorized&amp;cat=1&amp;cid=1cANUpxo&amp;pids=FR&amp;credits=1&amp;origin=https%253A%252F%252Fwww.corriere.it%252Fdataroom-milena-gabanelli%252Fcoronavirus-perche-non-si-trovano-mascherine%252F7233d98a-71fc-11ea-b6ca-dd4d8a93db33-va.shtml\">non consegnano pi\u00f9<\/a>. Tante di quelle che sono state ordinate, sono rimaste bloccate in giro per il mondo.<\/p>\n<p>Per un impresa iniziare a produrre le mascherine sanitarie appartenenti alle categorie che assicurano massima<span class=\"Apple-converted-space\">\u00a0<\/span>protezione \u00e8 difficile. In questo momento la produzione \u00e8 autorizzata in deroga alle norme Ce, ma l\u2019avvio \u00e8 comunque lento perch\u00e9 le imprese devono attendere il via libera per essere certe che poi nessuno contesti la sicurezza del prodotto. In questo contesto l\u2019iniziativa dei privati con contatti diretti con la Cina risulta particolarmente preziosa.<\/p>\n<p>Cos\u00ec come risulta utilissima quella delle imprese che intanto si sono attivate per produrre mascherine protettive. In Alto Adige ne \u00e8 un esempio <strong><a href=\"https:\/\/www.daunenstep.com\/it\/\">Daunenstep<\/a> <\/strong>che ha riconvertito parte della produzione di piumoni per fabbricarle, come abbiamo raccontato in <a href=\"https:\/\/www.industryisin.bz.it\/mascherine-al-posto-dei-piumoni\/\">quest\u2019articolo<\/a>.<span class=\"Apple-converted-space\">\u00a0<\/span><\/p>\n<h2><b>Alperia e l\u2019energia gratuita per supportare chi \u00e8 in difficolt\u00e0<span class=\"Apple-converted-space\">\u00a0<\/span><\/b><\/h2>\n<p><img decoding=\"async\" loading=\"lazy\" class=\"aligncenter wp-image-3641 size-large\" src=\"https:\/\/www.industryisin.bz.it\/wp-content\/uploads\/2020\/03\/luce-1024x683.jpg\" alt=\"\" width=\"750\" height=\"500\" srcset=\"https:\/\/www.industryisin.bz.it\/wp-content\/uploads\/2020\/03\/luce-1024x683.jpg 1024w, https:\/\/www.industryisin.bz.it\/wp-content\/uploads\/2020\/03\/luce-300x200.jpg 300w, https:\/\/www.industryisin.bz.it\/wp-content\/uploads\/2020\/03\/luce-768x512.jpg 768w, https:\/\/www.industryisin.bz.it\/wp-content\/uploads\/2020\/03\/luce.jpg 1920w\" sizes=\"(max-width: 750px) 100vw, 750px\" \/><\/p>\n<p>Alperia ha deciso di fornire energia gratuita per due mesi a chi \u00e8 pi\u00f9 in difficolt\u00e0. Si tratta di un primato assoluto: non c\u2019era mai stata prima d\u2019ora in Italia un\u2019iniziativa di questo tipo. In particolare, l\u2019iniziativa andr\u00e0 a beneficio dei clienti domestici del mercato libero che acquistano energia elettrica da Alperia per la loro prima casa e che hanno perso il lavoro o si trovano in cassa integrazione a causa della crisi. I dettagli dell\u2019iniziativa sono reperibili sul <a href=\"https:\/\/www.alperiagroup.eu\/it\/newsroom\/dettaglio-news\/news\/covid-19-alperia-riafferma-la-propria-responsabilita-nei-confronti-di-territorio-e-cittadini.html\">sito dell\u2019impresa<\/a>.<\/p>\n<p>\u201cCon questa decisione &#8211; dichiarano la Presidente del Consiglio di Gestione <b>Flora Kr\u00f6ss<\/b> e il Presidente del Consiglio di Sorveglianza <b>Mauro Marchi &#8211;<\/b> aiutiamo quei clienti privati che attualmente necessitano maggiormente di sostegno, cio\u00e8 coloro che si sono improvvisamente ritrovati disoccupati o che devono andare in cassa integrazione a causa della difficile situazione economica attuale\u201d.<\/p>\n<p>\u201cLe misure di sostegno messe in campo da Alperia sono uniche sul territorio nazionale &#8211; ha commentato il Direttore Generale <b>Johann Wohlfarter<\/b> &#8211; nessun\u2019altra azienda energetica ha finora adottato misure di sostegno al proprio territorio di cos\u00ec ampia portata\u201d.<span class=\"Apple-converted-space\">\u00a0<\/span><\/p>\n<p>Wohlfarter precisa a questo proposito che l&#8217;iniziativa pensata per le imprese ammonta da sola ad un sostegno di liquidit\u00e0 nella misura di 50-70 milioni di euro. A ci\u00f2 si aggiungono ora le misure a sostegno dei clienti privati.<\/p>\n<h2><b>Schweitzer al fianco di Oberalp in Cina<\/b><\/h2>\n<div id=\"attachment_3644\" style=\"width: 760px\" class=\"wp-caption aligncenter\"><img aria-describedby=\"caption-attachment-3644\" decoding=\"async\" loading=\"lazy\" class=\"wp-image-3644 size-large\" src=\"https:\/\/www.industryisin.bz.it\/wp-content\/uploads\/2020\/03\/project-1024x439.png\" alt=\"\" width=\"750\" height=\"322\" srcset=\"https:\/\/www.industryisin.bz.it\/wp-content\/uploads\/2020\/03\/project-1024x439.png 1024w, https:\/\/www.industryisin.bz.it\/wp-content\/uploads\/2020\/03\/project-300x129.png 300w, https:\/\/www.industryisin.bz.it\/wp-content\/uploads\/2020\/03\/project-768x329.png 768w, https:\/\/www.industryisin.bz.it\/wp-content\/uploads\/2020\/03\/project-1920x822.png 1920w\" sizes=\"(max-width: 750px) 100vw, 750px\" \/><p id=\"caption-attachment-3644\" class=\"wp-caption-text\">La sede di Shweitzer Project in Alto Adige<\/p><\/div>\n<p>L\u2019unione fa la forza, soprattutto quando si tratta di solidariet\u00e0. La societ\u00e0<b> Schweitzer<\/b><strong> Project<\/strong> di Naturno, azienda leader nel settore dell\u2019arredamento per negozi, ha deciso di affiancare e supportare l\u2019operazione Oberalp di produzione mascherine in Cina inviando un suo team asiatico da Shanghai a Xiamen per aiutare nell\u2019approvvigionamento e nella spedizione del materiale sanitario. Due collaboratori dell\u2019imprenditore<b> Berhard Schweitzer<\/b>, <b>Thomas Waldner<\/b>, che vive in Cina da oltre 10 anni, e una sua collaboratrice cinese,<b> Chen Chen, <\/b>hanno aiutato dando supporto linguistico e organizzativo.<span class=\"Apple-converted-space\">\u00a0<\/span><\/p>\n","protected":false},"excerpt":{"rendered":"<p>Fare di tutto per dare il proprio contributo nel contrasto al Coronavirus. \u00c8 questo \u00e8 il denominatore comune della tanta solidariet\u00e0 mostrata dalla popolazione e dalle imprese altoatesine in questo difficile momento.\u00a0 Gli esempi si moltiplicano. A Lana, un residente che ha contatti commerciali con la Cina \u00e8 riuscito a ordinare 38 mila mascherine, 12 [&hellip;]<\/p>\n","protected":false},"author":8,"featured_media":3646,"comment_status":"closed","ping_status":"open","sticky":false,"template":"","format":"standard","meta":{"footnotes":""},"categories":[47],"tags":[247,410,415,129,78,416],"acf":[],"yoast_head":"<!-- This site is optimized with the Yoast SEO plugin v21.4 - https:\/\/yoast.com\/wordpress\/plugins\/seo\/ -->\n<title>Coronavirus, le imprese moltiplicano le iniziative benefiche - Industry is IN<\/title>\n<meta name=\"description\" content=\"Fare di tutto per contribuire al contrasto al Coronavirus: \u00e8 questo il denominatore comune della tanta solidariet\u00e0 mostrata dalle imprese altoatesine.\" \/>\n<meta name=\"robots\" content=\"index, follow, max-snippet:-1, max-image-preview:large, max-video-preview:-1\" \/>\n<link rel=\"canonical\" href=\"https:\/\/www.madeinbz.info\/coronavirus-le-imprese-moltiplicano-le-iniziative-benefiche\/\" \/>\n<meta property=\"og:locale\" content=\"de_DE\" \/>\n<meta property=\"og:type\" content=\"article\" \/>\n<meta property=\"og:title\" content=\"Coronavirus, le imprese moltiplicano le iniziative benefiche - Industry is IN\" \/>\n<meta property=\"og:description\" content=\"Fare di tutto per contribuire al contrasto al Coronavirus: \u00e8 questo il denominatore comune della tanta solidariet\u00e0 mostrata dalle imprese altoatesine.\" \/>\n<meta property=\"og:url\" content=\"https:\/\/www.madeinbz.info\/coronavirus-le-imprese-moltiplicano-le-iniziative-benefiche\/\" \/>\n<meta property=\"og:site_name\" content=\"Industry is IN\" \/>\n<meta property=\"article:published_time\" content=\"2020-03-31T12:29:57+00:00\" \/>\n<meta property=\"article:modified_time\" content=\"2020-03-31T12:52:16+00:00\" \/>\n<meta property=\"og:image\" content=\"https:\/\/www.madeinbz.info\/wp-content\/uploads\/2020\/03\/hands-1691221_1920.png\" \/>\n\t<meta property=\"og:image:width\" content=\"1920\" \/>\n\t<meta property=\"og:image:height\" content=\"855\" \/>\n\t<meta property=\"og:image:type\" content=\"image\/png\" \/>\n<meta name=\"author\" content=\"adminOD\" \/>\n<meta name=\"twitter:card\" content=\"summary_large_image\" \/>\n<meta name=\"twitter:label1\" content=\"Verfasst von\" \/>\n\t<meta name=\"twitter:data1\" content=\"adminOD\" \/>\n\t<meta name=\"twitter:label2\" content=\"Gesch\u00e4tzte Lesezeit\" \/>\n\t<meta name=\"twitter:data2\" content=\"4 Minuten\" \/>\n<script type=\"application\/ld+json\" class=\"yoast-schema-graph\">{\"@context\":\"https:\/\/schema.org\",\"@graph\":[{\"@type\":\"WebPage\",\"@id\":\"https:\/\/www.madeinbz.info\/coronavirus-le-imprese-moltiplicano-le-iniziative-benefiche\/\",\"url\":\"https:\/\/www.madeinbz.info\/coronavirus-le-imprese-moltiplicano-le-iniziative-benefiche\/\",\"name\":\"Coronavirus, le imprese moltiplicano le iniziative benefiche - Industry is IN\",\"isPartOf\":{\"@id\":\"https:\/\/www.madeinbz.info\/#website\"},\"datePublished\":\"2020-03-31T12:29:57+00:00\",\"dateModified\":\"2020-03-31T12:52:16+00:00\",\"author\":{\"@id\":\"https:\/\/www.madeinbz.info\/#\/schema\/person\/ada1181a2c4cb0169ce6bb24c7a16be8\"},\"description\":\"Fare di tutto per contribuire al contrasto al Coronavirus: \u00e8 questo il denominatore comune della tanta solidariet\u00e0 mostrata dalle imprese altoatesine.\",\"breadcrumb\":{\"@id\":\"https:\/\/www.madeinbz.info\/coronavirus-le-imprese-moltiplicano-le-iniziative-benefiche\/#breadcrumb\"},\"inLanguage\":\"de-DE\",\"potentialAction\":[{\"@type\":\"ReadAction\",\"target\":[\"https:\/\/www.madeinbz.info\/coronavirus-le-imprese-moltiplicano-le-iniziative-benefiche\/\"]}]},{\"@type\":\"BreadcrumbList\",\"@id\":\"https:\/\/www.madeinbz.info\/coronavirus-le-imprese-moltiplicano-le-iniziative-benefiche\/#breadcrumb\",\"itemListElement\":[{\"@type\":\"ListItem\",\"position\":1,\"name\":\"Home\",\"item\":\"https:\/\/www.madeinbz.info\/\"},{\"@type\":\"ListItem\",\"position\":2,\"name\":\"Coronavirus, le imprese moltiplicano le iniziative benefiche\"}]},{\"@type\":\"WebSite\",\"@id\":\"https:\/\/www.madeinbz.info\/#website\",\"url\":\"https:\/\/www.madeinbz.info\/\",\"name\":\"Industry is IN\",\"description\":\"Storie di aziende e persone dell\u2019industria altoatesina\",\"potentialAction\":[{\"@type\":\"SearchAction\",\"target\":{\"@type\":\"EntryPoint\",\"urlTemplate\":\"https:\/\/www.madeinbz.info\/?s={search_term_string}\"},\"query-input\":\"required name=search_term_string\"}],\"inLanguage\":\"de-DE\"},{\"@type\":\"Person\",\"@id\":\"https:\/\/www.madeinbz.info\/#\/schema\/person\/ada1181a2c4cb0169ce6bb24c7a16be8\",\"name\":\"adminOD\",\"image\":{\"@type\":\"ImageObject\",\"inLanguage\":\"de-DE\",\"@id\":\"https:\/\/www.madeinbz.info\/#\/schema\/person\/image\/\",\"url\":\"https:\/\/secure.gravatar.com\/avatar\/428c80be0104d62b42c7e8ccb85f963d?s=96&d=mm&r=g\",\"contentUrl\":\"https:\/\/secure.gravatar.com\/avatar\/428c80be0104d62b42c7e8ccb85f963d?s=96&d=mm&r=g\",\"caption\":\"adminOD\"},\"url\":\"https:\/\/www.industryisin.bz.it\/de\/author\/adminod\/\"}]}<\/script>\n<!-- \/ Yoast SEO plugin. -->","yoast_head_json":{"title":"Coronavirus, le imprese moltiplicano le iniziative benefiche - Industry is IN","description":"Fare di tutto per contribuire al contrasto al Coronavirus: \u00e8 questo il denominatore comune della tanta solidariet\u00e0 mostrata dalle imprese altoatesine.","robots":{"index":"index","follow":"follow","max-snippet":"max-snippet:-1","max-image-preview":"max-image-preview:large","max-video-preview":"max-video-preview:-1"},"canonical":"https:\/\/www.madeinbz.info\/coronavirus-le-imprese-moltiplicano-le-iniziative-benefiche\/","og_locale":"de_DE","og_type":"article","og_title":"Coronavirus, le imprese moltiplicano le iniziative benefiche - Industry is IN","og_description":"Fare di tutto per contribuire al contrasto al Coronavirus: \u00e8 questo il denominatore comune della tanta solidariet\u00e0 mostrata dalle imprese altoatesine.","og_url":"https:\/\/www.madeinbz.info\/coronavirus-le-imprese-moltiplicano-le-iniziative-benefiche\/","og_site_name":"Industry is IN","article_published_time":"2020-03-31T12:29:57+00:00","article_modified_time":"2020-03-31T12:52:16+00:00","og_image":[{"width":1920,"height":855,"url":"https:\/\/www.madeinbz.info\/wp-content\/uploads\/2020\/03\/hands-1691221_1920.png","type":"image\/png"}],"author":"adminOD","twitter_card":"summary_large_image","twitter_misc":{"Verfasst von":"adminOD","Gesch\u00e4tzte Lesezeit":"4 Minuten"},"schema":{"@context":"https:\/\/schema.org","@graph":[{"@type":"WebPage","@id":"https:\/\/www.madeinbz.info\/coronavirus-le-imprese-moltiplicano-le-iniziative-benefiche\/","url":"https:\/\/www.madeinbz.info\/coronavirus-le-imprese-moltiplicano-le-iniziative-benefiche\/","name":"Coronavirus, le imprese moltiplicano le iniziative benefiche - Industry is IN","isPartOf":{"@id":"https:\/\/www.madeinbz.info\/#website"},"datePublished":"2020-03-31T12:29:57+00:00","dateModified":"2020-03-31T12:52:16+00:00","author":{"@id":"https:\/\/www.madeinbz.info\/#\/schema\/person\/ada1181a2c4cb0169ce6bb24c7a16be8"},"description":"Fare di tutto per contribuire al contrasto al Coronavirus: \u00e8 questo il denominatore comune della tanta solidariet\u00e0 mostrata dalle imprese altoatesine.","breadcrumb":{"@id":"https:\/\/www.madeinbz.info\/coronavirus-le-imprese-moltiplicano-le-iniziative-benefiche\/#breadcrumb"},"inLanguage":"de-DE","potentialAction":[{"@type":"ReadAction","target":["https:\/\/www.madeinbz.info\/coronavirus-le-imprese-moltiplicano-le-iniziative-benefiche\/"]}]},{"@type":"BreadcrumbList","@id":"https:\/\/www.madeinbz.info\/coronavirus-le-imprese-moltiplicano-le-iniziative-benefiche\/#breadcrumb","itemListElement":[{"@type":"ListItem","position":1,"name":"Home","item":"https:\/\/www.madeinbz.info\/"},{"@type":"ListItem","position":2,"name":"Coronavirus, le imprese moltiplicano le iniziative benefiche"}]},{"@type":"WebSite","@id":"https:\/\/www.madeinbz.info\/#website","url":"https:\/\/www.madeinbz.info\/","name":"Industry is IN","description":"Storie di aziende e persone dell\u2019industria altoatesina","potentialAction":[{"@type":"SearchAction","target":{"@type":"EntryPoint","urlTemplate":"https:\/\/www.madeinbz.info\/?s={search_term_string}"},"query-input":"required name=search_term_string"}],"inLanguage":"de-DE"},{"@type":"Person","@id":"https:\/\/www.madeinbz.info\/#\/schema\/person\/ada1181a2c4cb0169ce6bb24c7a16be8","name":"adminOD","image":{"@type":"ImageObject","inLanguage":"de-DE","@id":"https:\/\/www.madeinbz.info\/#\/schema\/person\/image\/","url":"https:\/\/secure.gravatar.com\/avatar\/428c80be0104d62b42c7e8ccb85f963d?s=96&d=mm&r=g","contentUrl":"https:\/\/secure.gravatar.com\/avatar\/428c80be0104d62b42c7e8ccb85f963d?s=96&d=mm&r=g","caption":"adminOD"},"url":"https:\/\/www.industryisin.bz.it\/de\/author\/adminod\/"}]}},"_links":{"self":[{"href":"https:\/\/www.industryisin.bz.it\/de\/wp-json\/wp\/v2\/posts\/3637"}],"collection":[{"href":"https:\/\/www.industryisin.bz.it\/de\/wp-json\/wp\/v2\/posts"}],"about":[{"href":"https:\/\/www.industryisin.bz.it\/de\/wp-json\/wp\/v2\/types\/post"}],"author":[{"embeddable":true,"href":"https:\/\/www.industryisin.bz.it\/de\/wp-json\/wp\/v2\/users\/8"}],"replies":[{"embeddable":true,"href":"https:\/\/www.industryisin.bz.it\/de\/wp-json\/wp\/v2\/comments?post=3637"}],"version-history":[{"count":12,"href":"https:\/\/www.industryisin.bz.it\/de\/wp-json\/wp\/v2\/posts\/3637\/revisions"}],"predecessor-version":[{"id":3657,"href":"https:\/\/www.industryisin.bz.it\/de\/wp-json\/wp\/v2\/posts\/3637\/revisions\/3657"}],"wp:featuredmedia":[{"embeddable":true,"href":"https:\/\/www.industryisin.bz.it\/de\/wp-json\/wp\/v2\/media\/3646"}],"wp:attachment":[{"href":"https:\/\/www.industryisin.bz.it\/de\/wp-json\/wp\/v2\/media?parent=3637"}],"wp:term":[{"taxonomy":"category","embeddable":true,"href":"https:\/\/www.industryisin.bz.it\/de\/wp-json\/wp\/v2\/categories?post=3637"},{"taxonomy":"post_tag","embeddable":true,"href":"https:\/\/www.industryisin.bz.it\/de\/wp-json\/wp\/v2\/tags?post=3637"}],"curies":[{"name":"wp","href":"https:\/\/api.w.org\/{rel}","templated":true}]}}