{"id":3582,"date":"2020-03-27T09:49:55","date_gmt":"2020-03-27T08:49:55","guid":{"rendered":"https:\/\/www.industryisin.bz.it\/?p=3582"},"modified":"2020-03-30T11:34:53","modified_gmt":"2020-03-30T09:34:53","slug":"emergenza-coronavirus-le-imprese-si-mettono-in-moto","status":"publish","type":"post","link":"https:\/\/www.industryisin.bz.it\/de\/emergenza-coronavirus-le-imprese-si-mettono-in-moto\/","title":{"rendered":"Emergenza Coronavirus, le imprese si mettono in moto"},"content":{"rendered":"<p>C\u2019\u00e8 chi produce pannelli protettivi in vetro per farmacie, sportelli bancari o esercizi essenziali, chi protezioni individuali. C&#8217;\u00e8 chi attiva raccolte fondi, chi mette in campo tutele speciali per proteggere i propri collaboratori. Chi utilizza i propri contatti all\u2019estero per procurare materiale sanitario per l\u2019Alto Adige e per gli ospedali in emergenza in Italia. Chi si rende disponibile per trasportarlo.<span class=\"Apple-converted-space\">\u00a0<\/span>Di fronte all\u2019<strong>emergenza Coronavirus<\/strong>, le imprese altoatesine si sono azionate immediatamente.<\/p>\n<p>Alcune hanno gi\u00e0 fabbricato e consegnato nuovi prodotti, altre si stanno organizzando per farlo. Hanno messo le loro <strong>competenze<\/strong>, la loro <strong>creativit\u00e0<\/strong>, la loro <strong>spinta innovativa<\/strong> e il loro <strong>spirito imprenditoriale<\/strong> al servizio della comunit\u00e0, per sostenere concretamente chi si adopera per fronteggiare l\u2019emergenza e dare cos\u00ec il loro contributo nel contrasto al Coronavirus.<span class=\"Apple-converted-space\">\u00a0<\/span><\/p>\n<p>La diffusione del Covid-19 ha messo il mondo intero e l\u2019economia globale di fronte a uno scenario difficile e inimmaginabile fino a poche settimane fa. Tuttavia, l\u2019impegno, la voglia di fare e i risultati portati a casa dalle imprese dimostrano insieme una convinzione: sar\u00e0 il lavoro di tutti a permettere di superare questa grande sfida a cui ci troviamo di fronte.<span class=\"Apple-converted-space\">\u00a0<\/span><\/p>\n<p>In questo articolo raccontiamo alcune delle iniziative messe in campo dalle imprese in Alto Adige.<\/p>\n<p>Se volete segnalarci la vostra, scrivete a: <strong>contact@industryisin.bz.it<span class=\"Apple-converted-space\">\u00a0<\/span><\/strong><\/p>\n<h2><b>Il Gruppo Oberalp reperisce 1,5 milioni di maschere e Fercam le trasporta<span class=\"Apple-converted-space\">\u00a0<\/span><\/b><\/h2>\n<p><iframe loading=\"lazy\" width=\"750\" height=\"422\" src=\"https:\/\/www.youtube.com\/embed\/7TP3J-rCIpw?feature=oembed\" frameborder=\"0\" allow=\"accelerometer; autoplay; encrypted-media; gyroscope; picture-in-picture\" allowfullscreen><\/iframe><\/p>\n<p>A mezzogiorno del 24 marzo alla sede della Salewa di Bolzano sono arrivati quattro camion carichi di materiale sanitario proveniente dalla Cina destinato al personale sanitario dell\u2019Alto Adige.<\/p>\n<p>Grazie ai suoi contatti in Cina, infatti, il Gruppo <strong><a href=\"https:\/\/www.oberalp.com\/it\">Oberalp-Salewa<\/a><\/strong>, leader in abbigliamento sportivo dell&#8217;imprenditore bolzanino <strong>Heiner Oberrauch<\/strong>, \u00e8 riuscito a organizzare una fornitura dalla citt\u00e0 cinese di Xiamen di 1,5 milioni di mascherine e 430.000 tute protettive, di cui 30.000 per utilizzo in ambienti sterili, come sale operatorie.<\/p>\n<p>I materiali sono arrivati in aereo a Vienna, grazie al sostegno logistico del governo austriaco. \u00a0L\u2019impresa altoatesina di trasporto <a href=\"https:\/\/www.fercam.com\/en\/welcome-1.html\"><strong>Fercam<\/strong><\/a>, accompagnata dalla Protezione civile locale e dai vigili del fuoco, li ha poi condotti a Bolzano, confezionati in 25.000 pacchi.<\/p>\n<p>Saranno distribuiti a dottori e infermieri negli ospedali e ai medici di medicina generale. Ma anche a coloro che prestano servizio presso i distretti sanitari e le case di riposo nonch\u00e9 alle farmacie.<span class=\"Apple-converted-space\">\u00a0&#8222;Una parte &#8211;\u00a0spiega\u00a0<strong>Heiner Oberrauch<\/strong>\u00a0&#8211; sar\u00e0 per gli ospedali in Alto Adige, una parte per quelli della Lombardia. Nei prossimi giorni \u00e8 in arrivo altra merce destinata alla Protezione Civile e alle aziende. Siamo diventati un provider di maschere e tute protettive \u00a0anche per la Croce Rossa dell&#8217;Austria&#8220;.<\/span><\/p>\n<p><iframe loading=\"lazy\" width=\"750\" height=\"422\" src=\"https:\/\/www.youtube.com\/embed\/FunnrDED8o0?feature=oembed\" frameborder=\"0\" allow=\"accelerometer; autoplay; encrypted-media; gyroscope; picture-in-picture\" allowfullscreen><\/iframe><\/p>\n<p>Poich\u00e9 sul mercato mondiale \u00e8 in corso una competizione senza precedenti per l\u2019approvvigionamento del prezioso materiale protettivo, questo viene consegnato soltanto a chi \u00e8 in grado di pagare pi\u00f9 velocemente e con pagamento anticipato. Il Gruppo Oberalp ha anticipato il denaro necessario. Anche il trasporto aereo \u00e8 stato una sfida. \u201cHo chiesto alla Croce Rossa austriaca di controllare il materiale all\u2019aeroporto prima che venisse scaricato, per assicurarmi di avere ci\u00f2 che avevamo ordinato\u201d, ha raccontato all\u2019Ansa <strong>Christoph Engl<\/strong>, amministratore delegato del Gruppo.<span class=\"Apple-converted-space\">\u00a0<\/span><\/p>\n<p>&nbsp;<\/p>\n<h2><b>La Thun garantisce massima tutela ai dipendenti<span class=\"Apple-converted-space\">\u00a0<\/span><\/b><\/h2>\n<p><img decoding=\"async\" loading=\"lazy\" class=\"aligncenter size-large wp-image-3606\" src=\"https:\/\/www.industryisin.bz.it\/wp-content\/uploads\/2020\/03\/image-14.jpg\" alt=\"\" width=\"627\" height=\"417\" srcset=\"https:\/\/www.industryisin.bz.it\/wp-content\/uploads\/2020\/03\/image-14.jpg 627w, https:\/\/www.industryisin.bz.it\/wp-content\/uploads\/2020\/03\/image-14-300x200.jpg 300w\" sizes=\"(max-width: 627px) 100vw, 627px\" \/><\/p>\n<p>Molte imprese sono costrette a chiudere per via delle restrizioni.<b> <\/b>La <strong><a href=\"https:\/\/www.thun.com\/it_it\/\">Thun<\/a><\/strong> ha scelto di anticipare eventuali nuovi provvedimenti del governo, ad oggi limitati al 3 aprile, e ha deciso di mantenere la chiusura dei propri 140 negozi italiani fino al 2 maggio per proteggere la salute dei propri dipendenti e dei clienti.<span class=\"Apple-converted-space\">\u00a0<\/span><\/p>\n<p>Nonostante la lunga chiusura prevista, l\u2019impresa intende tutelare al massimo le proprie collaboratrici e collaboratori. La Thun garantir\u00e0 loro il 100% delle retribuzioni mensili e adotter\u00e0 da subito tutte le soluzioni organizzative disponibili, attraverso un fondo aziendale di integrazione salariale a supporto degli ammortizzatori sciali che saranno successivamente richiesti.<span class=\"Apple-converted-space\">\u00a0<\/span><\/p>\n<p>\u201cI buoni risultati conseguiti nel 2019 &#8211; afferma <strong>Francesco Pandolfi<\/strong>, CEO di THUN S.p.A. &#8211; e la determinazione della famiglia Thun nell\u2019investire sul brand e sul capitale umano ci consentono di istituire un fondo integrativo delle retribuzioni. In questo modo l\u2019utilizzo degli ammortizzatori sociali non avr\u00e0 un impatto negativo sul reddito mensile di tutti i nostri 860 dipendenti. La nostra priorit\u00e0 \u00e8 quella di mettere in sicurezza le famiglie delle nostre risorse per questo periodo di chiusura. Siamo certi che se la situazione di emergenza dovesse rientrare per il mese di maggio sar\u00e0 possibile riprendere a pieno le attivit\u00e0.\u201d<span class=\"Apple-converted-space\">\u00a0<\/span><\/p>\n<p>Il Consiglio di Amministrazione di Thun, si legge in un comunicato dell\u2019impresa bolzanina, <span class=\"Apple-converted-space\">\u00a0 <\/span>ritiene che i valori espressi dal Brand, la centralit\u00e0 della casa, dello stare insieme, della gioia unita alla competenza e la passione con cui tutta la popolazione aziendale sta affrontando questo momento consentiranno di superare velocemente l\u2019emergenza e ripartire con successo.<span class=\"Apple-converted-space\">\u00a0<\/span><\/p>\n<p>Inoltre la <strong>Fondazione Lene Thun Onlus<\/strong> ha deciso di devolvere\u00a0100.000 euro per affrontare l&#8217;emergenza sanitaria e ha attivato una <a href=\"https:\/\/www.gofundme.com\/f\/coronavirus-insieme-per-inostriangeli\">raccolta fondi<\/a> a favore degli ospedali che si trovano nella condizione di maggior necessit\u00e0 a causa della diffusione del Coronavirus. Gli ospedali saranno via via individuati sulla base dell\u2019evolversi della situazione.<\/p>\n<p><img decoding=\"async\" loading=\"lazy\" class=\"aligncenter size-full wp-image-3583\" src=\"https:\/\/www.industryisin.bz.it\/wp-content\/uploads\/2020\/03\/fondazione-thun.jpg\" alt=\"\" width=\"569\" height=\"380\" srcset=\"https:\/\/www.industryisin.bz.it\/wp-content\/uploads\/2020\/03\/fondazione-thun.jpg 569w, https:\/\/www.industryisin.bz.it\/wp-content\/uploads\/2020\/03\/fondazione-thun-300x200.jpg 300w\" sizes=\"(max-width: 569px) 100vw, 569px\" \/><\/p>\n<p>&nbsp;<\/p>\n<h2><b>La produttrice di facciate Alpewa fornisce barriere per farmacie, sportelli ed esercizi<\/b><\/h2>\n<p>Per prevenire la diffusione di virus e batteri, <strong><a href=\"https:\/\/www.alpewa.com\/it\/benvenuti-1.html\">Alpewa<\/a><\/strong>, specializzata in soluzioni di rivestimenti per coperture e facciate, assieme all\u2019azienda Trenkvalder and Partners, ha intensificato l\u2019istallazione di barriere protettive modulari in plexiglass per esercizi commerciali e uffici. Obiettivo: proteggere dipendenti e clienti di farmacie, negozi di alimentari, banche, stazioni di servizio, reception. Tutti coloro insomma che lavorano e frequentano\u00a0luoghi dove sono necessariamente esposti al contatto diretto.<\/p>\n<div id=\"attachment_3585\" style=\"width: 970px\" class=\"wp-caption aligncenter\"><img aria-describedby=\"caption-attachment-3585\" decoding=\"async\" loading=\"lazy\" class=\"wp-image-3585 size-full\" src=\"https:\/\/www.industryisin.bz.it\/wp-content\/uploads\/2020\/03\/Apotheke-Gilfenklamm-Stange-1.jpg\" alt=\"\" width=\"960\" height=\"720\" srcset=\"https:\/\/www.industryisin.bz.it\/wp-content\/uploads\/2020\/03\/Apotheke-Gilfenklamm-Stange-1.jpg 960w, https:\/\/www.industryisin.bz.it\/wp-content\/uploads\/2020\/03\/Apotheke-Gilfenklamm-Stange-1-300x225.jpg 300w, https:\/\/www.industryisin.bz.it\/wp-content\/uploads\/2020\/03\/Apotheke-Gilfenklamm-Stange-1-768x576.jpg 768w\" sizes=\"(max-width: 960px) 100vw, 960px\" \/><p id=\"caption-attachment-3585\" class=\"wp-caption-text\">Le barriere installate in una farmacia<\/p><\/div>\n<p>La base delle pareti divisorie sviluppate da Alpewa sono in acciaio, il che garantisce stabilit\u00e0. Inoltre, essendo prefabbricati e modulari, possono essere installati su qualsiasi tipo di bancone senza la necessit\u00e0 di avere dei punti di fissaggio. \u201cSi tratta di un<span class=\"Apple-converted-space\">\u00a0 <\/span>sistema mobile e autoportante, sicuro, veloce, semplice e flessibile che permette di garantire la salute e rispettare le norme vigenti in materia di protezione da agenti patogeni\u201d, assicura l\u2019impresa che ha gi\u00e0 avviato l\u2019installazione in diversi esercizi commerciali, sportelli bancari e farmacie in Alto Adige.<\/p>\n<p>Le dimensioni standard del prodotto sono 80 cm di larghezza per 90 di altezza. Il vetro trasparente infrangibile ha uno spessore di 4 o 5mm. \u201cStiamo svolgendo la fornitura 24 ore su 24, sette giorni su sette. Riusciamo a garantire cos\u00ec una consegna in 3 o massimo 4 giorni durante questo periodi di contenimento della diffusione del COVID 19\u201d.<\/p>\n<p>Impegnata nella produzione e installazione di <strong>schermi e pareti protettive<\/strong> \u00e8 anche l&#8217;impresa <a href=\"https:\/\/www.barth.it\">Barth<\/a>, che opera nel settore degli arredamenti per interni e ha sede a Bressanone.<\/p>\n<p>&#8222;Inizialmente &#8211; racconta il titolare <strong>Ivo Barth<\/strong> &#8211; le pareti protettive erano state sviluppate per farmacie, negozi di generi alimentari o uffici e enti con accesso pubblico, ma vista la grande richiesta da parte di molti altri settori abbiamo avviato la produzione di ulteriori modelli sia standard che su misura in base alle richieste specifiche. Data la necessit\u00e0 ci stiamo impegnando a soddisfarle in tempi brevissimi&#8220;.<\/p>\n<h2><b>Texmarket produce 150.000 scaldacollo per la popolazione<\/b><\/h2>\n<p>L\u2019impresa di abbigliamento sportivo <a href=\"https:\/\/www.texmarket.it\/de\/home-2\/\">Texmarket<\/a> ha risposto alla richiesta della Pubblica Amministrazione altoatesina<span class=\"Apple-converted-space\">\u00a0 <\/span>tramite Assoimprenditori Alto Adige e ha prodotto e consegnato in tempi record di 150.000 scaldacollo destinati alla popolazione.<\/p>\n<p>Obiettivo: sensibilizzare la popolazione all\u2019utilizzo di un semplice dispositivo di barriera e limitare l\u2019emissione di goccioline con tosse e starnuti e in questo modo contribuire a proteggere le altre persone qualora si fosse portatori del virus. Ne abbiamo parlato in <a href=\"https:\/\/www.industryisin.bz.it\/coronavirus-150-000-schlauchtucher-fur-sudtirol\/\">questo articolo<\/a>.<\/p>\n","protected":false},"excerpt":{"rendered":"<p>C\u2019\u00e8 chi produce pannelli protettivi in vetro per farmacie, sportelli bancari o esercizi essenziali, chi protezioni individuali. C&#8217;\u00e8 chi attiva raccolte fondi, chi mette in campo tutele speciali per proteggere i propri collaboratori. Chi utilizza i propri contatti all\u2019estero per procurare materiale sanitario per l\u2019Alto Adige e per gli ospedali in emergenza in Italia. Chi [&hellip;]<\/p>\n","protected":false},"author":8,"featured_media":3601,"comment_status":"closed","ping_status":"open","sticky":false,"template":"","format":"standard","meta":{"footnotes":""},"categories":[47],"tags":[367,410,129,414,193],"acf":[],"yoast_head":"<!-- This site is optimized with the Yoast SEO plugin v21.4 - https:\/\/yoast.com\/wordpress\/plugins\/seo\/ -->\n<title>Emergenza Coronavirus, le imprese si mettono in moto - Industry is IN<\/title>\n<meta name=\"description\" content=\"Le imprese in Alto Adige hanno messo in campo diverse iniziative per far fronte all&#039;emergenza Coronavirus e dare il loro contributo alla comunit\u00e0.\" \/>\n<meta name=\"robots\" content=\"index, follow, max-snippet:-1, max-image-preview:large, max-video-preview:-1\" \/>\n<link rel=\"canonical\" href=\"https:\/\/www.madeinbz.info\/emergenza-coronavirus-le-imprese-si-mettono-in-moto\/\" \/>\n<meta property=\"og:locale\" content=\"de_DE\" \/>\n<meta property=\"og:type\" content=\"article\" \/>\n<meta property=\"og:title\" content=\"Emergenza Coronavirus, le imprese si mettono in moto - Industry is IN\" \/>\n<meta property=\"og:description\" content=\"Le imprese in Alto Adige hanno messo in campo diverse iniziative per far fronte all&#039;emergenza Coronavirus e dare il loro contributo alla comunit\u00e0.\" \/>\n<meta property=\"og:url\" content=\"https:\/\/www.madeinbz.info\/emergenza-coronavirus-le-imprese-si-mettono-in-moto\/\" \/>\n<meta property=\"og:site_name\" content=\"Industry is IN\" \/>\n<meta property=\"article:published_time\" content=\"2020-03-27T08:49:55+00:00\" \/>\n<meta property=\"article:modified_time\" content=\"2020-03-30T09:34:53+00:00\" \/>\n<meta property=\"og:image\" content=\"https:\/\/www.madeinbz.info\/wp-content\/uploads\/2020\/03\/sfondo-1024x577.png\" \/>\n\t<meta property=\"og:image:width\" content=\"1024\" \/>\n\t<meta property=\"og:image:height\" content=\"577\" \/>\n\t<meta property=\"og:image:type\" content=\"image\/png\" \/>\n<meta name=\"author\" content=\"adminOD\" \/>\n<meta name=\"twitter:card\" content=\"summary_large_image\" \/>\n<meta name=\"twitter:label1\" content=\"Verfasst von\" \/>\n\t<meta name=\"twitter:data1\" content=\"adminOD\" \/>\n\t<meta name=\"twitter:label2\" content=\"Gesch\u00e4tzte Lesezeit\" \/>\n\t<meta name=\"twitter:data2\" content=\"6 Minuten\" \/>\n<script type=\"application\/ld+json\" class=\"yoast-schema-graph\">{\"@context\":\"https:\/\/schema.org\",\"@graph\":[{\"@type\":\"WebPage\",\"@id\":\"https:\/\/www.madeinbz.info\/emergenza-coronavirus-le-imprese-si-mettono-in-moto\/\",\"url\":\"https:\/\/www.madeinbz.info\/emergenza-coronavirus-le-imprese-si-mettono-in-moto\/\",\"name\":\"Emergenza Coronavirus, le imprese si mettono in moto - Industry is IN\",\"isPartOf\":{\"@id\":\"https:\/\/www.madeinbz.info\/#website\"},\"datePublished\":\"2020-03-27T08:49:55+00:00\",\"dateModified\":\"2020-03-30T09:34:53+00:00\",\"author\":{\"@id\":\"https:\/\/www.madeinbz.info\/#\/schema\/person\/ada1181a2c4cb0169ce6bb24c7a16be8\"},\"description\":\"Le imprese in Alto Adige hanno messo in campo diverse iniziative per far fronte all'emergenza Coronavirus e dare il loro contributo alla comunit\u00e0.\",\"breadcrumb\":{\"@id\":\"https:\/\/www.madeinbz.info\/emergenza-coronavirus-le-imprese-si-mettono-in-moto\/#breadcrumb\"},\"inLanguage\":\"de-DE\",\"potentialAction\":[{\"@type\":\"ReadAction\",\"target\":[\"https:\/\/www.madeinbz.info\/emergenza-coronavirus-le-imprese-si-mettono-in-moto\/\"]}]},{\"@type\":\"BreadcrumbList\",\"@id\":\"https:\/\/www.madeinbz.info\/emergenza-coronavirus-le-imprese-si-mettono-in-moto\/#breadcrumb\",\"itemListElement\":[{\"@type\":\"ListItem\",\"position\":1,\"name\":\"Home\",\"item\":\"https:\/\/www.madeinbz.info\/\"},{\"@type\":\"ListItem\",\"position\":2,\"name\":\"Emergenza Coronavirus, le imprese si mettono in moto\"}]},{\"@type\":\"WebSite\",\"@id\":\"https:\/\/www.madeinbz.info\/#website\",\"url\":\"https:\/\/www.madeinbz.info\/\",\"name\":\"Industry is IN\",\"description\":\"Storie di aziende e persone dell\u2019industria altoatesina\",\"potentialAction\":[{\"@type\":\"SearchAction\",\"target\":{\"@type\":\"EntryPoint\",\"urlTemplate\":\"https:\/\/www.madeinbz.info\/?s={search_term_string}\"},\"query-input\":\"required name=search_term_string\"}],\"inLanguage\":\"de-DE\"},{\"@type\":\"Person\",\"@id\":\"https:\/\/www.madeinbz.info\/#\/schema\/person\/ada1181a2c4cb0169ce6bb24c7a16be8\",\"name\":\"adminOD\",\"image\":{\"@type\":\"ImageObject\",\"inLanguage\":\"de-DE\",\"@id\":\"https:\/\/www.madeinbz.info\/#\/schema\/person\/image\/\",\"url\":\"https:\/\/secure.gravatar.com\/avatar\/428c80be0104d62b42c7e8ccb85f963d?s=96&d=mm&r=g\",\"contentUrl\":\"https:\/\/secure.gravatar.com\/avatar\/428c80be0104d62b42c7e8ccb85f963d?s=96&d=mm&r=g\",\"caption\":\"adminOD\"},\"url\":\"https:\/\/www.industryisin.bz.it\/de\/author\/adminod\/\"}]}<\/script>\n<!-- \/ Yoast SEO plugin. -->","yoast_head_json":{"title":"Emergenza Coronavirus, le imprese si mettono in moto - Industry is IN","description":"Le imprese in Alto Adige hanno messo in campo diverse iniziative per far fronte all'emergenza Coronavirus e dare il loro contributo alla comunit\u00e0.","robots":{"index":"index","follow":"follow","max-snippet":"max-snippet:-1","max-image-preview":"max-image-preview:large","max-video-preview":"max-video-preview:-1"},"canonical":"https:\/\/www.madeinbz.info\/emergenza-coronavirus-le-imprese-si-mettono-in-moto\/","og_locale":"de_DE","og_type":"article","og_title":"Emergenza Coronavirus, le imprese si mettono in moto - Industry is IN","og_description":"Le imprese in Alto Adige hanno messo in campo diverse iniziative per far fronte all'emergenza Coronavirus e dare il loro contributo alla comunit\u00e0.","og_url":"https:\/\/www.madeinbz.info\/emergenza-coronavirus-le-imprese-si-mettono-in-moto\/","og_site_name":"Industry is IN","article_published_time":"2020-03-27T08:49:55+00:00","article_modified_time":"2020-03-30T09:34:53+00:00","og_image":[{"width":1024,"height":577,"url":"https:\/\/www.madeinbz.info\/wp-content\/uploads\/2020\/03\/sfondo-1024x577.png","type":"image\/png"}],"author":"adminOD","twitter_card":"summary_large_image","twitter_misc":{"Verfasst von":"adminOD","Gesch\u00e4tzte Lesezeit":"6 Minuten"},"schema":{"@context":"https:\/\/schema.org","@graph":[{"@type":"WebPage","@id":"https:\/\/www.madeinbz.info\/emergenza-coronavirus-le-imprese-si-mettono-in-moto\/","url":"https:\/\/www.madeinbz.info\/emergenza-coronavirus-le-imprese-si-mettono-in-moto\/","name":"Emergenza Coronavirus, le imprese si mettono in moto - Industry is IN","isPartOf":{"@id":"https:\/\/www.madeinbz.info\/#website"},"datePublished":"2020-03-27T08:49:55+00:00","dateModified":"2020-03-30T09:34:53+00:00","author":{"@id":"https:\/\/www.madeinbz.info\/#\/schema\/person\/ada1181a2c4cb0169ce6bb24c7a16be8"},"description":"Le imprese in Alto Adige hanno messo in campo diverse iniziative per far fronte all'emergenza Coronavirus e dare il loro contributo alla comunit\u00e0.","breadcrumb":{"@id":"https:\/\/www.madeinbz.info\/emergenza-coronavirus-le-imprese-si-mettono-in-moto\/#breadcrumb"},"inLanguage":"de-DE","potentialAction":[{"@type":"ReadAction","target":["https:\/\/www.madeinbz.info\/emergenza-coronavirus-le-imprese-si-mettono-in-moto\/"]}]},{"@type":"BreadcrumbList","@id":"https:\/\/www.madeinbz.info\/emergenza-coronavirus-le-imprese-si-mettono-in-moto\/#breadcrumb","itemListElement":[{"@type":"ListItem","position":1,"name":"Home","item":"https:\/\/www.madeinbz.info\/"},{"@type":"ListItem","position":2,"name":"Emergenza Coronavirus, le imprese si mettono in moto"}]},{"@type":"WebSite","@id":"https:\/\/www.madeinbz.info\/#website","url":"https:\/\/www.madeinbz.info\/","name":"Industry is IN","description":"Storie di aziende e persone dell\u2019industria altoatesina","potentialAction":[{"@type":"SearchAction","target":{"@type":"EntryPoint","urlTemplate":"https:\/\/www.madeinbz.info\/?s={search_term_string}"},"query-input":"required name=search_term_string"}],"inLanguage":"de-DE"},{"@type":"Person","@id":"https:\/\/www.madeinbz.info\/#\/schema\/person\/ada1181a2c4cb0169ce6bb24c7a16be8","name":"adminOD","image":{"@type":"ImageObject","inLanguage":"de-DE","@id":"https:\/\/www.madeinbz.info\/#\/schema\/person\/image\/","url":"https:\/\/secure.gravatar.com\/avatar\/428c80be0104d62b42c7e8ccb85f963d?s=96&d=mm&r=g","contentUrl":"https:\/\/secure.gravatar.com\/avatar\/428c80be0104d62b42c7e8ccb85f963d?s=96&d=mm&r=g","caption":"adminOD"},"url":"https:\/\/www.industryisin.bz.it\/de\/author\/adminod\/"}]}},"_links":{"self":[{"href":"https:\/\/www.industryisin.bz.it\/de\/wp-json\/wp\/v2\/posts\/3582"}],"collection":[{"href":"https:\/\/www.industryisin.bz.it\/de\/wp-json\/wp\/v2\/posts"}],"about":[{"href":"https:\/\/www.industryisin.bz.it\/de\/wp-json\/wp\/v2\/types\/post"}],"author":[{"embeddable":true,"href":"https:\/\/www.industryisin.bz.it\/de\/wp-json\/wp\/v2\/users\/8"}],"replies":[{"embeddable":true,"href":"https:\/\/www.industryisin.bz.it\/de\/wp-json\/wp\/v2\/comments?post=3582"}],"version-history":[{"count":25,"href":"https:\/\/www.industryisin.bz.it\/de\/wp-json\/wp\/v2\/posts\/3582\/revisions"}],"predecessor-version":[{"id":3628,"href":"https:\/\/www.industryisin.bz.it\/de\/wp-json\/wp\/v2\/posts\/3582\/revisions\/3628"}],"wp:featuredmedia":[{"embeddable":true,"href":"https:\/\/www.industryisin.bz.it\/de\/wp-json\/wp\/v2\/media\/3601"}],"wp:attachment":[{"href":"https:\/\/www.industryisin.bz.it\/de\/wp-json\/wp\/v2\/media?parent=3582"}],"wp:term":[{"taxonomy":"category","embeddable":true,"href":"https:\/\/www.industryisin.bz.it\/de\/wp-json\/wp\/v2\/categories?post=3582"},{"taxonomy":"post_tag","embeddable":true,"href":"https:\/\/www.industryisin.bz.it\/de\/wp-json\/wp\/v2\/tags?post=3582"}],"curies":[{"name":"wp","href":"https:\/\/api.w.org\/{rel}","templated":true}]}}