{"id":2917,"date":"2019-10-18T10:30:13","date_gmt":"2019-10-18T08:30:13","guid":{"rendered":"https:\/\/www.industryisin.bz.it\/?p=2917"},"modified":"2020-01-23T10:56:36","modified_gmt":"2020-01-23T09:56:36","slug":"il-settore-del-legno-una-porta-sul-futuro","status":"publish","type":"post","link":"https:\/\/www.industryisin.bz.it\/de\/il-settore-del-legno-una-porta-sul-futuro\/","title":{"rendered":"Il settore del legno, una porta sul futuro"},"content":{"rendered":"<p>In Alto Adige sono pi\u00f9 di 2.200 le aziende, prevalentemente manifatturiere, attive nel <strong>settore del legno<\/strong>. Oltre a chi lavora nelle imprese, c\u2019\u00e8 chi opera nel terziario. Parliamo di tecnici specializzati come agronomi, tecnici forestali, architetti e ingegneri. Solo per il settore della trasformazione si calcolano circa 10.000 posti di lavoro a cui vanno aggiunte altre 15.000 persone tra contadini e proprietari boschivi.<\/p>\n<p>Il fatturato stimato del settore \u00e8 di circa 1,5 miliardi di euro. L\u2019<a href=\"https:\/\/www.industryisin.bz.it\/export-nuovo-record-per-le-aziende-altoatesine\/\">export<\/a> \u00e8 strategico: l\u2019Alto Adige esporta <strong>prodotti in legno<\/strong> per circa 170 milioni di euro all\u2019anno, prevalentemente verso Paesi europei come Germania, Austria e Francia.<\/p>\n<p>&nbsp;<\/p>\n<h2><strong>Le sfide del settore del legno<\/strong><\/h2>\n<p>Mentre crescono l\u2019attenzione e l\u2019entusiasmo verso i prodotti in legno, <strong>materiale naturale e sostenibile<\/strong> per eccellenza, la sua filiera diventa ogni anno pi\u00f9 complessa e variegata. Le aziende\u00a0devono essere in grado di capire e adattarsi agli andamenti del mercato, ma anche stare al passo con l\u2019<strong>innovazione tecnologica<\/strong>.<\/p>\n<p>Chi lavora nel settore deve conoscere il prodotto e tutto ci\u00f2 che gira attorno ad esso. Deve possedere competenze trasversali, tecniche, ma anche manageriali per poter coordinare i processi di produzione e i servizi tecnici.<\/p>\n<p>Trovare personale qualificato in grado di destreggiarsi tra tutti questi compiti \u00e8 oggi una delle sfide pi\u00f9 grandi che le aziende del settore legno in Alto Adige si trovano ad affrontare. Per questo si sono fatte promotrici di un <a href=\"https:\/\/www.unibz.it\/it\/faculties\/sciencetechnology\/bachelor-wood-engineering\/\">corso di laurea professionalizzante in \u201cIngegneria del legno\u201d<\/a> che l\u2019universit\u00e0 di Bolzano ha lanciato l\u2019anno scorso.<\/p>\n<h2><strong>La laurea in ingegneria del legno<\/strong><\/h2>\n<p>\u201cAbbiamo deciso di promuovere questa laurea \u2013 spiega <strong>Paolo Bortolotti<\/strong>, Presidente della Sezione Legno di Assoimprenditori &#8211; perch\u00e9 ci siamo resi conto che molti giovani, in assenza di un corso di studi tecnico e professionalizzante specializzato in questo ambito, andavano a formarsi in Austria e Germania. Poi non sempre facevano ritorno\u201d.<\/p>\n<div id=\"attachment_2920\" style=\"width: 310px\" class=\"wp-caption aligncenter\"><img aria-describedby=\"caption-attachment-2920\" decoding=\"async\" loading=\"lazy\" class=\"wp-image-2920\" title=\"Paolo Bortolotti, rappresentante della sezione legno di Assoimprenditori\" src=\"https:\/\/www.industryisin.bz.it\/wp-content\/uploads\/2019\/10\/BortolottiPaolo_28112008-680x1024.jpg\" alt=\"\" width=\"300\" height=\"452\" srcset=\"https:\/\/www.industryisin.bz.it\/wp-content\/uploads\/2019\/10\/BortolottiPaolo_28112008-680x1024.jpg 680w, https:\/\/www.industryisin.bz.it\/wp-content\/uploads\/2019\/10\/BortolottiPaolo_28112008-199x300.jpg 199w, https:\/\/www.industryisin.bz.it\/wp-content\/uploads\/2019\/10\/BortolottiPaolo_28112008-768x1156.jpg 768w, https:\/\/www.industryisin.bz.it\/wp-content\/uploads\/2019\/10\/BortolottiPaolo_28112008-1920x2891.jpg 1920w\" sizes=\"(max-width: 300px) 100vw, 300px\" \/><p id=\"caption-attachment-2920\" class=\"wp-caption-text\">Paolo Bortolotti, Presidente della Sezione Legno di Assoimprenditori<\/p><\/div>\n<p>Le aziende del settore possono invece offrire molto in fatto di opportunit\u00e0 lavorative: \u201cMolte cercano giovani, appassionati e con una visione a 360\u00b0della filiera del legno, con vedute ampie, disposti a viaggiare. Assieme all\u2019universit\u00e0 \u00e8 stato possibile avviare questo corso: \u00e8 un percorso tosto, trilingue, con una forte base teorica, scientifica e tecnica, ma anche di management ed economia, necessaria, perch\u00e9 il mondo del legno oggi \u00e8 sempre pi\u00f9 articolato\u201d.<\/p>\n<p>Per Bortolotti nel legno c\u2019\u00e8 un grande potenziale: \u201c\u00c8 il materiale del futuro perch\u00e9 sostenibile e rispettoso dell\u2019ambiente. Oggi sono soprattutto i giovani a battersi in favore del<strong> rispetto dell\u2019ambiente<\/strong>. Credo quindi che bisogna aiutarli ad inserirsi nel settore, possono migliorarlo, perch\u00e9 sono i pi\u00f9 motivati a farlo\u201d.\u00a0 Per avvicinarli il prima possibile al mondo del lavoro, il corso di laurea prevede molta pratica. \u201cQuella \u2013 aggiunge Bortolotti &#8211; \u00e8 fondamentale\u201d.<\/p>\n<p>&nbsp;<\/p>\n<h2><strong>I curriculum di studio professionalizzanti per il settore del legno<\/strong><\/h2>\n<p>Gli studenti scelgono tra curriculum <strong>industriale<\/strong>,<strong> edile<\/strong> o <strong>alto artigianato<\/strong>. Durante quattro semestri affrontano materie come <strong>chimica del legno<\/strong>, <strong>scienza dei materiali<\/strong>,<strong> economia diritto e contrattualistica<\/strong>, <strong>anatomia del legno<\/strong> e <strong>silvicolutura produttiva<\/strong>, per citarne alcune. I docenti provengono per met\u00e0 dal mondo accademico, il resto sono dei professionisti del settore. Durante questi corsi sono frequenti le visite nelle aziende del territorio. Due semestri sono invece dedicati al <strong>tirocinio<\/strong>.<\/p>\n<p>&nbsp;<\/p>\n<h2><strong>Il tirocinio formativo nelle aziende del settore del legno<\/strong><\/h2>\n<p>\u201cInizialmente il tirocinio era previsto per gli ultimi due semestri &#8211; spiega Bortolotti &#8211; chi si iscrive ora invece avr\u00e0 la possibilit\u00e0 di farne uno gi\u00e0 nel secondo anno e l\u2019altro nel terzo. Siamo contenti che l\u2019universit\u00e0 l\u2019abbia suddiviso cos\u00ec: in questo modo si alternano i periodi all\u2019universit\u00e0 e quelli in azienda e ci\u00f2 che si impara in un ambito pu\u00f2 essere approfondito o messo in pratica nell\u2019altro. In ogni caso questi sono anni di sperimentazione, ci vorr\u00e0 del tempo per far conoscere il corso. Come aziende faremo il possibile per dare il nostro contributo e migliorarlo\u201d.<\/p>\n<p>&nbsp;<\/p>\n<h2><strong>Risposta positiva degli studenti all&#8217;ateneo\u00a0<\/strong><\/h2>\n<p>L\u2019universit\u00e0 pu\u00f2 accettare fino a un massimo di 20 iscritti in questo corso, il minimo \u00e8 12. \u201c\u00c8 partito bene, \u00e8 stato accolto con entusiasmo da parte degli studenti e con appoggio da parte delle aziende&#8220;, spiega<strong> Marco Baratieri<\/strong>, docente dell\u2019universit\u00e0 di Bolzano e referente del corso di laurea.<\/p>\n<p>&#8222;Penso &#8211; aggiunge Baratieri &#8211; che sia un contributo importante all\u2019offerta formativa dell\u2019ateneo: abbiamo intercettato dei ragazzi e delle ragazze che altrimenti forse non si sarebbero iscritti all\u2019universit\u00e0. Sono studenti appassionati di un settore specifico e qui hanno trovato quello che cercavano\u201d.<\/p>\n<div id=\"attachment_2918\" style=\"width: 360px\" class=\"wp-caption aligncenter\"><img aria-describedby=\"caption-attachment-2918\" decoding=\"async\" loading=\"lazy\" class=\"wp-image-2918\" title=\"Marco Baratieri professore di ingegneria del legno al'universit\u00e0 di Bolzano\" src=\"https:\/\/www.industryisin.bz.it\/wp-content\/uploads\/2019\/10\/Baratieri-Marco_DSC3395-684x1024.jpg\" alt=\"\" width=\"350\" height=\"524\" srcset=\"https:\/\/www.industryisin.bz.it\/wp-content\/uploads\/2019\/10\/Baratieri-Marco_DSC3395-684x1024.jpg 684w, https:\/\/www.industryisin.bz.it\/wp-content\/uploads\/2019\/10\/Baratieri-Marco_DSC3395-200x300.jpg 200w, https:\/\/www.industryisin.bz.it\/wp-content\/uploads\/2019\/10\/Baratieri-Marco_DSC3395-768x1151.jpg 768w, https:\/\/www.industryisin.bz.it\/wp-content\/uploads\/2019\/10\/Baratieri-Marco_DSC3395.jpg 1335w\" sizes=\"(max-width: 350px) 100vw, 350px\" \/><p id=\"caption-attachment-2918\" class=\"wp-caption-text\">Marco Baratieri, professore alla Libera Universit\u00e0 di Bolzano<\/p><\/div>\n<p>&nbsp;<\/p>\n<h2><strong>Elena e Maximilian, la passione del legno fin da bambini<\/strong><\/h2>\n<p>Tra gli studenti che hanno concluso il primo anno ci sono <strong>Elena Helfer<\/strong>, <strong>Nadja Priller<\/strong> e <strong>Maximilian Tribus<\/strong>. Li incontriamo all\u2019universit\u00e0 dopo una lunga giornata di lezioni. Per loro il legno \u00e8 una passione nata da piccoli. \u201cMi piace da sempre \u2013 esordisce con un sorriso Elena, rappresentante degli studenti del corso di laurea -. Amo gli oggetti, i mobili e il profumo del legno\u201d. Elena ha iniziato l\u2019universit\u00e0 in un\u2019altra citt\u00e0 studiando design, quando per\u00f2 ha saputo che sarebbe partito un corso in ingegneria del legno non ha avuto dubbi: ha deciso di cambiare, trasferirsi a Bolzano e iscriversi all\u2019Unibz.<\/p>\n<p>Alle superiori aveva gi\u00e0 fatto un tirocinio nel settore del legno e le era piaciuto moltissimo. Ha scelto il curriculum industriale e in futuro vorrebbe lavorare nel campo dell\u2019arredamento. \u201cHo trovato quello che mi piace. Il corso \u00e8 intenso. Abbiamo molte materie teoriche, ma anche tante visite in azienda. Siamo un gruppo di studenti poco numeroso. Questo \u00e8 un vantaggio sia in aula, dove abbiamo molta attenzione da parte dei docenti e siamo trattati da pari, che nelle visite aziendali. Possiamo osservare i macchinari da vicino, chiedere tutte le spiegazioni che vogliamo\u201d.<\/p>\n<div id=\"attachment_2926\" style=\"width: 760px\" class=\"wp-caption aligncenter\"><img aria-describedby=\"caption-attachment-2926\" decoding=\"async\" loading=\"lazy\" class=\"wp-image-2926 size-large\" title=\"Elena, Nadja e Maximilian, tre studenti della sezione legno\" src=\"https:\/\/www.industryisin.bz.it\/wp-content\/uploads\/2019\/10\/IMG_0947-1024x768.jpg\" alt=\"\" width=\"750\" height=\"563\" srcset=\"https:\/\/www.industryisin.bz.it\/wp-content\/uploads\/2019\/10\/IMG_0947-1024x768.jpg 1024w, https:\/\/www.industryisin.bz.it\/wp-content\/uploads\/2019\/10\/IMG_0947-300x225.jpg 300w, https:\/\/www.industryisin.bz.it\/wp-content\/uploads\/2019\/10\/IMG_0947-768x576.jpg 768w, https:\/\/www.industryisin.bz.it\/wp-content\/uploads\/2019\/10\/IMG_0947-1920x1440.jpg 1920w\" sizes=\"(max-width: 750px) 100vw, 750px\" \/><p id=\"caption-attachment-2926\" class=\"wp-caption-text\">Da sinistra: Elena Helfer, Nadja Priller e Maximilian Tribus, studenti dell&#8217;unibz<\/p><\/div>\n<h3>Le visite aziendali<\/h3>\n<p>Tra le visite che l\u2019hanno impressionata di pi\u00f9 la <a href=\"https:\/\/microtec.eu\/it\/\">Microtec<\/a> di Bressanone, azienda produttrice di sistemi di scansione e ottimizzazione per l\u2019industria della lavorazione del legno (ve ne avevamo parlato\u00a0<a href=\"https:\/\/www.industryisin.bz.it\/frauen-und-technik-eine-erfolgreiche-kombination\/\"> qui<\/a>). \u201c\u00c8 stato fantastico capire il funzionamento degli scanner per il legno, che permettono di sfruttare al meglio il materiale e ridurre gli scarti. Non pensavo esistesse una tecnologia di tale complessit\u00e0 in questo settore\u201d.<\/p>\n<p>Mentre Elena racconta, Nadja e Maximilian, zaino in spalla, si siedono accanto. \u201cFin da bambino \u2013 ci rivela Maximilian &#8211; adoravo giocare con il legno e con gli oggetti fatti di questo materiale. Decidere di specializzarmi nel settore \u00e8 stata una scelta naturale\u201d. Non sa ancora dove far\u00e0 il tirocinio durante il terzo anno, ma non vede l\u2019ora di iniziare la pratica. \u201cLe visite aziendali intanto vanno in questa direzione. Siamo stati per esempio presso <a href=\"https:\/\/www.karlpichler.it\/it\/\">Karlpichler<\/a>, <a href=\"https:\/\/www.lignoalp.com\/\">Lignoalp<\/a>, <a href=\"https:\/\/www.rubner.com\/it\/haus\/\">Rubner<\/a>, <a href=\"https:\/\/www.holz-pichler.com\/\">Holz Pichler<\/a> e <a href=\"https:\/\/www.pircher.eu\/it\/arredo-giardino-legno\/1-0.html\">Pircher<\/a>. Di quest\u2019ultima mi ha colpito in particolare la capacit\u00e0 di reinventarsi e variare la propria linea di prodotti a seconda del mercato e delle richieste\u201d.<\/p>\n<h2><strong>Nadja e il fascino eco-sostenibile del legno<\/strong><\/h2>\n<p>Per Nadja, occhiali tondi e sguardo riflessivo, il mondo del legno \u00e8 affasciante per il potenziale che offre dal punto di vista della sostenibilit\u00e0. \u201c\u00c8 un materiale naturale e rispettoso dell\u2019ambiente. Mi interessa approfondire le sue applicazioni soprattutto nel campo dell\u2019edilizia e in futuro specializzarmi in ingegneria edile\u201d.<\/p>\n<p>Nell\u2019<a href=\"https:\/\/www.industryisin.bz.it\/garanzia-di-qualita-nelle-costruzioni-in-legno\/\">edilizia il legno<\/a> \u00e8 un materiale sostenibile perch\u00e9 l\u2019energia impiegata nel processo produttivo \u00e8 inferiore a quella che occorre per realizzare strutture in cemento armato o mattoni. Ha inoltre una buona resistenza termica, buone caratteristiche isolanti e una rigidezza bassa, che in caso di sisma, permette di assorbire l\u2019energia.<\/p>\n<p>Nella costruzione delle strutture \u00e8 importante l\u2019esecuzione e la cura dei dettagli, piccole fessure possono comportare dispersioni termiche che potrebbero danneggiare il materiale.<\/p>\n<p>Alla fine del primo anno Nadja ha fatto un tirocinio di un mese alla Lignoalp di Bressanone. \u201c\u00c8 stato molto utile per fare un\u2019esperienza nel mondo del lavoro e iniziare a mettere un po\u2019 il naso nel campo. Dal punto di vista teorico ovviamente mi mancano ancora delle competenze, ma le approfondiremo quest\u2019anno prima di iniziare il nostro tirocinio lungo in azienda\u201d.<\/p>\n<p><img decoding=\"async\" loading=\"lazy\" class=\"aligncenter wp-image-2924 size-large\" title=\"studente in visita in un'azienda della sezione legno\" src=\"https:\/\/www.industryisin.bz.it\/wp-content\/uploads\/2019\/10\/Holz-Exkursion_2-1024x768.jpg\" alt=\"\" width=\"750\" height=\"563\" srcset=\"https:\/\/www.industryisin.bz.it\/wp-content\/uploads\/2019\/10\/Holz-Exkursion_2-1024x768.jpg 1024w, https:\/\/www.industryisin.bz.it\/wp-content\/uploads\/2019\/10\/Holz-Exkursion_2-300x225.jpg 300w, https:\/\/www.industryisin.bz.it\/wp-content\/uploads\/2019\/10\/Holz-Exkursion_2-768x576.jpg 768w, https:\/\/www.industryisin.bz.it\/wp-content\/uploads\/2019\/10\/Holz-Exkursion_2-1920x1440.jpg 1920w\" sizes=\"(max-width: 750px) 100vw, 750px\" \/><\/p>\n<p>&nbsp;<\/p>\n","protected":false},"excerpt":{"rendered":"<p>In Alto Adige sono pi\u00f9 di 2.200 le aziende, prevalentemente manifatturiere, attive nel settore del legno. Oltre a chi lavora nelle imprese, c\u2019\u00e8 chi opera nel terziario. Parliamo di tecnici specializzati come agronomi, tecnici forestali, architetti e ingegneri. Solo per il settore della trasformazione si calcolano circa 10.000 posti di lavoro a cui vanno aggiunte [&hellip;]<\/p>\n","protected":false},"author":8,"featured_media":2922,"comment_status":"closed","ping_status":"open","sticky":false,"template":"","format":"standard","meta":{"footnotes":""},"categories":[47],"tags":[379,154,177,181],"acf":[],"yoast_head":"<!-- This site is optimized with the Yoast SEO plugin v21.4 - https:\/\/yoast.com\/wordpress\/plugins\/seo\/ -->\n<title>Il settore del legno, una porta sul futuro - Industry is IN<\/title>\n<meta name=\"description\" content=\"Per il settore del legno in Alto Adige trovare personale qualificato \u00e8 una sfida. Oggi c&#039;\u00e8 un corso di laurea professionalizzante in ingegneria del legno.\" \/>\n<meta name=\"robots\" content=\"index, follow, max-snippet:-1, max-image-preview:large, max-video-preview:-1\" \/>\n<link rel=\"canonical\" href=\"https:\/\/www.madeinbz.info\/il-settore-del-legno-una-porta-sul-futuro\/\" \/>\n<meta property=\"og:locale\" content=\"de_DE\" \/>\n<meta property=\"og:type\" content=\"article\" \/>\n<meta property=\"og:title\" content=\"Il settore del legno, una porta sul futuro - Industry is IN\" \/>\n<meta property=\"og:description\" content=\"Per il settore del legno in Alto Adige trovare personale qualificato \u00e8 una sfida. Oggi c&#039;\u00e8 un corso di laurea professionalizzante in ingegneria del legno.\" \/>\n<meta property=\"og:url\" content=\"https:\/\/www.madeinbz.info\/il-settore-del-legno-una-porta-sul-futuro\/\" \/>\n<meta property=\"og:site_name\" content=\"Industry is IN\" \/>\n<meta property=\"article:published_time\" content=\"2019-10-18T08:30:13+00:00\" \/>\n<meta property=\"article:modified_time\" content=\"2020-01-23T09:56:36+00:00\" \/>\n<meta property=\"og:image\" content=\"https:\/\/www.madeinbz.info\/wp-content\/uploads\/2019\/10\/Holz-Exkursion-e1571323723369.jpg\" \/>\n\t<meta property=\"og:image:width\" content=\"3120\" \/>\n\t<meta property=\"og:image:height\" content=\"1505\" \/>\n\t<meta property=\"og:image:type\" content=\"image\/jpeg\" \/>\n<meta name=\"author\" content=\"adminOD\" \/>\n<meta name=\"twitter:card\" content=\"summary_large_image\" \/>\n<meta name=\"twitter:label1\" content=\"Verfasst von\" \/>\n\t<meta name=\"twitter:data1\" content=\"adminOD\" \/>\n\t<meta name=\"twitter:label2\" content=\"Gesch\u00e4tzte Lesezeit\" \/>\n\t<meta name=\"twitter:data2\" content=\"7 Minuten\" \/>\n<script type=\"application\/ld+json\" class=\"yoast-schema-graph\">{\"@context\":\"https:\/\/schema.org\",\"@graph\":[{\"@type\":\"WebPage\",\"@id\":\"https:\/\/www.madeinbz.info\/il-settore-del-legno-una-porta-sul-futuro\/\",\"url\":\"https:\/\/www.madeinbz.info\/il-settore-del-legno-una-porta-sul-futuro\/\",\"name\":\"Il settore del legno, una porta sul futuro - Industry is IN\",\"isPartOf\":{\"@id\":\"https:\/\/www.madeinbz.info\/#website\"},\"datePublished\":\"2019-10-18T08:30:13+00:00\",\"dateModified\":\"2020-01-23T09:56:36+00:00\",\"author\":{\"@id\":\"https:\/\/www.madeinbz.info\/#\/schema\/person\/ada1181a2c4cb0169ce6bb24c7a16be8\"},\"description\":\"Per il settore del legno in Alto Adige trovare personale qualificato \u00e8 una sfida. Oggi c'\u00e8 un corso di laurea professionalizzante in ingegneria del legno.\",\"breadcrumb\":{\"@id\":\"https:\/\/www.madeinbz.info\/il-settore-del-legno-una-porta-sul-futuro\/#breadcrumb\"},\"inLanguage\":\"de-DE\",\"potentialAction\":[{\"@type\":\"ReadAction\",\"target\":[\"https:\/\/www.madeinbz.info\/il-settore-del-legno-una-porta-sul-futuro\/\"]}]},{\"@type\":\"BreadcrumbList\",\"@id\":\"https:\/\/www.madeinbz.info\/il-settore-del-legno-una-porta-sul-futuro\/#breadcrumb\",\"itemListElement\":[{\"@type\":\"ListItem\",\"position\":1,\"name\":\"Home\",\"item\":\"https:\/\/www.madeinbz.info\/\"},{\"@type\":\"ListItem\",\"position\":2,\"name\":\"Il settore del legno, una porta sul futuro\"}]},{\"@type\":\"WebSite\",\"@id\":\"https:\/\/www.madeinbz.info\/#website\",\"url\":\"https:\/\/www.madeinbz.info\/\",\"name\":\"Industry is IN\",\"description\":\"Storie di aziende e persone dell\u2019industria altoatesina\",\"potentialAction\":[{\"@type\":\"SearchAction\",\"target\":{\"@type\":\"EntryPoint\",\"urlTemplate\":\"https:\/\/www.madeinbz.info\/?s={search_term_string}\"},\"query-input\":\"required name=search_term_string\"}],\"inLanguage\":\"de-DE\"},{\"@type\":\"Person\",\"@id\":\"https:\/\/www.madeinbz.info\/#\/schema\/person\/ada1181a2c4cb0169ce6bb24c7a16be8\",\"name\":\"adminOD\",\"image\":{\"@type\":\"ImageObject\",\"inLanguage\":\"de-DE\",\"@id\":\"https:\/\/www.madeinbz.info\/#\/schema\/person\/image\/\",\"url\":\"https:\/\/secure.gravatar.com\/avatar\/428c80be0104d62b42c7e8ccb85f963d?s=96&d=mm&r=g\",\"contentUrl\":\"https:\/\/secure.gravatar.com\/avatar\/428c80be0104d62b42c7e8ccb85f963d?s=96&d=mm&r=g\",\"caption\":\"adminOD\"},\"url\":\"https:\/\/www.industryisin.bz.it\/de\/author\/adminod\/\"}]}<\/script>\n<!-- \/ Yoast SEO plugin. -->","yoast_head_json":{"title":"Il settore del legno, una porta sul futuro - Industry is IN","description":"Per il settore del legno in Alto Adige trovare personale qualificato \u00e8 una sfida. Oggi c'\u00e8 un corso di laurea professionalizzante in ingegneria del legno.","robots":{"index":"index","follow":"follow","max-snippet":"max-snippet:-1","max-image-preview":"max-image-preview:large","max-video-preview":"max-video-preview:-1"},"canonical":"https:\/\/www.madeinbz.info\/il-settore-del-legno-una-porta-sul-futuro\/","og_locale":"de_DE","og_type":"article","og_title":"Il settore del legno, una porta sul futuro - Industry is IN","og_description":"Per il settore del legno in Alto Adige trovare personale qualificato \u00e8 una sfida. Oggi c'\u00e8 un corso di laurea professionalizzante in ingegneria del legno.","og_url":"https:\/\/www.madeinbz.info\/il-settore-del-legno-una-porta-sul-futuro\/","og_site_name":"Industry is IN","article_published_time":"2019-10-18T08:30:13+00:00","article_modified_time":"2020-01-23T09:56:36+00:00","og_image":[{"width":3120,"height":1505,"url":"https:\/\/www.madeinbz.info\/wp-content\/uploads\/2019\/10\/Holz-Exkursion-e1571323723369.jpg","type":"image\/jpeg"}],"author":"adminOD","twitter_card":"summary_large_image","twitter_misc":{"Verfasst von":"adminOD","Gesch\u00e4tzte Lesezeit":"7 Minuten"},"schema":{"@context":"https:\/\/schema.org","@graph":[{"@type":"WebPage","@id":"https:\/\/www.madeinbz.info\/il-settore-del-legno-una-porta-sul-futuro\/","url":"https:\/\/www.madeinbz.info\/il-settore-del-legno-una-porta-sul-futuro\/","name":"Il settore del legno, una porta sul futuro - Industry is IN","isPartOf":{"@id":"https:\/\/www.madeinbz.info\/#website"},"datePublished":"2019-10-18T08:30:13+00:00","dateModified":"2020-01-23T09:56:36+00:00","author":{"@id":"https:\/\/www.madeinbz.info\/#\/schema\/person\/ada1181a2c4cb0169ce6bb24c7a16be8"},"description":"Per il settore del legno in Alto Adige trovare personale qualificato \u00e8 una sfida. Oggi c'\u00e8 un corso di laurea professionalizzante in ingegneria del legno.","breadcrumb":{"@id":"https:\/\/www.madeinbz.info\/il-settore-del-legno-una-porta-sul-futuro\/#breadcrumb"},"inLanguage":"de-DE","potentialAction":[{"@type":"ReadAction","target":["https:\/\/www.madeinbz.info\/il-settore-del-legno-una-porta-sul-futuro\/"]}]},{"@type":"BreadcrumbList","@id":"https:\/\/www.madeinbz.info\/il-settore-del-legno-una-porta-sul-futuro\/#breadcrumb","itemListElement":[{"@type":"ListItem","position":1,"name":"Home","item":"https:\/\/www.madeinbz.info\/"},{"@type":"ListItem","position":2,"name":"Il settore del legno, una porta sul futuro"}]},{"@type":"WebSite","@id":"https:\/\/www.madeinbz.info\/#website","url":"https:\/\/www.madeinbz.info\/","name":"Industry is IN","description":"Storie di aziende e persone dell\u2019industria altoatesina","potentialAction":[{"@type":"SearchAction","target":{"@type":"EntryPoint","urlTemplate":"https:\/\/www.madeinbz.info\/?s={search_term_string}"},"query-input":"required name=search_term_string"}],"inLanguage":"de-DE"},{"@type":"Person","@id":"https:\/\/www.madeinbz.info\/#\/schema\/person\/ada1181a2c4cb0169ce6bb24c7a16be8","name":"adminOD","image":{"@type":"ImageObject","inLanguage":"de-DE","@id":"https:\/\/www.madeinbz.info\/#\/schema\/person\/image\/","url":"https:\/\/secure.gravatar.com\/avatar\/428c80be0104d62b42c7e8ccb85f963d?s=96&d=mm&r=g","contentUrl":"https:\/\/secure.gravatar.com\/avatar\/428c80be0104d62b42c7e8ccb85f963d?s=96&d=mm&r=g","caption":"adminOD"},"url":"https:\/\/www.industryisin.bz.it\/de\/author\/adminod\/"}]}},"_links":{"self":[{"href":"https:\/\/www.industryisin.bz.it\/de\/wp-json\/wp\/v2\/posts\/2917"}],"collection":[{"href":"https:\/\/www.industryisin.bz.it\/de\/wp-json\/wp\/v2\/posts"}],"about":[{"href":"https:\/\/www.industryisin.bz.it\/de\/wp-json\/wp\/v2\/types\/post"}],"author":[{"embeddable":true,"href":"https:\/\/www.industryisin.bz.it\/de\/wp-json\/wp\/v2\/users\/8"}],"replies":[{"embeddable":true,"href":"https:\/\/www.industryisin.bz.it\/de\/wp-json\/wp\/v2\/comments?post=2917"}],"version-history":[{"count":16,"href":"https:\/\/www.industryisin.bz.it\/de\/wp-json\/wp\/v2\/posts\/2917\/revisions"}],"predecessor-version":[{"id":2944,"href":"https:\/\/www.industryisin.bz.it\/de\/wp-json\/wp\/v2\/posts\/2917\/revisions\/2944"}],"wp:featuredmedia":[{"embeddable":true,"href":"https:\/\/www.industryisin.bz.it\/de\/wp-json\/wp\/v2\/media\/2922"}],"wp:attachment":[{"href":"https:\/\/www.industryisin.bz.it\/de\/wp-json\/wp\/v2\/media?parent=2917"}],"wp:term":[{"taxonomy":"category","embeddable":true,"href":"https:\/\/www.industryisin.bz.it\/de\/wp-json\/wp\/v2\/categories?post=2917"},{"taxonomy":"post_tag","embeddable":true,"href":"https:\/\/www.industryisin.bz.it\/de\/wp-json\/wp\/v2\/tags?post=2917"}],"curies":[{"name":"wp","href":"https:\/\/api.w.org\/{rel}","templated":true}]}}