{"id":2802,"date":"2019-09-24T09:00:53","date_gmt":"2019-09-24T07:00:53","guid":{"rendered":"https:\/\/www.industryisin.bz.it\/?p=2802"},"modified":"2019-10-03T12:04:43","modified_gmt":"2019-10-03T10:04:43","slug":"bio-trinkhalme-fur-die-ganze-welt","status":"publish","type":"post","link":"https:\/\/www.industryisin.bz.it\/de\/bio-trinkhalme-fur-die-ganze-welt\/","title":{"rendered":"Bio-Trinkhalme f\u00fcr die ganze Welt"},"content":{"rendered":"<p>MC Donalds, Ferrero \u2013 dies sind nur zwei der namhaften Kunden von <a href=\"https:\/\/www.alpiplast.it\/de\/\">Alpiplast<\/a>. Das Unternehmen produziert seit 1971 in Partschins Trinkhalme und liefert sie in die ganze Welt. 1,7 Milliarden Halme verlassen j\u00e4hrlich das Werk \u2013 t\u00e4glich ist das ca. ein 1.200 km langer Halm, also in etwa die Strecke von Bozen nach Reggio Calabria. Produziert wird ausschlie\u00dflich in Partschins, und das im 3-Schichtbetrieb. \u201eMit unseren 20 Mitarbeitern bekommen wir das gut hin\u201c, ist Firmenchef Markus Forcher zufrieden.<\/p>\n<h2><strong>Bereit f\u00fcr das Plastikverbot<\/strong><\/h2>\n<p>Derzeit ist der Gro\u00dfteil der verkauften Trinkhalme noch aus Plastik, mit dem Inkrafttreten des <a href=\"http:\/\/www.europarl.europa.eu\/news\/de\/press-room\/20190321IPR32111\/wegwerfprodukte-aus-plastik-parlament-stimmt-fur-verbot-ab-2021\">EU-weiten Plastikverbots<\/a> wird sich das aber rasch \u00e4ndern. \u201eWir sind ger\u00fcstet. Bereits seit rund 10 Jahren haben wir ein biologisch abbaubares Produkt im Programm. Entstanden ist das eigentlich aus einem reinen Zufall\u201c, erz\u00e4hlt Markus Forcher. \u201eEiner unserer Kunden machte Teller etc. aus einem biologisch abbaubaren Material, aber im Spritzgussverfahren. Dann hat er uns gebeten, dieses Material auch f\u00fcr die Trinkhalme zu testen \u2013 gesagt, getan. Es hat funktioniert und so ist unser erstes Bio-Produkt entstanden.\u201c In enger Zusammenarbeit mit dem deutschen Marktf\u00fchrer im Bereich der Bio-Halme ist das S\u00fcdtiroler Unternehmen zu einem wichtigen Lieferanten auch in diesem Bereich geworden.<\/p>\n<h2><strong>Bio-Trinkhalme sind gefragt<\/strong><\/h2>\n<div id=\"attachment_2807\" style=\"width: 308px\" class=\"wp-caption alignleft\"><img aria-describedby=\"caption-attachment-2807\" decoding=\"async\" loading=\"lazy\" class=\"wp-image-2807 size-medium\" title=\"Bio-Trinkhalme aus Partschins\" src=\"https:\/\/www.industryisin.bz.it\/wp-content\/uploads\/2019\/09\/markus_forcher-298x300.jpg\" alt=\"\" width=\"298\" height=\"300\" srcset=\"https:\/\/www.industryisin.bz.it\/wp-content\/uploads\/2019\/09\/markus_forcher-298x300.jpg 298w, https:\/\/www.industryisin.bz.it\/wp-content\/uploads\/2019\/09\/markus_forcher-150x150.jpg 150w, https:\/\/www.industryisin.bz.it\/wp-content\/uploads\/2019\/09\/markus_forcher-768x774.jpg 768w, https:\/\/www.industryisin.bz.it\/wp-content\/uploads\/2019\/09\/markus_forcher-1016x1024.jpg 1016w, https:\/\/www.industryisin.bz.it\/wp-content\/uploads\/2019\/09\/markus_forcher.jpg 1820w\" sizes=\"(max-width: 298px) 100vw, 298px\" \/><p id=\"caption-attachment-2807\" class=\"wp-caption-text\">Firmenchef Markus Forcher: &#8222;Wir sind bereit.&#8220;<\/p><\/div>\n<p>Die Nachfrage steigt \u2013 besonders in der Gastronomie setzen immer mehr Hotels und Restaurants auf diese Produkte. \u201eHier betr\u00e4gt der Bio-Anteil bereits \u00fcber 50 Prozent. Die Industrie hat noch ein Problem \u2013 und somit auch wir: jeder Staat hat einen Spielraum bei der Umsetzung der EU-Verordnung. Und solange die Umsetzung fehlt, wei\u00df keiner, welches Produkt in welchem Land zul\u00e4ssig ist. Bisher haben sich dazu nur England und Frankreich ge\u00e4u\u00dfert, aber auch hier ist noch nichts sicher\u201c, erkl\u00e4rt Forcher.<\/p>\n<p><strong>Materialien werden getestet<\/strong><\/p>\n<p>Somit hei\u00dft es vorerst abwarten. \u201eWir testen hier in Partschins bereits verschiedenste Materialien, manche funktionieren besser, andere weniger gut. Anfragen von Seiten der Industrie gibt es bereits viele, mit dem Bestellen warten aber alle noch zu. Ich hoffe deshalb, dass sich die Staaten m\u00f6glichst beeilen bei der Umsetzung, auch im Sinne der Umwelt. Je fr\u00fcher wir damit beginnen k\u00f6nnen, umso besser\u201c, ist Forcher \u00fcberzeugt.<\/p>\n<p><strong>Vinschger Trinkhalme f\u00fcr Asien und Afrika<\/strong><br \/>\nSteigende Nachfrage nach Bio-Halmen kommt bereits aus Asien. \u201eUnsere Kunden in den asiatischen L\u00e4ndern vertrauen uns. Unser deutscher Partner steht f\u00fcr h\u00f6chste Qualit\u00e4t und somit sind unsere Halme z.B. in Shanghai, Peking oder Singapur zu finden.\u201c<br \/>\nIn Afrika werden bisher noch Plastikhalme nachgefragt. \u201eWir haben Kunden im Kongo oder in der Elfenbeink\u00fcste. F\u00fcr uns ist dieser Markt wichtig, weil unsere Produktion so das ganze Jahr ausgelastet ist. Wenn bei uns Winter ist, ist in Afrika Sommer \u2013 und somit die h\u00f6chste Nachfrage.\u201c<\/p>\n<h2><strong>Wie erkennt man einen Bio-Trinkhalm?<\/strong><\/h2>\n<div id=\"attachment_2803\" style=\"width: 259px\" class=\"wp-caption alignleft\"><img aria-describedby=\"caption-attachment-2803\" decoding=\"async\" loading=\"lazy\" class=\"wp-image-2803\" title=\"Bio-Trinkhalme \" src=\"https:\/\/www.industryisin.bz.it\/wp-content\/uploads\/2019\/09\/082-300x200.jpg\" alt=\"\" width=\"249\" height=\"166\" srcset=\"https:\/\/www.industryisin.bz.it\/wp-content\/uploads\/2019\/09\/082-300x200.jpg 300w, https:\/\/www.industryisin.bz.it\/wp-content\/uploads\/2019\/09\/082-768x512.jpg 768w, https:\/\/www.industryisin.bz.it\/wp-content\/uploads\/2019\/09\/082-1024x683.jpg 1024w, https:\/\/www.industryisin.bz.it\/wp-content\/uploads\/2019\/09\/082-1920x1280.jpg 1920w\" sizes=\"(max-width: 249px) 100vw, 249px\" \/><p id=\"caption-attachment-2803\" class=\"wp-caption-text\">Derzeit gibt es die Bio-Trinkhalme entweder in schwarz oder wei\u00df.<\/p><\/div>\n<p>\u201eF\u00fcr den Konsumenten ist eigentlich auf den ersten Blick kein Unterschied zu sehen. Es ist allerdings nicht m\u00f6glich, einen transparenten Halm zu machen. Wir bieten Bio derzeit nur in schwarz oder wei\u00df an. Man kann sie auch f\u00e4rben, die Farben werden dann aber eher pastellig\u201c, erkl\u00e4rt Forcher.<br \/>\nDass Nachhaltigkeit f\u00fcr die Kunden immer wichtiger wird, merkt Forcher bei den Anfragen zur Verpackung. \u201eDie wollen viele auch nicht mehr aus Plastik haben, der Klebestreifen auf dem Karton muss aus Papier sein. In Zukunft werden wir sicher ein Komplett-Biopaket anbieten.\u201c<\/p>\n","protected":false},"excerpt":{"rendered":"<p>MC Donalds, Ferrero \u2013 dies sind nur zwei der namhaften Kunden von Alpiplast. Das Unternehmen produziert seit 1971 in Partschins Trinkhalme und liefert sie in die ganze Welt. 1,7 Milliarden Halme verlassen j\u00e4hrlich das Werk \u2013 t\u00e4glich ist das ca. ein 1.200 km langer Halm, also in etwa die Strecke von Bozen nach Reggio Calabria. [&hellip;]<\/p>\n","protected":false},"author":13,"featured_media":2805,"comment_status":"closed","ping_status":"open","sticky":false,"template":"","format":"standard","meta":{"footnotes":""},"categories":[47],"tags":[332,333,331,330],"acf":[],"yoast_head":"<!-- This site is optimized with the Yoast SEO plugin v21.4 - https:\/\/yoast.com\/wordpress\/plugins\/seo\/ -->\n<title>Bio-Trinkhalme f\u00fcr die ganze Welt - Industry is IN<\/title>\n<meta name=\"description\" content=\"2021 tritt das EU-weite Plastikverbot in Kraft. Der Trinkhalme-Hersteller Alpiplast aus Partschins ist schon bereit daf\u00fcr.\" \/>\n<meta name=\"robots\" content=\"index, follow, max-snippet:-1, max-image-preview:large, max-video-preview:-1\" \/>\n<link rel=\"canonical\" href=\"https:\/\/www.madeinbz.info\/bio-trinkhalme-fur-die-ganze-welt\/\" \/>\n<meta property=\"og:locale\" content=\"de_DE\" \/>\n<meta property=\"og:type\" content=\"article\" \/>\n<meta property=\"og:title\" content=\"Bio-Trinkhalme f\u00fcr die ganze Welt - Industry is IN\" \/>\n<meta property=\"og:description\" content=\"2021 tritt das EU-weite Plastikverbot in Kraft. Der Trinkhalme-Hersteller Alpiplast aus Partschins ist schon bereit daf\u00fcr.\" \/>\n<meta property=\"og:url\" content=\"https:\/\/www.madeinbz.info\/bio-trinkhalme-fur-die-ganze-welt\/\" \/>\n<meta property=\"og:site_name\" content=\"Industry is IN\" \/>\n<meta property=\"article:published_time\" content=\"2019-09-24T07:00:53+00:00\" \/>\n<meta property=\"article:modified_time\" content=\"2019-10-03T10:04:43+00:00\" \/>\n<meta property=\"og:image\" content=\"https:\/\/www.madeinbz.info\/wp-content\/uploads\/2019\/09\/alpiplast_titel-1024x768.jpg\" \/>\n\t<meta property=\"og:image:width\" content=\"1024\" \/>\n\t<meta property=\"og:image:height\" content=\"768\" \/>\n\t<meta property=\"og:image:type\" content=\"image\/jpeg\" \/>\n<meta name=\"author\" content=\"Angelika Bayer\" \/>\n<meta name=\"twitter:card\" content=\"summary_large_image\" \/>\n<meta name=\"twitter:label1\" content=\"Verfasst von\" \/>\n\t<meta name=\"twitter:data1\" content=\"Angelika Bayer\" \/>\n\t<meta name=\"twitter:label2\" content=\"Gesch\u00e4tzte Lesezeit\" \/>\n\t<meta name=\"twitter:data2\" content=\"3 Minuten\" \/>\n<script type=\"application\/ld+json\" class=\"yoast-schema-graph\">{\"@context\":\"https:\/\/schema.org\",\"@graph\":[{\"@type\":\"WebPage\",\"@id\":\"https:\/\/www.madeinbz.info\/bio-trinkhalme-fur-die-ganze-welt\/\",\"url\":\"https:\/\/www.madeinbz.info\/bio-trinkhalme-fur-die-ganze-welt\/\",\"name\":\"Bio-Trinkhalme f\u00fcr die ganze Welt - Industry is IN\",\"isPartOf\":{\"@id\":\"https:\/\/www.madeinbz.info\/#website\"},\"datePublished\":\"2019-09-24T07:00:53+00:00\",\"dateModified\":\"2019-10-03T10:04:43+00:00\",\"author\":{\"@id\":\"https:\/\/www.madeinbz.info\/#\/schema\/person\/2c37e5aeb0f02de7cca30cb97ffc38e8\"},\"description\":\"2021 tritt das EU-weite Plastikverbot in Kraft. Der Trinkhalme-Hersteller Alpiplast aus Partschins ist schon bereit daf\u00fcr.\",\"breadcrumb\":{\"@id\":\"https:\/\/www.madeinbz.info\/bio-trinkhalme-fur-die-ganze-welt\/#breadcrumb\"},\"inLanguage\":\"de-DE\",\"potentialAction\":[{\"@type\":\"ReadAction\",\"target\":[\"https:\/\/www.madeinbz.info\/bio-trinkhalme-fur-die-ganze-welt\/\"]}]},{\"@type\":\"BreadcrumbList\",\"@id\":\"https:\/\/www.madeinbz.info\/bio-trinkhalme-fur-die-ganze-welt\/#breadcrumb\",\"itemListElement\":[{\"@type\":\"ListItem\",\"position\":1,\"name\":\"Home\",\"item\":\"https:\/\/www.madeinbz.info\/\"},{\"@type\":\"ListItem\",\"position\":2,\"name\":\"Bio-Trinkhalme f\u00fcr die ganze Welt\"}]},{\"@type\":\"WebSite\",\"@id\":\"https:\/\/www.madeinbz.info\/#website\",\"url\":\"https:\/\/www.madeinbz.info\/\",\"name\":\"Industry is IN\",\"description\":\"Storie di aziende e persone dell\u2019industria altoatesina\",\"potentialAction\":[{\"@type\":\"SearchAction\",\"target\":{\"@type\":\"EntryPoint\",\"urlTemplate\":\"https:\/\/www.madeinbz.info\/?s={search_term_string}\"},\"query-input\":\"required name=search_term_string\"}],\"inLanguage\":\"de-DE\"},{\"@type\":\"Person\",\"@id\":\"https:\/\/www.madeinbz.info\/#\/schema\/person\/2c37e5aeb0f02de7cca30cb97ffc38e8\",\"name\":\"Angelika Bayer\",\"image\":{\"@type\":\"ImageObject\",\"inLanguage\":\"de-DE\",\"@id\":\"https:\/\/www.madeinbz.info\/#\/schema\/person\/image\/\",\"url\":\"https:\/\/secure.gravatar.com\/avatar\/d5d603996af27fc843daae65ef659f93?s=96&d=mm&r=g\",\"contentUrl\":\"https:\/\/secure.gravatar.com\/avatar\/d5d603996af27fc843daae65ef659f93?s=96&d=mm&r=g\",\"caption\":\"Angelika Bayer\"},\"url\":\"https:\/\/www.industryisin.bz.it\/de\/author\/angelika\/\"}]}<\/script>\n<!-- \/ Yoast SEO plugin. -->","yoast_head_json":{"title":"Bio-Trinkhalme f\u00fcr die ganze Welt - Industry is IN","description":"2021 tritt das EU-weite Plastikverbot in Kraft. Der Trinkhalme-Hersteller Alpiplast aus Partschins ist schon bereit daf\u00fcr.","robots":{"index":"index","follow":"follow","max-snippet":"max-snippet:-1","max-image-preview":"max-image-preview:large","max-video-preview":"max-video-preview:-1"},"canonical":"https:\/\/www.madeinbz.info\/bio-trinkhalme-fur-die-ganze-welt\/","og_locale":"de_DE","og_type":"article","og_title":"Bio-Trinkhalme f\u00fcr die ganze Welt - Industry is IN","og_description":"2021 tritt das EU-weite Plastikverbot in Kraft. Der Trinkhalme-Hersteller Alpiplast aus Partschins ist schon bereit daf\u00fcr.","og_url":"https:\/\/www.madeinbz.info\/bio-trinkhalme-fur-die-ganze-welt\/","og_site_name":"Industry is IN","article_published_time":"2019-09-24T07:00:53+00:00","article_modified_time":"2019-10-03T10:04:43+00:00","og_image":[{"width":1024,"height":768,"url":"https:\/\/www.madeinbz.info\/wp-content\/uploads\/2019\/09\/alpiplast_titel-1024x768.jpg","type":"image\/jpeg"}],"author":"Angelika Bayer","twitter_card":"summary_large_image","twitter_misc":{"Verfasst von":"Angelika Bayer","Gesch\u00e4tzte Lesezeit":"3 Minuten"},"schema":{"@context":"https:\/\/schema.org","@graph":[{"@type":"WebPage","@id":"https:\/\/www.madeinbz.info\/bio-trinkhalme-fur-die-ganze-welt\/","url":"https:\/\/www.madeinbz.info\/bio-trinkhalme-fur-die-ganze-welt\/","name":"Bio-Trinkhalme f\u00fcr die ganze Welt - Industry is IN","isPartOf":{"@id":"https:\/\/www.madeinbz.info\/#website"},"datePublished":"2019-09-24T07:00:53+00:00","dateModified":"2019-10-03T10:04:43+00:00","author":{"@id":"https:\/\/www.madeinbz.info\/#\/schema\/person\/2c37e5aeb0f02de7cca30cb97ffc38e8"},"description":"2021 tritt das EU-weite Plastikverbot in Kraft. Der Trinkhalme-Hersteller Alpiplast aus Partschins ist schon bereit daf\u00fcr.","breadcrumb":{"@id":"https:\/\/www.madeinbz.info\/bio-trinkhalme-fur-die-ganze-welt\/#breadcrumb"},"inLanguage":"de-DE","potentialAction":[{"@type":"ReadAction","target":["https:\/\/www.madeinbz.info\/bio-trinkhalme-fur-die-ganze-welt\/"]}]},{"@type":"BreadcrumbList","@id":"https:\/\/www.madeinbz.info\/bio-trinkhalme-fur-die-ganze-welt\/#breadcrumb","itemListElement":[{"@type":"ListItem","position":1,"name":"Home","item":"https:\/\/www.madeinbz.info\/"},{"@type":"ListItem","position":2,"name":"Bio-Trinkhalme f\u00fcr die ganze Welt"}]},{"@type":"WebSite","@id":"https:\/\/www.madeinbz.info\/#website","url":"https:\/\/www.madeinbz.info\/","name":"Industry is IN","description":"Storie di aziende e persone dell\u2019industria altoatesina","potentialAction":[{"@type":"SearchAction","target":{"@type":"EntryPoint","urlTemplate":"https:\/\/www.madeinbz.info\/?s={search_term_string}"},"query-input":"required name=search_term_string"}],"inLanguage":"de-DE"},{"@type":"Person","@id":"https:\/\/www.madeinbz.info\/#\/schema\/person\/2c37e5aeb0f02de7cca30cb97ffc38e8","name":"Angelika Bayer","image":{"@type":"ImageObject","inLanguage":"de-DE","@id":"https:\/\/www.madeinbz.info\/#\/schema\/person\/image\/","url":"https:\/\/secure.gravatar.com\/avatar\/d5d603996af27fc843daae65ef659f93?s=96&d=mm&r=g","contentUrl":"https:\/\/secure.gravatar.com\/avatar\/d5d603996af27fc843daae65ef659f93?s=96&d=mm&r=g","caption":"Angelika Bayer"},"url":"https:\/\/www.industryisin.bz.it\/de\/author\/angelika\/"}]}},"_links":{"self":[{"href":"https:\/\/www.industryisin.bz.it\/de\/wp-json\/wp\/v2\/posts\/2802"}],"collection":[{"href":"https:\/\/www.industryisin.bz.it\/de\/wp-json\/wp\/v2\/posts"}],"about":[{"href":"https:\/\/www.industryisin.bz.it\/de\/wp-json\/wp\/v2\/types\/post"}],"author":[{"embeddable":true,"href":"https:\/\/www.industryisin.bz.it\/de\/wp-json\/wp\/v2\/users\/13"}],"replies":[{"embeddable":true,"href":"https:\/\/www.industryisin.bz.it\/de\/wp-json\/wp\/v2\/comments?post=2802"}],"version-history":[{"count":4,"href":"https:\/\/www.industryisin.bz.it\/de\/wp-json\/wp\/v2\/posts\/2802\/revisions"}],"predecessor-version":[{"id":2812,"href":"https:\/\/www.industryisin.bz.it\/de\/wp-json\/wp\/v2\/posts\/2802\/revisions\/2812"}],"wp:featuredmedia":[{"embeddable":true,"href":"https:\/\/www.industryisin.bz.it\/de\/wp-json\/wp\/v2\/media\/2805"}],"wp:attachment":[{"href":"https:\/\/www.industryisin.bz.it\/de\/wp-json\/wp\/v2\/media?parent=2802"}],"wp:term":[{"taxonomy":"category","embeddable":true,"href":"https:\/\/www.industryisin.bz.it\/de\/wp-json\/wp\/v2\/categories?post=2802"},{"taxonomy":"post_tag","embeddable":true,"href":"https:\/\/www.industryisin.bz.it\/de\/wp-json\/wp\/v2\/tags?post=2802"}],"curies":[{"name":"wp","href":"https:\/\/api.w.org\/{rel}","templated":true}]}}