{"id":2360,"date":"2019-07-11T10:00:51","date_gmt":"2019-07-11T08:00:51","guid":{"rendered":"https:\/\/www.industryisin.bz.it\/?p=2360"},"modified":"2019-07-19T11:22:31","modified_gmt":"2019-07-19T09:22:31","slug":"la-rete-per-il-welfare-compie-due-anni","status":"publish","type":"post","link":"https:\/\/www.industryisin.bz.it\/de\/la-rete-per-il-welfare-compie-due-anni\/","title":{"rendered":"La Rete per il welfare compie due anni"},"content":{"rendered":"<p>Ha compiuto due anni la rete di imprese altoatesina nata con lo scopo di realizzare per tutti i dipendenti delle aziende coinvolte un\u2019offerta strutturata di prestazioni e servizi di welfare aziendale. Le 10 aziende fondatrici nel frattempo sono diventate 23 e sono ormai oltre 5.600 i dipendenti che possono contare &#8211; accanto alla retribuzione tradizionale &#8211; su benefit e servizi legati, ad esempio, a salute, previdenza, formazione o tempo libero. Nella rete grandi e piccole aziende trovano le stesse opportunit\u00e0 e traggono beneficio dall\u2019essere insieme. Oggi fanno parte della rete: Tpa Srl, Ecorott Srl, Thun Spa, Birra Forst Spa, Acquaeforst Srl, Intercable Srl, R\u00f6chling Automotive Italia Srl, R\u00f6chling Automotive Srl, R\u00f6chling Automotive Filters Srl, Loacker Spa, Alperia Spa, Leitner Spa, Prinoth Spa, Demaclenko Srl, Peoplemover Service Srl, Apparatebau Gronbach Srl, Iprona Spa, J. Schmidhammer Srl, Engo Srl, Prominent Italiana, Ifi Spa, Auto Ikaro Srl e Athesia Druck Spa.<\/p>\n<p>Si tratta della prima esperienza del genere in provincia di Bolzano. Dalla sua fondazione la rete non solo si \u00e8 allargata, ma ha ampliato la propria offerta di servizi e il suo bacino di beneficiari. Ne abbiamo parlato con\u00a0<strong>Tamara Tonioni<\/strong>, da poco riconfermata presidente della rete.<\/p>\n<div id=\"attachment_2361\" style=\"width: 265px\" class=\"wp-caption alignleft\"><img aria-describedby=\"caption-attachment-2361\" decoding=\"async\" loading=\"lazy\" class=\"wp-image-2361 size-medium\" src=\"https:\/\/www.industryisin.bz.it\/wp-content\/uploads\/2019\/07\/Tonioni-Tamara-foto-Giovanelli-2-255x300.jpg\" alt=\"\" width=\"255\" height=\"300\" srcset=\"https:\/\/www.industryisin.bz.it\/wp-content\/uploads\/2019\/07\/Tonioni-Tamara-foto-Giovanelli-2-255x300.jpg 255w, https:\/\/www.industryisin.bz.it\/wp-content\/uploads\/2019\/07\/Tonioni-Tamara-foto-Giovanelli-2-768x904.jpg 768w, https:\/\/www.industryisin.bz.it\/wp-content\/uploads\/2019\/07\/Tonioni-Tamara-foto-Giovanelli-2-870x1024.jpg 870w, https:\/\/www.industryisin.bz.it\/wp-content\/uploads\/2019\/07\/Tonioni-Tamara-foto-Giovanelli-2.jpg 1614w\" sizes=\"(max-width: 255px) 100vw, 255px\" \/><p id=\"caption-attachment-2361\" class=\"wp-caption-text\">Tamara Tonioni<\/p><\/div>\n<p><strong>Dopo la costituzione della rete come si sono mosse le aziende per erogare i benefit?<\/strong><\/p>\n<p>&#8222;Le aziende fondatrici della rete hanno realizzato una piattaforma telematica, simile a quelle comunemente in uso per fare acquisti, dove i dipendenti possono accedere e selezionare i benefit desiderati. La piattaforma \u00e8 la stessa per tutte le aziende, ma i servizi offerti cos\u00ec come le modalit\u00e0 e il budget, variano a seconda dell\u2019azienda. Alcune aziende danno la possibilit\u00e0 al dipendente di decidere se ricevere il premio di risultato in forma di retribuzione detassata oppure se convertirlo, il tutto o in parte, in servizi welfare ottenendone, quindi, un maggior valore, vista l\u2019assenza di fiscalizzazione e contribuzione ordinaria prevista per i servizi welfare. Altre aziende decidono di erogare l\u2019aumento dello stipendio direttamente sotto forma di servizi welfare&#8220;.<\/p>\n<p>&nbsp;<\/p>\n<p><strong>Quale \u00e8 il bilancio di questi due anni di attivit\u00e0 della rete d\u2019impresa?<\/strong><\/p>\n<p>&#8222;Il bilancio \u00e8 sicuramente positivo. Abbiamo pi\u00f9 che raddoppiato le aziende aderenti alla rete. Siamo stati in grado di offrire servizi welfare sempre pi\u00f9 variegati e vantaggiosi e abbiamo aumentato il nostro bacino d\u2019utenza. In totale oggi si tratta di oltre 5.600 dipendenti. I punti a favore della rete vanno anche al di l\u00e0 di chi la utilizza. I fornitori convenzionati di beni e servizi sono spesso ditte locali e questo genera un volano per l\u2019economia&#8220;.<\/p>\n<p><strong>\u00a0<\/strong><\/p>\n<p><strong>Quali sono stati i vantaggi di mettersi in rete? <\/strong><\/p>\n<p>&#8222;Metterci in rete ci ha permesso di acquistare insieme pacchetti di beni e quindi comprarli a prezzi pi\u00f9 vantaggiosi. I dipendenti ne hanno potuto beneficiare perch\u00e9 hanno avuto accesso a servizi a miglior prezzo. Inoltre risparmiamo anche sulla gestione: condividiamo la stessa piattaforma e quindi affrontiamo in comune anche i costi di questi servizi. In questo modo ci siamo potuti rivolgere a una societ\u00e0 affermata come Willis Towers Watson. Pi\u00f9 in generale, fare parte di una rete \u00e8 stata un\u2019esperienza che ci ha arricchito: ci ha permesso di fare network tra aziende del territorio, confrontarci sulle \u201cgood practices\u201d e sui temi pi\u00f9 attuali in materia di welfare: non solo riguardo ai benefit materiali, ma anche a flessibilit\u00e0 oraria, smart working e tele-lavoro&#8220;.<\/p>\n<p>&nbsp;<\/p>\n<p><strong>Nella scelta del posto di lavoro da parte dei candidati quanto influiscono i servizi di welfare aziendale offerti da una ditta?<\/strong><\/p>\n<p>&#8222;Influiscono sempre di pi\u00f9. Pi\u00f9 benefit un\u2019azienda potr\u00e0 offrire, pi\u00f9 attrattiva sar\u00e0 agli occhi dei suoi possibili candidati. Una volta, stabilit\u00e0 e buona retribuzione erano i fattori chiave nella scelta di un posto di lavoro. Oggi sono rimasti valori importanti, ma accanto a questi i giovani cercano un impiego che offra loro flessibilit\u00e0 oraria e possibilit\u00e0 di avere tempo per coltivare le proprie passioni e stare in famiglia o con gli amici. Il concetto di \u201cwork-life balance\u201d \u00e8 oggi al primo posto nella scelta del lavoro da parte dei giovani e lo sforzo delle aziende nel miglioramento dei servizi di welfare per i dipendenti va sicuramente in questa direzione. In pi\u00f9 i benefit erogati a titolo di welfare aziendale non vengono tassati, se questo \u00e8 un vantaggio per le aziende, che usufruiscono cos\u00ec di una detassazione, lo \u00e8 anche per i dipendenti, la cui retribuzione reale aumenta&#8220;.<\/p>\n<p>&nbsp;<\/p>\n<p><strong>Quali sono i benefit pi\u00f9 richiesti e pi\u00f9 apprezzati?<\/strong><\/p>\n<p>&#8222;In Alto Adige i servizi pi\u00f9 utilizzati in assoluto sono i buoni spesa, cio\u00e8 lo shopping (51% delle scelte) seguiti dai servizi per la previdenza (29%). C\u2019\u00e8 infatti la possibilit\u00e0 di convertire i benefit in denaro da versare al fondo pensione integrativo: qui, grazie anche alla diffusione dei fondi pensione locali come Laborfonds, \u00e8 una pratica piuttosto popolare, in controtendenza rispetto al resto d\u2019Italia. A questi si aggiungono gli innumerevoli altri benefit negli ambiti della salute, della ricreazione e tempo libero, viaggi, wellness, educazione, assistenza, etc. Essere in rete significa poter offrire pi\u00f9 scelta e quindi soddisfare le esigenze di tutti&#8220;.<\/p>\n<p>&nbsp;<\/p>\n<p><strong>Quali sono i prossimi obiettivi e le prossime sfide della rete?<\/strong><\/p>\n<p>&#8222;I nostri obiettivi sono confrontarci sempre di pi\u00f9 tra noi aziende aderenti sui temi del welfare aziendale per poterli migliorare, offrire servizi sempre pi\u00f9 diversificati e vantaggiosi sulla nostra piattaforma, rendere la piattaforma ancora pi\u00f9 user-friendly, mostrare i vantaggi che il welfare aziendale pu\u00f2 dare ai dipendenti. In questo ci piacerebbe coinvolgere di pi\u00f9 i rappresentanti sindacali. Infatti, mentre i giovani apprezzano i servizi welfare, da parte delle generazioni pi\u00f9 anziane c\u2019\u00e8 ancora diffidenza; si tende a preferire la retribuzione ordinaria, nonostante questa abbia una elevato livello di tassazione e contribuzione, piuttosto che utilizzare direttamente i numerosi servizi e beni welfare un servizio mirato a migliorare il benessere della persona. Riguardo ai tipi di benefit, vediamo molta potenzialit\u00e0 in quelli dedicati all\u2019educazione, al benessere e, in generale alla tutela sanitaria e vorremmo incentivarne l\u2019utilizzo, soprattutto da parte di coloro che godono di un minor livello retributivo. Sono questi, infatti, a mio avviso, i benefit che pi\u00f9 di tutti possono contribuire a migliorare la qualit\u00e0 di vita dei nostri dipendenti&#8220;.<\/p>\n<p>&nbsp;<\/p>\n<p>&nbsp;<\/p>\n<p>&nbsp;<\/p>\n","protected":false},"excerpt":{"rendered":"<p>Ha compiuto due anni la rete di imprese altoatesina nata con lo scopo di realizzare per tutti i dipendenti delle aziende coinvolte un\u2019offerta strutturata di prestazioni e servizi di welfare aziendale. Le 10 aziende fondatrici nel frattempo sono diventate 23 e sono ormai oltre 5.600 i dipendenti che possono contare &#8211; accanto alla retribuzione tradizionale [&hellip;]<\/p>\n","protected":false},"author":8,"featured_media":2389,"comment_status":"closed","ping_status":"open","sticky":false,"template":"","format":"standard","meta":{"footnotes":""},"categories":[48],"tags":[261,260,259,262,185,263,264,266,265],"acf":[],"yoast_head":"<!-- This site is optimized with the Yoast SEO plugin v21.4 - https:\/\/yoast.com\/wordpress\/plugins\/seo\/ -->\n<title>La Rete per il welfare compie due anni - Industry is IN<\/title>\n<meta name=\"robots\" content=\"index, follow, max-snippet:-1, max-image-preview:large, max-video-preview:-1\" \/>\n<link rel=\"canonical\" href=\"https:\/\/www.madeinbz.info\/la-rete-per-il-welfare-compie-due-anni\/\" \/>\n<meta property=\"og:locale\" content=\"de_DE\" \/>\n<meta property=\"og:type\" content=\"article\" \/>\n<meta property=\"og:title\" content=\"La Rete per il welfare compie due anni - Industry is IN\" \/>\n<meta property=\"og:description\" content=\"Ha compiuto due anni la rete di imprese altoatesina nata con lo scopo di realizzare per tutti i dipendenti delle aziende coinvolte un\u2019offerta strutturata di prestazioni e servizi di welfare aziendale. Le 10 aziende fondatrici nel frattempo sono diventate 23 e sono ormai oltre 5.600 i dipendenti che possono contare &#8211; accanto alla retribuzione tradizionale [&hellip;]\" \/>\n<meta property=\"og:url\" content=\"https:\/\/www.madeinbz.info\/la-rete-per-il-welfare-compie-due-anni\/\" \/>\n<meta property=\"og:site_name\" content=\"Industry is IN\" \/>\n<meta property=\"article:published_time\" content=\"2019-07-11T08:00:51+00:00\" \/>\n<meta property=\"article:modified_time\" content=\"2019-07-19T09:22:31+00:00\" \/>\n<meta property=\"og:image\" content=\"https:\/\/www.madeinbz.info\/wp-content\/uploads\/2019\/07\/rete-2.jpg\" \/>\n\t<meta property=\"og:image:width\" content=\"1858\" \/>\n\t<meta property=\"og:image:height\" content=\"1110\" \/>\n\t<meta property=\"og:image:type\" content=\"image\/jpeg\" \/>\n<meta name=\"author\" content=\"adminOD\" \/>\n<meta name=\"twitter:card\" content=\"summary_large_image\" \/>\n<meta name=\"twitter:label1\" content=\"Verfasst von\" \/>\n\t<meta name=\"twitter:data1\" content=\"adminOD\" \/>\n\t<meta name=\"twitter:label2\" content=\"Gesch\u00e4tzte Lesezeit\" \/>\n\t<meta name=\"twitter:data2\" content=\"5 Minuten\" \/>\n<script type=\"application\/ld+json\" class=\"yoast-schema-graph\">{\"@context\":\"https:\/\/schema.org\",\"@graph\":[{\"@type\":\"WebPage\",\"@id\":\"https:\/\/www.madeinbz.info\/la-rete-per-il-welfare-compie-due-anni\/\",\"url\":\"https:\/\/www.madeinbz.info\/la-rete-per-il-welfare-compie-due-anni\/\",\"name\":\"La Rete per il welfare compie due anni - Industry is IN\",\"isPartOf\":{\"@id\":\"https:\/\/www.madeinbz.info\/#website\"},\"datePublished\":\"2019-07-11T08:00:51+00:00\",\"dateModified\":\"2019-07-19T09:22:31+00:00\",\"author\":{\"@id\":\"https:\/\/www.madeinbz.info\/#\/schema\/person\/ada1181a2c4cb0169ce6bb24c7a16be8\"},\"breadcrumb\":{\"@id\":\"https:\/\/www.madeinbz.info\/la-rete-per-il-welfare-compie-due-anni\/#breadcrumb\"},\"inLanguage\":\"de-DE\",\"potentialAction\":[{\"@type\":\"ReadAction\",\"target\":[\"https:\/\/www.madeinbz.info\/la-rete-per-il-welfare-compie-due-anni\/\"]}]},{\"@type\":\"BreadcrumbList\",\"@id\":\"https:\/\/www.madeinbz.info\/la-rete-per-il-welfare-compie-due-anni\/#breadcrumb\",\"itemListElement\":[{\"@type\":\"ListItem\",\"position\":1,\"name\":\"Home\",\"item\":\"https:\/\/www.madeinbz.info\/\"},{\"@type\":\"ListItem\",\"position\":2,\"name\":\"La Rete per il welfare compie due anni\"}]},{\"@type\":\"WebSite\",\"@id\":\"https:\/\/www.madeinbz.info\/#website\",\"url\":\"https:\/\/www.madeinbz.info\/\",\"name\":\"Industry is IN\",\"description\":\"Storie di aziende e persone dell\u2019industria altoatesina\",\"potentialAction\":[{\"@type\":\"SearchAction\",\"target\":{\"@type\":\"EntryPoint\",\"urlTemplate\":\"https:\/\/www.madeinbz.info\/?s={search_term_string}\"},\"query-input\":\"required name=search_term_string\"}],\"inLanguage\":\"de-DE\"},{\"@type\":\"Person\",\"@id\":\"https:\/\/www.madeinbz.info\/#\/schema\/person\/ada1181a2c4cb0169ce6bb24c7a16be8\",\"name\":\"adminOD\",\"image\":{\"@type\":\"ImageObject\",\"inLanguage\":\"de-DE\",\"@id\":\"https:\/\/www.madeinbz.info\/#\/schema\/person\/image\/\",\"url\":\"https:\/\/secure.gravatar.com\/avatar\/428c80be0104d62b42c7e8ccb85f963d?s=96&d=mm&r=g\",\"contentUrl\":\"https:\/\/secure.gravatar.com\/avatar\/428c80be0104d62b42c7e8ccb85f963d?s=96&d=mm&r=g\",\"caption\":\"adminOD\"},\"url\":\"https:\/\/www.industryisin.bz.it\/de\/author\/adminod\/\"}]}<\/script>\n<!-- \/ Yoast SEO plugin. -->","yoast_head_json":{"title":"La Rete per il welfare compie due anni - Industry is IN","robots":{"index":"index","follow":"follow","max-snippet":"max-snippet:-1","max-image-preview":"max-image-preview:large","max-video-preview":"max-video-preview:-1"},"canonical":"https:\/\/www.madeinbz.info\/la-rete-per-il-welfare-compie-due-anni\/","og_locale":"de_DE","og_type":"article","og_title":"La Rete per il welfare compie due anni - Industry is IN","og_description":"Ha compiuto due anni la rete di imprese altoatesina nata con lo scopo di realizzare per tutti i dipendenti delle aziende coinvolte un\u2019offerta strutturata di prestazioni e servizi di welfare aziendale. Le 10 aziende fondatrici nel frattempo sono diventate 23 e sono ormai oltre 5.600 i dipendenti che possono contare &#8211; accanto alla retribuzione tradizionale [&hellip;]","og_url":"https:\/\/www.madeinbz.info\/la-rete-per-il-welfare-compie-due-anni\/","og_site_name":"Industry is IN","article_published_time":"2019-07-11T08:00:51+00:00","article_modified_time":"2019-07-19T09:22:31+00:00","og_image":[{"width":1858,"height":1110,"url":"https:\/\/www.madeinbz.info\/wp-content\/uploads\/2019\/07\/rete-2.jpg","type":"image\/jpeg"}],"author":"adminOD","twitter_card":"summary_large_image","twitter_misc":{"Verfasst von":"adminOD","Gesch\u00e4tzte Lesezeit":"5 Minuten"},"schema":{"@context":"https:\/\/schema.org","@graph":[{"@type":"WebPage","@id":"https:\/\/www.madeinbz.info\/la-rete-per-il-welfare-compie-due-anni\/","url":"https:\/\/www.madeinbz.info\/la-rete-per-il-welfare-compie-due-anni\/","name":"La Rete per il welfare compie due anni - Industry is IN","isPartOf":{"@id":"https:\/\/www.madeinbz.info\/#website"},"datePublished":"2019-07-11T08:00:51+00:00","dateModified":"2019-07-19T09:22:31+00:00","author":{"@id":"https:\/\/www.madeinbz.info\/#\/schema\/person\/ada1181a2c4cb0169ce6bb24c7a16be8"},"breadcrumb":{"@id":"https:\/\/www.madeinbz.info\/la-rete-per-il-welfare-compie-due-anni\/#breadcrumb"},"inLanguage":"de-DE","potentialAction":[{"@type":"ReadAction","target":["https:\/\/www.madeinbz.info\/la-rete-per-il-welfare-compie-due-anni\/"]}]},{"@type":"BreadcrumbList","@id":"https:\/\/www.madeinbz.info\/la-rete-per-il-welfare-compie-due-anni\/#breadcrumb","itemListElement":[{"@type":"ListItem","position":1,"name":"Home","item":"https:\/\/www.madeinbz.info\/"},{"@type":"ListItem","position":2,"name":"La Rete per il welfare compie due anni"}]},{"@type":"WebSite","@id":"https:\/\/www.madeinbz.info\/#website","url":"https:\/\/www.madeinbz.info\/","name":"Industry is IN","description":"Storie di aziende e persone dell\u2019industria altoatesina","potentialAction":[{"@type":"SearchAction","target":{"@type":"EntryPoint","urlTemplate":"https:\/\/www.madeinbz.info\/?s={search_term_string}"},"query-input":"required name=search_term_string"}],"inLanguage":"de-DE"},{"@type":"Person","@id":"https:\/\/www.madeinbz.info\/#\/schema\/person\/ada1181a2c4cb0169ce6bb24c7a16be8","name":"adminOD","image":{"@type":"ImageObject","inLanguage":"de-DE","@id":"https:\/\/www.madeinbz.info\/#\/schema\/person\/image\/","url":"https:\/\/secure.gravatar.com\/avatar\/428c80be0104d62b42c7e8ccb85f963d?s=96&d=mm&r=g","contentUrl":"https:\/\/secure.gravatar.com\/avatar\/428c80be0104d62b42c7e8ccb85f963d?s=96&d=mm&r=g","caption":"adminOD"},"url":"https:\/\/www.industryisin.bz.it\/de\/author\/adminod\/"}]}},"_links":{"self":[{"href":"https:\/\/www.industryisin.bz.it\/de\/wp-json\/wp\/v2\/posts\/2360"}],"collection":[{"href":"https:\/\/www.industryisin.bz.it\/de\/wp-json\/wp\/v2\/posts"}],"about":[{"href":"https:\/\/www.industryisin.bz.it\/de\/wp-json\/wp\/v2\/types\/post"}],"author":[{"embeddable":true,"href":"https:\/\/www.industryisin.bz.it\/de\/wp-json\/wp\/v2\/users\/8"}],"replies":[{"embeddable":true,"href":"https:\/\/www.industryisin.bz.it\/de\/wp-json\/wp\/v2\/comments?post=2360"}],"version-history":[{"count":8,"href":"https:\/\/www.industryisin.bz.it\/de\/wp-json\/wp\/v2\/posts\/2360\/revisions"}],"predecessor-version":[{"id":2392,"href":"https:\/\/www.industryisin.bz.it\/de\/wp-json\/wp\/v2\/posts\/2360\/revisions\/2392"}],"wp:featuredmedia":[{"embeddable":true,"href":"https:\/\/www.industryisin.bz.it\/de\/wp-json\/wp\/v2\/media\/2389"}],"wp:attachment":[{"href":"https:\/\/www.industryisin.bz.it\/de\/wp-json\/wp\/v2\/media?parent=2360"}],"wp:term":[{"taxonomy":"category","embeddable":true,"href":"https:\/\/www.industryisin.bz.it\/de\/wp-json\/wp\/v2\/categories?post=2360"},{"taxonomy":"post_tag","embeddable":true,"href":"https:\/\/www.industryisin.bz.it\/de\/wp-json\/wp\/v2\/tags?post=2360"}],"curies":[{"name":"wp","href":"https:\/\/api.w.org\/{rel}","templated":true}]}}