{"id":2278,"date":"2019-06-13T08:00:50","date_gmt":"2019-06-13T06:00:50","guid":{"rendered":"https:\/\/www.industryisin.bz.it\/?p=2278"},"modified":"2019-06-12T15:11:48","modified_gmt":"2019-06-12T13:11:48","slug":"cortaccia-al-centro-del-mondo","status":"publish","type":"post","link":"https:\/\/www.industryisin.bz.it\/de\/cortaccia-al-centro-del-mondo\/","title":{"rendered":"Cortaccia al centro del mondo"},"content":{"rendered":"<p style=\"text-align: justify;\">Dal Cile al Canada, dall\u2019Australia al Giappone, dal Sudafrica alla Russia: i responsabili commerciali di <strong>Rothoblaas<\/strong>, provenienti da una cinquantina di nazioni di tuto il mondo, hanno fatto tappa a Cortaccia per l\u2019annuale meeting di presentazione delle novit\u00e0. Per un mese la Bassa Atesina ha ospitato complessivamente oltre 200 collaboratori della forza vendita dell\u2019azienda specializzata nello sviluppo di soluzioni tecnologiche per l\u2019edilizia in legno.<\/p>\n<div id=\"attachment_2288\" style=\"width: 210px\" class=\"wp-caption alignright\"><img aria-describedby=\"caption-attachment-2288\" decoding=\"async\" loading=\"lazy\" class=\"size-medium wp-image-2288\" src=\"https:\/\/www.industryisin.bz.it\/wp-content\/uploads\/2019\/06\/DSC_4865-200x300.jpg\" alt=\"\" width=\"200\" height=\"300\" srcset=\"https:\/\/www.industryisin.bz.it\/wp-content\/uploads\/2019\/06\/DSC_4865-200x300.jpg 200w, https:\/\/www.industryisin.bz.it\/wp-content\/uploads\/2019\/06\/DSC_4865-768x1152.jpg 768w, https:\/\/www.industryisin.bz.it\/wp-content\/uploads\/2019\/06\/DSC_4865-683x1024.jpg 683w, https:\/\/www.industryisin.bz.it\/wp-content\/uploads\/2019\/06\/DSC_4865-1920x2880.jpg 1920w\" sizes=\"(max-width: 200px) 100vw, 200px\" \/><p id=\"caption-attachment-2288\" class=\"wp-caption-text\">Soluzioni tecnologiche per l\u2019edilizia in legno<\/p><\/div>\n<p style=\"text-align: justify;\"><strong>Parola d\u2019ordine: internazionalizzazione.<\/strong><\/p>\n<p style=\"text-align: justify;\">I prodotti di Rothoblaas, che vanno dai sistemi per edifici multipiano, edilizia passiva e isolamento acustico fino ai sistemi di sicurezza per ambienti civili e industriali, sono messi a punto e certificati direttamente dall\u2019ufficio tecnico di Cortaccia, che conta 23 professionisti tra ingegneri, architetti e tecnici specializzati impegnati nello sviluppo delle diverse linee di prodotto, nella cura dei processi certificativi e nelle consulenze ai clienti. \u201cStiamo vivendo un processo di espansione internazionale che punta a consolidare i mercati internazionali gi\u00e0 attivi e aprirne di nuovi. Oggi la nostra forza vendita \u00e8 presente in quasi 50 nazioni, esportiamo ogni anno in pi\u00f9 di 70 paesi e contiamo 17 consociate in tutti i continenti. Il lavoro da fare \u00e8 ancora molto, ma stiamo percorrendo la via giusta per una crescita sana e stabile. Oltre alle novit\u00e0 di prodotto stiamo lavorando al prossimo ampliamento della sede centrale a Cortaccia. Si tratta del terzo dal 2004 ad oggi, una misura necessaria per seguire i ritmi con cui sta crescendo l\u2019azienda e il numero di persone che ci lavora. Abbiamo in programma un\u2019importante crescita dell\u2019organico nei prossimi anni e dobbiamo farci trovare preparati\u201d, dichiara <strong>Robert Blaas<\/strong>, fondatore e CEO di Rothoblaas che conta gi\u00e0 oggi circa 360 collaboratori.<\/p>\n<div id=\"attachment_2284\" style=\"width: 760px\" class=\"wp-caption alignleft\"><img aria-describedby=\"caption-attachment-2284\" decoding=\"async\" loading=\"lazy\" class=\"wp-image-2284 size-large\" src=\"https:\/\/www.industryisin.bz.it\/wp-content\/uploads\/2019\/06\/DSC_4950-1024x682.jpg\" alt=\"\" width=\"750\" height=\"500\" srcset=\"https:\/\/www.industryisin.bz.it\/wp-content\/uploads\/2019\/06\/DSC_4950-1024x682.jpg 1024w, https:\/\/www.industryisin.bz.it\/wp-content\/uploads\/2019\/06\/DSC_4950-300x200.jpg 300w, https:\/\/www.industryisin.bz.it\/wp-content\/uploads\/2019\/06\/DSC_4950-768x512.jpg 768w, https:\/\/www.industryisin.bz.it\/wp-content\/uploads\/2019\/06\/DSC_4950.jpg 1732w\" sizes=\"(max-width: 750px) 100vw, 750px\" \/><p id=\"caption-attachment-2284\" class=\"wp-caption-text\">Un brindisi alle nuove scarpe: Robert Blaas, Martin Mumelter e Peter Lang (da sin.)<\/p><\/div>\n<p style=\"text-align: justify;\"><strong>Valorizzare la terra di origine<\/strong><\/p>\n<p style=\"text-align: justify;\">Nonostante l\u2019espansione a livello internazionale all\u2019azienda dalla Bassa Atesina sta a cuore mantenere stretti legami con l\u2019Alto Adige. Da qui nasce anche la collaborazione con <strong>Corpus<\/strong> che per il recente meeting ha realizzato particolari scarpe firmate Rothoblaas. Ogni commerciale ha cos\u00ec potuto fare ritorno nel proprio paese di provenienza, portando ai piedi le nuove calzature simbolo del corporate aziendale. \u201cLe nostre scarpe sono frutto del lavoro artigianale italiano. Il cliente pu\u00f2 scegliere tra 12 modelli, diverse varianti e colori e insieme definiamo dove mettere il logo. Rothoblaas voleva fare una sorpresa ai suoi ospiti e anche per questo siamo riusciti a trovare una soluzione\u201d, spiega <strong>Martin Mumelter<\/strong>, titolare di Corpus., che da oltre 20 anni \u00e8 attiva nella fornitura di articoli promozionali.<\/p>\n","protected":false},"excerpt":{"rendered":"<p>Dal Cile al Canada, dall\u2019Australia al Giappone, dal Sudafrica alla Russia: i responsabili commerciali di Rothoblaas, provenienti da una cinquantina di nazioni di tuto il mondo, hanno fatto tappa a Cortaccia per l\u2019annuale meeting di presentazione delle novit\u00e0. Per un mese la Bassa Atesina ha ospitato complessivamente oltre 200 collaboratori della forza vendita dell\u2019azienda specializzata [&hellip;]<\/p>\n","protected":false},"author":11,"featured_media":2282,"comment_status":"closed","ping_status":"open","sticky":false,"template":"","format":"standard","meta":{"footnotes":""},"categories":[47],"tags":[241,240,242,239],"acf":[],"yoast_head":"<!-- This site is optimized with the Yoast SEO plugin v21.4 - https:\/\/yoast.com\/wordpress\/plugins\/seo\/ -->\n<title>Cortaccia al centro del mondo - Industry is IN<\/title>\n<meta name=\"robots\" content=\"index, follow, max-snippet:-1, max-image-preview:large, max-video-preview:-1\" \/>\n<link rel=\"canonical\" href=\"https:\/\/www.madeinbz.info\/cortaccia-al-centro-del-mondo\/\" \/>\n<meta property=\"og:locale\" content=\"de_DE\" \/>\n<meta property=\"og:type\" content=\"article\" \/>\n<meta property=\"og:title\" content=\"Cortaccia al centro del mondo - Industry is IN\" \/>\n<meta property=\"og:description\" content=\"Dal Cile al Canada, dall\u2019Australia al Giappone, dal Sudafrica alla Russia: i responsabili commerciali di Rothoblaas, provenienti da una cinquantina di nazioni di tuto il mondo, hanno fatto tappa a Cortaccia per l\u2019annuale meeting di presentazione delle novit\u00e0. Per un mese la Bassa Atesina ha ospitato complessivamente oltre 200 collaboratori della forza vendita dell\u2019azienda specializzata [&hellip;]\" \/>\n<meta property=\"og:url\" content=\"https:\/\/www.madeinbz.info\/cortaccia-al-centro-del-mondo\/\" \/>\n<meta property=\"og:site_name\" content=\"Industry is IN\" \/>\n<meta property=\"article:published_time\" content=\"2019-06-13T06:00:50+00:00\" \/>\n<meta property=\"article:modified_time\" content=\"2019-06-12T13:11:48+00:00\" \/>\n<meta property=\"og:image\" content=\"https:\/\/www.madeinbz.info\/wp-content\/uploads\/2019\/06\/titolo-1.jpg\" \/>\n\t<meta property=\"og:image:width\" content=\"1918\" \/>\n\t<meta property=\"og:image:height\" content=\"934\" \/>\n\t<meta property=\"og:image:type\" content=\"image\/jpeg\" \/>\n<meta name=\"author\" content=\"Carla Ghirardini\" \/>\n<meta name=\"twitter:card\" content=\"summary_large_image\" \/>\n<meta name=\"twitter:label1\" content=\"Verfasst von\" \/>\n\t<meta name=\"twitter:data1\" content=\"Carla Ghirardini\" \/>\n\t<meta name=\"twitter:label2\" content=\"Gesch\u00e4tzte Lesezeit\" \/>\n\t<meta name=\"twitter:data2\" content=\"2 Minuten\" \/>\n<script type=\"application\/ld+json\" class=\"yoast-schema-graph\">{\"@context\":\"https:\/\/schema.org\",\"@graph\":[{\"@type\":\"WebPage\",\"@id\":\"https:\/\/www.madeinbz.info\/cortaccia-al-centro-del-mondo\/\",\"url\":\"https:\/\/www.madeinbz.info\/cortaccia-al-centro-del-mondo\/\",\"name\":\"Cortaccia al centro del mondo - Industry is IN\",\"isPartOf\":{\"@id\":\"https:\/\/www.madeinbz.info\/#website\"},\"datePublished\":\"2019-06-13T06:00:50+00:00\",\"dateModified\":\"2019-06-12T13:11:48+00:00\",\"author\":{\"@id\":\"https:\/\/www.madeinbz.info\/#\/schema\/person\/3ffc59c2dec93db03a81599b133328b2\"},\"breadcrumb\":{\"@id\":\"https:\/\/www.madeinbz.info\/cortaccia-al-centro-del-mondo\/#breadcrumb\"},\"inLanguage\":\"de-DE\",\"potentialAction\":[{\"@type\":\"ReadAction\",\"target\":[\"https:\/\/www.madeinbz.info\/cortaccia-al-centro-del-mondo\/\"]}]},{\"@type\":\"BreadcrumbList\",\"@id\":\"https:\/\/www.madeinbz.info\/cortaccia-al-centro-del-mondo\/#breadcrumb\",\"itemListElement\":[{\"@type\":\"ListItem\",\"position\":1,\"name\":\"Home\",\"item\":\"https:\/\/www.madeinbz.info\/\"},{\"@type\":\"ListItem\",\"position\":2,\"name\":\"Cortaccia al centro del mondo\"}]},{\"@type\":\"WebSite\",\"@id\":\"https:\/\/www.madeinbz.info\/#website\",\"url\":\"https:\/\/www.madeinbz.info\/\",\"name\":\"Industry is IN\",\"description\":\"Storie di aziende e persone dell\u2019industria altoatesina\",\"potentialAction\":[{\"@type\":\"SearchAction\",\"target\":{\"@type\":\"EntryPoint\",\"urlTemplate\":\"https:\/\/www.madeinbz.info\/?s={search_term_string}\"},\"query-input\":\"required name=search_term_string\"}],\"inLanguage\":\"de-DE\"},{\"@type\":\"Person\",\"@id\":\"https:\/\/www.madeinbz.info\/#\/schema\/person\/3ffc59c2dec93db03a81599b133328b2\",\"name\":\"Carla Ghirardini\",\"image\":{\"@type\":\"ImageObject\",\"inLanguage\":\"de-DE\",\"@id\":\"https:\/\/www.madeinbz.info\/#\/schema\/person\/image\/\",\"url\":\"https:\/\/secure.gravatar.com\/avatar\/6845587f68a9b25e9253922f15a78296?s=96&d=mm&r=g\",\"contentUrl\":\"https:\/\/secure.gravatar.com\/avatar\/6845587f68a9b25e9253922f15a78296?s=96&d=mm&r=g\",\"caption\":\"Carla Ghirardini\"},\"url\":\"https:\/\/www.industryisin.bz.it\/de\/author\/carla\/\"}]}<\/script>\n<!-- \/ Yoast SEO plugin. -->","yoast_head_json":{"title":"Cortaccia al centro del mondo - Industry is IN","robots":{"index":"index","follow":"follow","max-snippet":"max-snippet:-1","max-image-preview":"max-image-preview:large","max-video-preview":"max-video-preview:-1"},"canonical":"https:\/\/www.madeinbz.info\/cortaccia-al-centro-del-mondo\/","og_locale":"de_DE","og_type":"article","og_title":"Cortaccia al centro del mondo - Industry is IN","og_description":"Dal Cile al Canada, dall\u2019Australia al Giappone, dal Sudafrica alla Russia: i responsabili commerciali di Rothoblaas, provenienti da una cinquantina di nazioni di tuto il mondo, hanno fatto tappa a Cortaccia per l\u2019annuale meeting di presentazione delle novit\u00e0. Per un mese la Bassa Atesina ha ospitato complessivamente oltre 200 collaboratori della forza vendita dell\u2019azienda specializzata [&hellip;]","og_url":"https:\/\/www.madeinbz.info\/cortaccia-al-centro-del-mondo\/","og_site_name":"Industry is IN","article_published_time":"2019-06-13T06:00:50+00:00","article_modified_time":"2019-06-12T13:11:48+00:00","og_image":[{"width":1918,"height":934,"url":"https:\/\/www.madeinbz.info\/wp-content\/uploads\/2019\/06\/titolo-1.jpg","type":"image\/jpeg"}],"author":"Carla Ghirardini","twitter_card":"summary_large_image","twitter_misc":{"Verfasst von":"Carla Ghirardini","Gesch\u00e4tzte Lesezeit":"2 Minuten"},"schema":{"@context":"https:\/\/schema.org","@graph":[{"@type":"WebPage","@id":"https:\/\/www.madeinbz.info\/cortaccia-al-centro-del-mondo\/","url":"https:\/\/www.madeinbz.info\/cortaccia-al-centro-del-mondo\/","name":"Cortaccia al centro del mondo - Industry is IN","isPartOf":{"@id":"https:\/\/www.madeinbz.info\/#website"},"datePublished":"2019-06-13T06:00:50+00:00","dateModified":"2019-06-12T13:11:48+00:00","author":{"@id":"https:\/\/www.madeinbz.info\/#\/schema\/person\/3ffc59c2dec93db03a81599b133328b2"},"breadcrumb":{"@id":"https:\/\/www.madeinbz.info\/cortaccia-al-centro-del-mondo\/#breadcrumb"},"inLanguage":"de-DE","potentialAction":[{"@type":"ReadAction","target":["https:\/\/www.madeinbz.info\/cortaccia-al-centro-del-mondo\/"]}]},{"@type":"BreadcrumbList","@id":"https:\/\/www.madeinbz.info\/cortaccia-al-centro-del-mondo\/#breadcrumb","itemListElement":[{"@type":"ListItem","position":1,"name":"Home","item":"https:\/\/www.madeinbz.info\/"},{"@type":"ListItem","position":2,"name":"Cortaccia al centro del mondo"}]},{"@type":"WebSite","@id":"https:\/\/www.madeinbz.info\/#website","url":"https:\/\/www.madeinbz.info\/","name":"Industry is IN","description":"Storie di aziende e persone dell\u2019industria altoatesina","potentialAction":[{"@type":"SearchAction","target":{"@type":"EntryPoint","urlTemplate":"https:\/\/www.madeinbz.info\/?s={search_term_string}"},"query-input":"required name=search_term_string"}],"inLanguage":"de-DE"},{"@type":"Person","@id":"https:\/\/www.madeinbz.info\/#\/schema\/person\/3ffc59c2dec93db03a81599b133328b2","name":"Carla Ghirardini","image":{"@type":"ImageObject","inLanguage":"de-DE","@id":"https:\/\/www.madeinbz.info\/#\/schema\/person\/image\/","url":"https:\/\/secure.gravatar.com\/avatar\/6845587f68a9b25e9253922f15a78296?s=96&d=mm&r=g","contentUrl":"https:\/\/secure.gravatar.com\/avatar\/6845587f68a9b25e9253922f15a78296?s=96&d=mm&r=g","caption":"Carla Ghirardini"},"url":"https:\/\/www.industryisin.bz.it\/de\/author\/carla\/"}]}},"_links":{"self":[{"href":"https:\/\/www.industryisin.bz.it\/de\/wp-json\/wp\/v2\/posts\/2278"}],"collection":[{"href":"https:\/\/www.industryisin.bz.it\/de\/wp-json\/wp\/v2\/posts"}],"about":[{"href":"https:\/\/www.industryisin.bz.it\/de\/wp-json\/wp\/v2\/types\/post"}],"author":[{"embeddable":true,"href":"https:\/\/www.industryisin.bz.it\/de\/wp-json\/wp\/v2\/users\/11"}],"replies":[{"embeddable":true,"href":"https:\/\/www.industryisin.bz.it\/de\/wp-json\/wp\/v2\/comments?post=2278"}],"version-history":[{"count":6,"href":"https:\/\/www.industryisin.bz.it\/de\/wp-json\/wp\/v2\/posts\/2278\/revisions"}],"predecessor-version":[{"id":2290,"href":"https:\/\/www.industryisin.bz.it\/de\/wp-json\/wp\/v2\/posts\/2278\/revisions\/2290"}],"wp:featuredmedia":[{"embeddable":true,"href":"https:\/\/www.industryisin.bz.it\/de\/wp-json\/wp\/v2\/media\/2282"}],"wp:attachment":[{"href":"https:\/\/www.industryisin.bz.it\/de\/wp-json\/wp\/v2\/media?parent=2278"}],"wp:term":[{"taxonomy":"category","embeddable":true,"href":"https:\/\/www.industryisin.bz.it\/de\/wp-json\/wp\/v2\/categories?post=2278"},{"taxonomy":"post_tag","embeddable":true,"href":"https:\/\/www.industryisin.bz.it\/de\/wp-json\/wp\/v2\/tags?post=2278"}],"curies":[{"name":"wp","href":"https:\/\/api.w.org\/{rel}","templated":true}]}}