{"id":2064,"date":"2019-03-28T08:00:15","date_gmt":"2019-03-28T07:00:15","guid":{"rendered":"https:\/\/www.industryisin.bz.it\/?p=2064"},"modified":"2019-03-27T15:47:46","modified_gmt":"2019-03-27T14:47:46","slug":"da-stagista-a-responsabile-di-settore-si-puo","status":"publish","type":"post","link":"https:\/\/www.industryisin.bz.it\/de\/da-stagista-a-responsabile-di-settore-si-puo\/","title":{"rendered":"Da stagista a responsabile di settore: si pu\u00f2!"},"content":{"rendered":"<p style=\"text-align: justify;\">Quando \u00e8 ritornato in Alto Adige, <strong>Alberto Borgo<\/strong> ha iniziato a guardarsi in giro per cercare un lavoro. Aveva avuto esperienze in MAN e MTU e gli sarebbe, quindi, piaciuto rimanere nel settore automotive, cos\u00ec tramite un\u2019agenzia per il lavoro \u00e8 approdato in <strong>Autotest<\/strong>, fornitore leader di particolari in materie plastiche per note case automobilistiche. \u201cQuando mi hanno proposto uno stage, avevo dei dubbi. E poi mi sono detto\u2026.perch\u00e8 no? Proviamo! Quella \u00e8 stata sicuramente una delle decisioni pi\u00f9 azzeccate che io abbia mai preso. Dopo un mese ero gi\u00e0 assunto con un contratto a tempo determinato\u201d, racconta Alberto Borgo, che era stato in Germania, come \u201cfree mover\u201d ad Amburgo e per un periodo di Erasmus a Brema.<\/p>\n<p style=\"text-align: justify;\"><strong>Lo stage apre le porte<\/strong><\/p>\n<div id=\"attachment_2070\" style=\"width: 650px\" class=\"wp-caption alignright\"><img aria-describedby=\"caption-attachment-2070\" decoding=\"async\" loading=\"lazy\" class=\"size-full wp-image-2070\" src=\"https:\/\/www.industryisin.bz.it\/wp-content\/uploads\/2019\/03\/IMG_0071.jpg\" alt=\"\" width=\"640\" height=\"480\" srcset=\"https:\/\/www.industryisin.bz.it\/wp-content\/uploads\/2019\/03\/IMG_0071.jpg 640w, https:\/\/www.industryisin.bz.it\/wp-content\/uploads\/2019\/03\/IMG_0071-300x225.jpg 300w\" sizes=\"(max-width: 640px) 100vw, 640px\" \/><p id=\"caption-attachment-2070\" class=\"wp-caption-text\">Ha visto in lui delle potenzialit\u00e0: Alberto Borgo (a sin.) con l&#8217;allora responsabile della qualit\u00e0, Gabriel Rabensteiner<\/p><\/div>\n<p style=\"text-align: justify;\">In giugno 2015 Alberto inizia il suo stage nel reparto qualit\u00e0, dove viene seguito e formato dal responsabile Gabriel Rabensteiner e dai colleghi del reparto: \u201cTutti mi hanno accolto benissimo e insegnato tutto quello che potevano. Mi sono trovato subito molto bene perch\u00e9 sono stato integrato nel team come fossi un collega a tutti gli effetti. E dopo soltanto un mese lo sono diventato! Ero felicissimo dell\u2019opportunit\u00e0 che mi stavano offrendo e ho anche pensato che se solo un mese prima non avessi accettato lo stage, non sarei probabilmente mai entrato nel team Autotest. In seguito ho scoperto che i responsabili del personale e di reparto avevano visto in me delle potenzialit\u00e0, che durante lo stage ho dimostrato di poter sviluppare\u201d, ricorda Borgo che da responsabile qualit\u00e0 per alcuni clienti come VW e AMG \u00e8 passato presto al controllo qualit\u00e0 dei progetti in serie. Ma le soprese non erano ancora finite: dopo un anno Alberto ha intrapreso le attivit\u00e0 di auditing interno e di supporto agli audit dei clienti e certificazioni del mondo automotive.<\/p>\n<p style=\"text-align: justify;\"><strong>Spazio ai giovani<\/strong><\/p>\n<p style=\"text-align: justify;\">Nel 2017 il Gruppo Autotest avvia un programma di riorganizzazione e Alberto Borgo viene scelto come responsabile del Relocation Plan della produzione dalla sede italiana di Lana a quella tedesca a Eisenach, seguendo direttamente tutti i clienti coinvolti. I cambiamenti per lui non erano per\u00f2 ancora finiti: \u201cAll\u2019inizio del 2018 entro a far parte dell\u2019IMS (Integrate Management System) che si occupa di auditing e qualit\u00e0 interna con l\u2019obiettivo di standardizzare i processi e la loro conformit\u00e0 alla normativa vigente per tutto il Gruppo Autotest. Dall\u2019inizio di quest\u2019anno \u2013 a soli 30 anni e dopo solo quattro anni dall\u2019assunzione &#8211; sono a capo del reparto IMS che si occupa della gestione del sistema qualit\u00e0 e di auditing per tutto il Gruppo!. Non ci sono sicuramente molte aziende che come Autotest credono nei giovani, danno loro spazio per crescere e svilupparsi. Da noi, invece, fa parte della nostra filosofia e del nostro modo di pensare!\u201d<\/p>\n<p style=\"text-align: justify;\"><strong>La forza del gruppo<\/strong><\/p>\n<p style=\"text-align: justify;\">La stretta collaborazione con i clienti di quel mondo, l\u2019automotive, in cui avrebbe voluto lavorare \u00e8 proprio uno degli aspetti del suo lavoro che piacciono particolarmente a Alberto. \u201cMi piace poi molto lavorare con i colleghi di altri reparti per analizzare e risolvere insieme le diverse problematiche. In azienda c\u2019\u00e8 il giusto mix di esperienza e giovent\u00f9: i nuovi collaboratori vengono aiutati nella loro crescita dai colleghi con maggiore esperienza che ricevono una carica di energia e entusiasmo dai pi\u00f9 giovani. Attualmente la sfida pi\u00f9 grande per me \u00e8 riuscire a standardizzare il lavoro di tre stabilimenti diversi, dando a tutti una struttura univoca, funzionale e snella. E\u2019 un compito impegnativo, ma anche stimolante, che mi piace poter affrontare con i colleghi. Da noi c\u2019\u00e8, infatti, un grande senso di team che si riflette anche sui rapporti personali, molto amichevoli e aperti. Il clima \u00e8 assolutamente positivo e costruttivo\u201d, conclude Alberto Borgo che anche nel tempo libero vive a pieno i suoi trent\u2019anni con un po\u2019 di sport in amicizia, musica dal vivo e soprattutto viaggi per conoscere il mondo.<\/p>\n<div id=\"attachment_2066\" style=\"width: 970px\" class=\"wp-caption aligncenter\"><img aria-describedby=\"caption-attachment-2066\" decoding=\"async\" loading=\"lazy\" class=\"size-full wp-image-2066\" src=\"https:\/\/www.industryisin.bz.it\/wp-content\/uploads\/2019\/03\/12107977_10206508803616160_7388537932512509307_n.jpg\" alt=\"\" width=\"960\" height=\"641\" srcset=\"https:\/\/www.industryisin.bz.it\/wp-content\/uploads\/2019\/03\/12107977_10206508803616160_7388537932512509307_n.jpg 960w, https:\/\/www.industryisin.bz.it\/wp-content\/uploads\/2019\/03\/12107977_10206508803616160_7388537932512509307_n-300x200.jpg 300w, https:\/\/www.industryisin.bz.it\/wp-content\/uploads\/2019\/03\/12107977_10206508803616160_7388537932512509307_n-768x513.jpg 768w\" sizes=\"(max-width: 960px) 100vw, 960px\" \/><p id=\"caption-attachment-2066\" class=\"wp-caption-text\">Viaggiare: la grande passione che Alberto coltiva nel tempo libero.<\/p><\/div>\n","protected":false},"excerpt":{"rendered":"<p>Quando \u00e8 ritornato in Alto Adige, Alberto Borgo ha iniziato a guardarsi in giro per cercare un lavoro. Aveva avuto esperienze in MAN e MTU e gli sarebbe, quindi, piaciuto rimanere nel settore automotive, cos\u00ec tramite un\u2019agenzia per il lavoro \u00e8 approdato in Autotest, fornitore leader di particolari in materie plastiche per note case automobilistiche. [&hellip;]<\/p>\n","protected":false},"author":11,"featured_media":2068,"comment_status":"closed","ping_status":"open","sticky":false,"template":"","format":"standard","meta":{"footnotes":""},"categories":[48],"tags":[209,122,137],"acf":[],"yoast_head":"<!-- This site is optimized with the Yoast SEO plugin v21.4 - https:\/\/yoast.com\/wordpress\/plugins\/seo\/ -->\n<title>Da stagista a responsabile di settore: si pu\u00f2! - Industry is IN<\/title>\n<meta name=\"robots\" content=\"index, follow, max-snippet:-1, max-image-preview:large, max-video-preview:-1\" \/>\n<link rel=\"canonical\" href=\"https:\/\/www.madeinbz.info\/da-stagista-a-responsabile-di-settore-si-puo\/\" \/>\n<meta property=\"og:locale\" content=\"de_DE\" \/>\n<meta property=\"og:type\" content=\"article\" \/>\n<meta property=\"og:title\" content=\"Da stagista a responsabile di settore: si pu\u00f2! - Industry is IN\" \/>\n<meta property=\"og:description\" content=\"Quando \u00e8 ritornato in Alto Adige, Alberto Borgo ha iniziato a guardarsi in giro per cercare un lavoro. Aveva avuto esperienze in MAN e MTU e gli sarebbe, quindi, piaciuto rimanere nel settore automotive, cos\u00ec tramite un\u2019agenzia per il lavoro \u00e8 approdato in Autotest, fornitore leader di particolari in materie plastiche per note case automobilistiche. [&hellip;]\" \/>\n<meta property=\"og:url\" content=\"https:\/\/www.madeinbz.info\/da-stagista-a-responsabile-di-settore-si-puo\/\" \/>\n<meta property=\"og:site_name\" content=\"Industry is IN\" \/>\n<meta property=\"article:published_time\" content=\"2019-03-28T07:00:15+00:00\" \/>\n<meta property=\"article:modified_time\" content=\"2019-03-27T14:47:46+00:00\" \/>\n<meta property=\"og:image\" content=\"https:\/\/www.madeinbz.info\/wp-content\/uploads\/2019\/03\/40520207_10217405096343070_3918309878300409856_o.jpg\" \/>\n\t<meta property=\"og:image:width\" content=\"2048\" \/>\n\t<meta property=\"og:image:height\" content=\"1364\" \/>\n\t<meta property=\"og:image:type\" content=\"image\/jpeg\" \/>\n<meta name=\"author\" content=\"Carla Ghirardini\" \/>\n<meta name=\"twitter:card\" content=\"summary_large_image\" \/>\n<meta name=\"twitter:label1\" content=\"Verfasst von\" \/>\n\t<meta name=\"twitter:data1\" content=\"Carla Ghirardini\" \/>\n\t<meta name=\"twitter:label2\" content=\"Gesch\u00e4tzte Lesezeit\" \/>\n\t<meta name=\"twitter:data2\" content=\"3 Minuten\" \/>\n<script type=\"application\/ld+json\" class=\"yoast-schema-graph\">{\"@context\":\"https:\/\/schema.org\",\"@graph\":[{\"@type\":\"WebPage\",\"@id\":\"https:\/\/www.madeinbz.info\/da-stagista-a-responsabile-di-settore-si-puo\/\",\"url\":\"https:\/\/www.madeinbz.info\/da-stagista-a-responsabile-di-settore-si-puo\/\",\"name\":\"Da stagista a responsabile di settore: si pu\u00f2! - Industry is IN\",\"isPartOf\":{\"@id\":\"https:\/\/www.madeinbz.info\/#website\"},\"datePublished\":\"2019-03-28T07:00:15+00:00\",\"dateModified\":\"2019-03-27T14:47:46+00:00\",\"author\":{\"@id\":\"https:\/\/www.madeinbz.info\/#\/schema\/person\/3ffc59c2dec93db03a81599b133328b2\"},\"breadcrumb\":{\"@id\":\"https:\/\/www.madeinbz.info\/da-stagista-a-responsabile-di-settore-si-puo\/#breadcrumb\"},\"inLanguage\":\"de-DE\",\"potentialAction\":[{\"@type\":\"ReadAction\",\"target\":[\"https:\/\/www.madeinbz.info\/da-stagista-a-responsabile-di-settore-si-puo\/\"]}]},{\"@type\":\"BreadcrumbList\",\"@id\":\"https:\/\/www.madeinbz.info\/da-stagista-a-responsabile-di-settore-si-puo\/#breadcrumb\",\"itemListElement\":[{\"@type\":\"ListItem\",\"position\":1,\"name\":\"Home\",\"item\":\"https:\/\/www.madeinbz.info\/\"},{\"@type\":\"ListItem\",\"position\":2,\"name\":\"Da stagista a responsabile di settore: si pu\u00f2!\"}]},{\"@type\":\"WebSite\",\"@id\":\"https:\/\/www.madeinbz.info\/#website\",\"url\":\"https:\/\/www.madeinbz.info\/\",\"name\":\"Industry is IN\",\"description\":\"Storie di aziende e persone dell\u2019industria altoatesina\",\"potentialAction\":[{\"@type\":\"SearchAction\",\"target\":{\"@type\":\"EntryPoint\",\"urlTemplate\":\"https:\/\/www.madeinbz.info\/?s={search_term_string}\"},\"query-input\":\"required name=search_term_string\"}],\"inLanguage\":\"de-DE\"},{\"@type\":\"Person\",\"@id\":\"https:\/\/www.madeinbz.info\/#\/schema\/person\/3ffc59c2dec93db03a81599b133328b2\",\"name\":\"Carla Ghirardini\",\"image\":{\"@type\":\"ImageObject\",\"inLanguage\":\"de-DE\",\"@id\":\"https:\/\/www.madeinbz.info\/#\/schema\/person\/image\/\",\"url\":\"https:\/\/secure.gravatar.com\/avatar\/6845587f68a9b25e9253922f15a78296?s=96&d=mm&r=g\",\"contentUrl\":\"https:\/\/secure.gravatar.com\/avatar\/6845587f68a9b25e9253922f15a78296?s=96&d=mm&r=g\",\"caption\":\"Carla Ghirardini\"},\"url\":\"https:\/\/www.industryisin.bz.it\/de\/author\/carla\/\"}]}<\/script>\n<!-- \/ Yoast SEO plugin. -->","yoast_head_json":{"title":"Da stagista a responsabile di settore: si pu\u00f2! - Industry is IN","robots":{"index":"index","follow":"follow","max-snippet":"max-snippet:-1","max-image-preview":"max-image-preview:large","max-video-preview":"max-video-preview:-1"},"canonical":"https:\/\/www.madeinbz.info\/da-stagista-a-responsabile-di-settore-si-puo\/","og_locale":"de_DE","og_type":"article","og_title":"Da stagista a responsabile di settore: si pu\u00f2! - Industry is IN","og_description":"Quando \u00e8 ritornato in Alto Adige, Alberto Borgo ha iniziato a guardarsi in giro per cercare un lavoro. Aveva avuto esperienze in MAN e MTU e gli sarebbe, quindi, piaciuto rimanere nel settore automotive, cos\u00ec tramite un\u2019agenzia per il lavoro \u00e8 approdato in Autotest, fornitore leader di particolari in materie plastiche per note case automobilistiche. [&hellip;]","og_url":"https:\/\/www.madeinbz.info\/da-stagista-a-responsabile-di-settore-si-puo\/","og_site_name":"Industry is IN","article_published_time":"2019-03-28T07:00:15+00:00","article_modified_time":"2019-03-27T14:47:46+00:00","og_image":[{"width":2048,"height":1364,"url":"https:\/\/www.madeinbz.info\/wp-content\/uploads\/2019\/03\/40520207_10217405096343070_3918309878300409856_o.jpg","type":"image\/jpeg"}],"author":"Carla Ghirardini","twitter_card":"summary_large_image","twitter_misc":{"Verfasst von":"Carla Ghirardini","Gesch\u00e4tzte Lesezeit":"3 Minuten"},"schema":{"@context":"https:\/\/schema.org","@graph":[{"@type":"WebPage","@id":"https:\/\/www.madeinbz.info\/da-stagista-a-responsabile-di-settore-si-puo\/","url":"https:\/\/www.madeinbz.info\/da-stagista-a-responsabile-di-settore-si-puo\/","name":"Da stagista a responsabile di settore: si pu\u00f2! - Industry is IN","isPartOf":{"@id":"https:\/\/www.madeinbz.info\/#website"},"datePublished":"2019-03-28T07:00:15+00:00","dateModified":"2019-03-27T14:47:46+00:00","author":{"@id":"https:\/\/www.madeinbz.info\/#\/schema\/person\/3ffc59c2dec93db03a81599b133328b2"},"breadcrumb":{"@id":"https:\/\/www.madeinbz.info\/da-stagista-a-responsabile-di-settore-si-puo\/#breadcrumb"},"inLanguage":"de-DE","potentialAction":[{"@type":"ReadAction","target":["https:\/\/www.madeinbz.info\/da-stagista-a-responsabile-di-settore-si-puo\/"]}]},{"@type":"BreadcrumbList","@id":"https:\/\/www.madeinbz.info\/da-stagista-a-responsabile-di-settore-si-puo\/#breadcrumb","itemListElement":[{"@type":"ListItem","position":1,"name":"Home","item":"https:\/\/www.madeinbz.info\/"},{"@type":"ListItem","position":2,"name":"Da stagista a responsabile di settore: si pu\u00f2!"}]},{"@type":"WebSite","@id":"https:\/\/www.madeinbz.info\/#website","url":"https:\/\/www.madeinbz.info\/","name":"Industry is IN","description":"Storie di aziende e persone dell\u2019industria altoatesina","potentialAction":[{"@type":"SearchAction","target":{"@type":"EntryPoint","urlTemplate":"https:\/\/www.madeinbz.info\/?s={search_term_string}"},"query-input":"required name=search_term_string"}],"inLanguage":"de-DE"},{"@type":"Person","@id":"https:\/\/www.madeinbz.info\/#\/schema\/person\/3ffc59c2dec93db03a81599b133328b2","name":"Carla Ghirardini","image":{"@type":"ImageObject","inLanguage":"de-DE","@id":"https:\/\/www.madeinbz.info\/#\/schema\/person\/image\/","url":"https:\/\/secure.gravatar.com\/avatar\/6845587f68a9b25e9253922f15a78296?s=96&d=mm&r=g","contentUrl":"https:\/\/secure.gravatar.com\/avatar\/6845587f68a9b25e9253922f15a78296?s=96&d=mm&r=g","caption":"Carla Ghirardini"},"url":"https:\/\/www.industryisin.bz.it\/de\/author\/carla\/"}]}},"_links":{"self":[{"href":"https:\/\/www.industryisin.bz.it\/de\/wp-json\/wp\/v2\/posts\/2064"}],"collection":[{"href":"https:\/\/www.industryisin.bz.it\/de\/wp-json\/wp\/v2\/posts"}],"about":[{"href":"https:\/\/www.industryisin.bz.it\/de\/wp-json\/wp\/v2\/types\/post"}],"author":[{"embeddable":true,"href":"https:\/\/www.industryisin.bz.it\/de\/wp-json\/wp\/v2\/users\/11"}],"replies":[{"embeddable":true,"href":"https:\/\/www.industryisin.bz.it\/de\/wp-json\/wp\/v2\/comments?post=2064"}],"version-history":[{"count":3,"href":"https:\/\/www.industryisin.bz.it\/de\/wp-json\/wp\/v2\/posts\/2064\/revisions"}],"predecessor-version":[{"id":2073,"href":"https:\/\/www.industryisin.bz.it\/de\/wp-json\/wp\/v2\/posts\/2064\/revisions\/2073"}],"wp:featuredmedia":[{"embeddable":true,"href":"https:\/\/www.industryisin.bz.it\/de\/wp-json\/wp\/v2\/media\/2068"}],"wp:attachment":[{"href":"https:\/\/www.industryisin.bz.it\/de\/wp-json\/wp\/v2\/media?parent=2064"}],"wp:term":[{"taxonomy":"category","embeddable":true,"href":"https:\/\/www.industryisin.bz.it\/de\/wp-json\/wp\/v2\/categories?post=2064"},{"taxonomy":"post_tag","embeddable":true,"href":"https:\/\/www.industryisin.bz.it\/de\/wp-json\/wp\/v2\/tags?post=2064"}],"curies":[{"name":"wp","href":"https:\/\/api.w.org\/{rel}","templated":true}]}}