{"id":2040,"date":"2019-03-21T07:22:29","date_gmt":"2019-03-21T06:22:29","guid":{"rendered":"https:\/\/www.industryisin.bz.it\/?p=2040"},"modified":"2019-03-08T09:23:09","modified_gmt":"2019-03-08T08:23:09","slug":"der-neue-tower","status":"publish","type":"post","link":"https:\/\/www.industryisin.bz.it\/de\/der-neue-tower\/","title":{"rendered":"Der neue &#8222;Tower&#8220;"},"content":{"rendered":"<p>Die Zahlen des Neubaus in der Bozner Schlachthofstra\u00dfe sind beeindruckend: zw\u00f6lf Stockwerke hoch, eine Au\u00dfenfassade mit 532 Fenster, ein Gartengeschoss auf 14 Metern H\u00f6he, Platz f\u00fcr bis zu 300 Mitarbeiterinnen und Mitarbeiter. \u201eEs ging uns aber nicht darum, einen Prunkbau zu errichten, sondern in erster Linie um Funktionalit\u00e4t und um das Vorausschauen\u201c, sagt der Gesch\u00e4ftsf\u00fchrende Gesellschafter <strong>Christoph Kasslatter<\/strong> \u00fcber den neuen Sitz des S\u00fcdtiroler Familienunternehmens, das sich in \u00fcber 30 Jahren Erfahrung zu einem international agierenden Dienstleistungsunternehmen mit mehr als 9.000 Mitarbeitern in Italien, \u00d6sterreich, Deutschland und Rum\u00e4nien entwickelt hat.<\/p>\n<div id=\"attachment_2034\" style=\"width: 693px\" class=\"wp-caption alignleft\"><img aria-describedby=\"caption-attachment-2034\" decoding=\"async\" loading=\"lazy\" class=\"wp-image-2034 size-large\" src=\"https:\/\/www.industryisin.bz.it\/wp-content\/uploads\/2019\/03\/Christoph-Kasslatter-683x1024.jpg\" alt=\"\" width=\"683\" height=\"1024\" srcset=\"https:\/\/www.industryisin.bz.it\/wp-content\/uploads\/2019\/03\/Christoph-Kasslatter-683x1024.jpg 683w, https:\/\/www.industryisin.bz.it\/wp-content\/uploads\/2019\/03\/Christoph-Kasslatter-200x300.jpg 200w, https:\/\/www.industryisin.bz.it\/wp-content\/uploads\/2019\/03\/Christoph-Kasslatter-768x1151.jpg 768w, https:\/\/www.industryisin.bz.it\/wp-content\/uploads\/2019\/03\/Christoph-Kasslatter.jpg 1001w\" sizes=\"(max-width: 683px) 100vw, 683px\" \/><p id=\"caption-attachment-2034\" class=\"wp-caption-text\">Christoph Kasslatter, Firmenchef des Bozner Familienunternehmens Markas<\/p><\/div>\n<p>\u201eWir wollten \u2013 so Kasslatter weiter \u2013 aus den uns zur Verf\u00fcgung stehenden Ressourcen das nachhaltigste Projekt realisieren und haben daf\u00fcr einen Architekturwettbewerb ausgeschrieben. Das Architekturb\u00fcro ATP aus Innsbruck hat unsere Ausschreibung gewonnen\u201c.<\/p>\n<p>Einen entscheidenden Beitrag f\u00fcr die Entwicklung des Projekts haben aber vor allem die Mitarbeiter des Unternehmen gegeben, wie Kasslatter erkl\u00e4rt: \u201eEine gro\u00dfe Neuerung im \u201eMarkas Tower\u201c ist ein schl\u00fcssiges und vor allem effizientes Raumkonzept, das genau auf die Bed\u00fcrfnisse der einzelnen Abteilungen abgestimmt ist. Als Familienunternehmen im Dienstleistungssektor steht der Mensch bei uns im Mittelpunkt: Unsere Mitarbeiter sollen sich in ihrem Arbeitsumfeld wohlf\u00fchlen. <strong>Um allen Bed\u00fcrfnissen gerecht zu werden, haben wir uns entschieden, unsere Mitarbeiter aktiv in den Planungsprozess miteinzubeziehen.<\/strong> Es wurden interne Arbeitsgruppen gebildet, die die unterschiedlichsten Aspekte der Geb\u00e4udebenutzung \u2013 vom Empfang der Kunden und G\u00e4ste bis hin zur Mitgestaltung der verschiedenen Funktionszonen der Arbeitspl\u00e4tze \u2013 ausarbeiteten und die sich daraus ergebenen Anforderungen definierten. Das Ergebnis ist ein f\u00fcr uns einmaliges Raumkonzept, das allen Mitarbeitern die Freiheit einr\u00e4umt, selbst zu entscheiden, in welchem Ambiente sie ihre t\u00e4gliche Arbeit verrichten m\u00f6chten\u201c. Die B\u00fcroetagen sind auf Grundlage eines offenen Raumkonzeptes gestaltet. Neben den modernen Arbeitspl\u00e4tzen stehen den Mitarbeitern zus\u00e4tzlich auch flexible Pl\u00e4tze zur Verf\u00fcgung, welche allen die M\u00f6glichkeit bieten, die f\u00fcr die jeweilige Arbeit am besten geeigneten Bereiche frei auszusuchen.<\/p>\n<p>Von den zw\u00f6lf Stockwerken werden nur die obersten vier als B\u00fcroetagen genutzt . Im Eingangsbereich befindet sich zum einen die Rezeption, zum anderen Sitzungsr\u00e4ume f\u00fcr Kunden und G\u00e4ste. Auch eine Kunstinstallation sowie ein Kunstgem\u00e4lde haben in der Lobby Platz gefunden. <strong>Im vierten Stock befinden sich die h\u00e4ngenden G\u00e4rten, eine Art \u201egr\u00fcne Oase\u201c, die auch als Erholungszone dienen soll.<\/strong> In der Mittags- sowie in der Kaffeepause k\u00f6nnen sich die Mitarbeiter in die Cafeteria oder auf die Terrasse im sechsten Stock zur\u00fcckziehen. Sogar ein Fitnessstudio ist im neuen Geb\u00e4ude untergebracht, das den Mitarbeitern eine weitere M\u00f6glichkeit bietet, um sich zu treffen, sich auszutauschen sowie wieder Energien tanken zu k\u00f6nnen.<\/p>\n<div id=\"attachment_2036\" style=\"width: 760px\" class=\"wp-caption aligncenter\"><img aria-describedby=\"caption-attachment-2036\" decoding=\"async\" loading=\"lazy\" class=\"wp-image-2036 size-large\" src=\"https:\/\/www.industryisin.bz.it\/wp-content\/uploads\/2019\/03\/Eingangsbereich-1024x761.jpg\" alt=\"\" width=\"750\" height=\"557\" srcset=\"https:\/\/www.industryisin.bz.it\/wp-content\/uploads\/2019\/03\/Eingangsbereich-1024x761.jpg 1024w, https:\/\/www.industryisin.bz.it\/wp-content\/uploads\/2019\/03\/Eingangsbereich-300x223.jpg 300w, https:\/\/www.industryisin.bz.it\/wp-content\/uploads\/2019\/03\/Eingangsbereich-768x570.jpg 768w, https:\/\/www.industryisin.bz.it\/wp-content\/uploads\/2019\/03\/Eingangsbereich-1920x1426.jpg 1920w\" sizes=\"(max-width: 750px) 100vw, 750px\" \/><p id=\"caption-attachment-2036\" class=\"wp-caption-text\">Der Eingangsbereich des neuen Sitzes in der Schlachthofstra\u00dfe<\/p><\/div>\n<p>Die Entscheidung, in Bozen zu investieren, begr\u00fcndet Kasslatter so: \u201e<strong>Wir haben unsere Wurzeln hier in Bozen. Hier wollen wir auch weiter wachsen<\/strong> und in die Zukunft unseres Unternehmens investieren. Der \u201eMarkas Tower\u201c ist Ausdruck unseres Bestrebens, den Standort Bozen zum Dreh- und Angelpunkt der Markas Gruppe zu machen\u201c.<\/p>\n","protected":false},"excerpt":{"rendered":"<p>Die Zahlen des Neubaus in der Bozner Schlachthofstra\u00dfe sind beeindruckend: zw\u00f6lf Stockwerke hoch, eine Au\u00dfenfassade mit 532 Fenster, ein Gartengeschoss auf 14 Metern H\u00f6he, Platz f\u00fcr bis zu 300 Mitarbeiterinnen und Mitarbeiter. \u201eEs ging uns aber nicht darum, einen Prunkbau zu errichten, sondern in erster Linie um Funktionalit\u00e4t und um das Vorausschauen\u201c, sagt der Gesch\u00e4ftsf\u00fchrende [&hellip;]<\/p>\n","protected":false},"author":12,"featured_media":2038,"comment_status":"closed","ping_status":"open","sticky":false,"template":"","format":"standard","meta":{"footnotes":""},"categories":[47],"tags":[204,203,202],"acf":[],"yoast_head":"<!-- This site is optimized with the Yoast SEO plugin v21.4 - https:\/\/yoast.com\/wordpress\/plugins\/seo\/ -->\n<title>Der neue &quot;Tower&quot; - Industry is IN<\/title>\n<meta name=\"robots\" content=\"index, follow, max-snippet:-1, max-image-preview:large, max-video-preview:-1\" \/>\n<link rel=\"canonical\" href=\"https:\/\/www.madeinbz.info\/der-neue-tower\/\" \/>\n<meta property=\"og:locale\" content=\"de_DE\" \/>\n<meta property=\"og:type\" content=\"article\" \/>\n<meta property=\"og:title\" content=\"Der neue &quot;Tower&quot; - Industry is IN\" \/>\n<meta property=\"og:description\" content=\"Die Zahlen des Neubaus in der Bozner Schlachthofstra\u00dfe sind beeindruckend: zw\u00f6lf Stockwerke hoch, eine Au\u00dfenfassade mit 532 Fenster, ein Gartengeschoss auf 14 Metern H\u00f6he, Platz f\u00fcr bis zu 300 Mitarbeiterinnen und Mitarbeiter. \u201eEs ging uns aber nicht darum, einen Prunkbau zu errichten, sondern in erster Linie um Funktionalit\u00e4t und um das Vorausschauen\u201c, sagt der Gesch\u00e4ftsf\u00fchrende [&hellip;]\" \/>\n<meta property=\"og:url\" content=\"https:\/\/www.madeinbz.info\/der-neue-tower\/\" \/>\n<meta property=\"og:site_name\" content=\"Industry is IN\" \/>\n<meta property=\"article:published_time\" content=\"2019-03-21T06:22:29+00:00\" \/>\n<meta property=\"article:modified_time\" content=\"2019-03-08T08:23:09+00:00\" \/>\n<meta property=\"og:image\" content=\"https:\/\/www.madeinbz.info\/wp-content\/uploads\/2019\/03\/IPP1344-1024x684.jpg\" \/>\n\t<meta property=\"og:image:width\" content=\"1024\" \/>\n\t<meta property=\"og:image:height\" content=\"684\" \/>\n\t<meta property=\"og:image:type\" content=\"image\/jpeg\" \/>\n<meta name=\"author\" content=\"Mirco Marchiodi\" \/>\n<meta name=\"twitter:card\" content=\"summary_large_image\" \/>\n<meta name=\"twitter:label1\" content=\"Verfasst von\" \/>\n\t<meta name=\"twitter:data1\" content=\"Mirco Marchiodi\" \/>\n\t<meta name=\"twitter:label2\" content=\"Gesch\u00e4tzte Lesezeit\" \/>\n\t<meta name=\"twitter:data2\" content=\"3 Minuten\" \/>\n<script type=\"application\/ld+json\" class=\"yoast-schema-graph\">{\"@context\":\"https:\/\/schema.org\",\"@graph\":[{\"@type\":\"WebPage\",\"@id\":\"https:\/\/www.madeinbz.info\/der-neue-tower\/\",\"url\":\"https:\/\/www.madeinbz.info\/der-neue-tower\/\",\"name\":\"Der neue \\\"Tower\\\" - Industry is IN\",\"isPartOf\":{\"@id\":\"https:\/\/www.madeinbz.info\/#website\"},\"datePublished\":\"2019-03-21T06:22:29+00:00\",\"dateModified\":\"2019-03-08T08:23:09+00:00\",\"author\":{\"@id\":\"https:\/\/www.madeinbz.info\/#\/schema\/person\/8667a96cd65ac7d583f03cc141336402\"},\"breadcrumb\":{\"@id\":\"https:\/\/www.madeinbz.info\/der-neue-tower\/#breadcrumb\"},\"inLanguage\":\"de-DE\",\"potentialAction\":[{\"@type\":\"ReadAction\",\"target\":[\"https:\/\/www.madeinbz.info\/der-neue-tower\/\"]}]},{\"@type\":\"BreadcrumbList\",\"@id\":\"https:\/\/www.madeinbz.info\/der-neue-tower\/#breadcrumb\",\"itemListElement\":[{\"@type\":\"ListItem\",\"position\":1,\"name\":\"Home\",\"item\":\"https:\/\/www.madeinbz.info\/\"},{\"@type\":\"ListItem\",\"position\":2,\"name\":\"Der neue &#8220;Tower&#8221;\"}]},{\"@type\":\"WebSite\",\"@id\":\"https:\/\/www.madeinbz.info\/#website\",\"url\":\"https:\/\/www.madeinbz.info\/\",\"name\":\"Industry is IN\",\"description\":\"Storie di aziende e persone dell\u2019industria altoatesina\",\"potentialAction\":[{\"@type\":\"SearchAction\",\"target\":{\"@type\":\"EntryPoint\",\"urlTemplate\":\"https:\/\/www.madeinbz.info\/?s={search_term_string}\"},\"query-input\":\"required name=search_term_string\"}],\"inLanguage\":\"de-DE\"},{\"@type\":\"Person\",\"@id\":\"https:\/\/www.madeinbz.info\/#\/schema\/person\/8667a96cd65ac7d583f03cc141336402\",\"name\":\"Mirco Marchiodi\",\"image\":{\"@type\":\"ImageObject\",\"inLanguage\":\"de-DE\",\"@id\":\"https:\/\/www.madeinbz.info\/#\/schema\/person\/image\/\",\"url\":\"https:\/\/secure.gravatar.com\/avatar\/835a55d718e23261f6131ea85ee5056f?s=96&d=mm&r=g\",\"contentUrl\":\"https:\/\/secure.gravatar.com\/avatar\/835a55d718e23261f6131ea85ee5056f?s=96&d=mm&r=g\",\"caption\":\"Mirco Marchiodi\"},\"url\":\"https:\/\/www.industryisin.bz.it\/de\/author\/mirco\/\"}]}<\/script>\n<!-- \/ Yoast SEO plugin. -->","yoast_head_json":{"title":"Der neue \"Tower\" - Industry is IN","robots":{"index":"index","follow":"follow","max-snippet":"max-snippet:-1","max-image-preview":"max-image-preview:large","max-video-preview":"max-video-preview:-1"},"canonical":"https:\/\/www.madeinbz.info\/der-neue-tower\/","og_locale":"de_DE","og_type":"article","og_title":"Der neue \"Tower\" - Industry is IN","og_description":"Die Zahlen des Neubaus in der Bozner Schlachthofstra\u00dfe sind beeindruckend: zw\u00f6lf Stockwerke hoch, eine Au\u00dfenfassade mit 532 Fenster, ein Gartengeschoss auf 14 Metern H\u00f6he, Platz f\u00fcr bis zu 300 Mitarbeiterinnen und Mitarbeiter. \u201eEs ging uns aber nicht darum, einen Prunkbau zu errichten, sondern in erster Linie um Funktionalit\u00e4t und um das Vorausschauen\u201c, sagt der Gesch\u00e4ftsf\u00fchrende [&hellip;]","og_url":"https:\/\/www.madeinbz.info\/der-neue-tower\/","og_site_name":"Industry is IN","article_published_time":"2019-03-21T06:22:29+00:00","article_modified_time":"2019-03-08T08:23:09+00:00","og_image":[{"width":1024,"height":684,"url":"https:\/\/www.madeinbz.info\/wp-content\/uploads\/2019\/03\/IPP1344-1024x684.jpg","type":"image\/jpeg"}],"author":"Mirco Marchiodi","twitter_card":"summary_large_image","twitter_misc":{"Verfasst von":"Mirco Marchiodi","Gesch\u00e4tzte Lesezeit":"3 Minuten"},"schema":{"@context":"https:\/\/schema.org","@graph":[{"@type":"WebPage","@id":"https:\/\/www.madeinbz.info\/der-neue-tower\/","url":"https:\/\/www.madeinbz.info\/der-neue-tower\/","name":"Der neue \"Tower\" - Industry is IN","isPartOf":{"@id":"https:\/\/www.madeinbz.info\/#website"},"datePublished":"2019-03-21T06:22:29+00:00","dateModified":"2019-03-08T08:23:09+00:00","author":{"@id":"https:\/\/www.madeinbz.info\/#\/schema\/person\/8667a96cd65ac7d583f03cc141336402"},"breadcrumb":{"@id":"https:\/\/www.madeinbz.info\/der-neue-tower\/#breadcrumb"},"inLanguage":"de-DE","potentialAction":[{"@type":"ReadAction","target":["https:\/\/www.madeinbz.info\/der-neue-tower\/"]}]},{"@type":"BreadcrumbList","@id":"https:\/\/www.madeinbz.info\/der-neue-tower\/#breadcrumb","itemListElement":[{"@type":"ListItem","position":1,"name":"Home","item":"https:\/\/www.madeinbz.info\/"},{"@type":"ListItem","position":2,"name":"Der neue &#8220;Tower&#8221;"}]},{"@type":"WebSite","@id":"https:\/\/www.madeinbz.info\/#website","url":"https:\/\/www.madeinbz.info\/","name":"Industry is IN","description":"Storie di aziende e persone dell\u2019industria altoatesina","potentialAction":[{"@type":"SearchAction","target":{"@type":"EntryPoint","urlTemplate":"https:\/\/www.madeinbz.info\/?s={search_term_string}"},"query-input":"required name=search_term_string"}],"inLanguage":"de-DE"},{"@type":"Person","@id":"https:\/\/www.madeinbz.info\/#\/schema\/person\/8667a96cd65ac7d583f03cc141336402","name":"Mirco Marchiodi","image":{"@type":"ImageObject","inLanguage":"de-DE","@id":"https:\/\/www.madeinbz.info\/#\/schema\/person\/image\/","url":"https:\/\/secure.gravatar.com\/avatar\/835a55d718e23261f6131ea85ee5056f?s=96&d=mm&r=g","contentUrl":"https:\/\/secure.gravatar.com\/avatar\/835a55d718e23261f6131ea85ee5056f?s=96&d=mm&r=g","caption":"Mirco Marchiodi"},"url":"https:\/\/www.industryisin.bz.it\/de\/author\/mirco\/"}]}},"_links":{"self":[{"href":"https:\/\/www.industryisin.bz.it\/de\/wp-json\/wp\/v2\/posts\/2040"}],"collection":[{"href":"https:\/\/www.industryisin.bz.it\/de\/wp-json\/wp\/v2\/posts"}],"about":[{"href":"https:\/\/www.industryisin.bz.it\/de\/wp-json\/wp\/v2\/types\/post"}],"author":[{"embeddable":true,"href":"https:\/\/www.industryisin.bz.it\/de\/wp-json\/wp\/v2\/users\/12"}],"replies":[{"embeddable":true,"href":"https:\/\/www.industryisin.bz.it\/de\/wp-json\/wp\/v2\/comments?post=2040"}],"version-history":[{"count":4,"href":"https:\/\/www.industryisin.bz.it\/de\/wp-json\/wp\/v2\/posts\/2040\/revisions"}],"predecessor-version":[{"id":2044,"href":"https:\/\/www.industryisin.bz.it\/de\/wp-json\/wp\/v2\/posts\/2040\/revisions\/2044"}],"wp:featuredmedia":[{"embeddable":true,"href":"https:\/\/www.industryisin.bz.it\/de\/wp-json\/wp\/v2\/media\/2038"}],"wp:attachment":[{"href":"https:\/\/www.industryisin.bz.it\/de\/wp-json\/wp\/v2\/media?parent=2040"}],"wp:term":[{"taxonomy":"category","embeddable":true,"href":"https:\/\/www.industryisin.bz.it\/de\/wp-json\/wp\/v2\/categories?post=2040"},{"taxonomy":"post_tag","embeddable":true,"href":"https:\/\/www.industryisin.bz.it\/de\/wp-json\/wp\/v2\/tags?post=2040"}],"curies":[{"name":"wp","href":"https:\/\/api.w.org\/{rel}","templated":true}]}}