{"id":1632,"date":"2018-10-25T08:30:06","date_gmt":"2018-10-25T06:30:06","guid":{"rendered":"https:\/\/www.industryisin.bz.it\/?p=1632"},"modified":"2018-10-25T12:09:52","modified_gmt":"2018-10-25T10:09:52","slug":"die-turen-stehen-offen","status":"publish","type":"post","link":"https:\/\/www.industryisin.bz.it\/de\/die-turen-stehen-offen\/","title":{"rendered":"Die T\u00fcren stehen offen"},"content":{"rendered":"<p>Der Markusplatz in Venedig \u2013 gerade in der Nacht ist er unumstritten einer der romantischten Orte Italiens, wenn nicht der ganzen Welt. Was kaum einer wei\u00df \u2013 f\u00fcr die richtige Beleuchtung hat ein S\u00fcdtiroler Unternehmen gesorgt: <a href=\"https:\/\/www.ewo.com\/de\">ewo<\/a> aus Kurtatsch. Dies und vieles andere erfuhren die Mittelsch\u00fcler und ihre Eltern, die vergangene Woche im Rahmen des Open Day im Bezirk Bozen Land das Unternehmen besucht und einen Blick hinter die Kulissen geworfen haben. ewo war einer von 19 Betrieben, die sich an der Initiative des Unternehmerverbandes beteiligt haben.<\/p>\n<div id=\"attachment_1635\" style=\"width: 760px\" class=\"wp-caption aligncenter\"><img aria-describedby=\"caption-attachment-1635\" decoding=\"async\" loading=\"lazy\" class=\"wp-image-1635 size-large\" src=\"https:\/\/www.industryisin.bz.it\/wp-content\/uploads\/2018\/10\/gruppe-1024x757.jpg\" alt=\"\" width=\"750\" height=\"554\" srcset=\"https:\/\/www.industryisin.bz.it\/wp-content\/uploads\/2018\/10\/gruppe.jpg 1024w, https:\/\/www.industryisin.bz.it\/wp-content\/uploads\/2018\/10\/gruppe-300x222.jpg 300w, https:\/\/www.industryisin.bz.it\/wp-content\/uploads\/2018\/10\/gruppe-768x568.jpg 768w\" sizes=\"(max-width: 750px) 100vw, 750px\" \/><p id=\"caption-attachment-1635\" class=\"wp-caption-text\">Matthias Alber stand den Besuchern Rede und Antwort.<\/p><\/div>\n<p><em><strong>Welche Ausbildung braucht man eigentlich, um bei euch im Unternehmen zu arbeiten?<\/strong><\/em> Dies war eine der Fragen, die die jungen Menschen und ihre Eltern bewegt. <strong>Matthias Alber<\/strong>, der mit 25 Jahren bereits ein Projektteam bei ewo leitet, gab darauf Antwort: \u201eWenn ihr motiviert seid, dann k\u00f6nnt ihr alles lernen und die T\u00fcren stehen euch offen. Die Ausbildung ist dann nicht so wichtig. In gewissen Bereichen, vor allem f\u00fcr die Technik, braucht man nat\u00fcrlich schon die entsprechende Ausbildung. Als Wirtschaftswissenschaftler k\u00f6nnte ich z.B. nicht die Arbeit eines Elektrotechnikers machen.\u201c<\/p>\n<p>Nach dem Rundgang durch die Produktion gab es f\u00fcr die Besucher noch Getr\u00e4nke und Pizza, und die M\u00f6glichkeit zum Gespr\u00e4ch mit Firmeninhaberin <strong>Flora Kr\u00f6ss<\/strong>. \u201eWir freuen uns, dass die jungen Menschen Interesse an unserem Betrieb zeigen. Wir haben uns gerne an dieser Initiative beteiligt, weil wir ihnen fr\u00fchzeitig die M\u00f6glichkeit geben wollen, einen Einblick in die Arbeitswelt zu erhalten. Dies erleichtert die anstehende Berufsorientierung und das Kennenlernen der eigenen Interessen, Kompetenzen und Ziele \u201c, so Flora Kr\u00f6ss.<\/p>\n<p><strong>370 Besuche, 19 Mitgliedsbetriebe<\/strong><br \/>\nInsgesamt fanden 370 Besuche in folgenden Mitgliedsbetrieben des Unternehmerverbandes im Bezirk Bozen Land statt: Ambach Ali Group GmbH in Kaltern, Apparatebau GmbH in Laag\/Neumarkt, ewo GmbH in Kurtatsch, H\u00f6ller GmbH in Leifers, Holz Pichler AG in Deutschnofen, Hygan GmbH in Leifers, Loacker AG in Unterinn\/Ritten, Lochmann Kabinen GmbH in Truden\/San Lugano, Manometal GmbH in Neumarkt, Pan Tiefk\u00fchlprodukte GmbH in Leifers, Planit GmbH in Auer, Plattner AG in Leifers, Reggelbergbau GmbH in Neumarkt, Resch Home GmbH in Karneid, Rizzoli Cucine GmbH in Truden\/San Lugano, R\u00f6chling Automotive Italia GmbH in Leifers, Roner Brennereien in Tramin, RothoBlaas GmbH in Kurtatsch und W\u00fcrth GmbH in Neumarkt.<\/p>\n","protected":false},"excerpt":{"rendered":"<p>Der Markusplatz in Venedig \u2013 gerade in der Nacht ist er unumstritten einer der romantischten Orte Italiens, wenn nicht der ganzen Welt. Was kaum einer wei\u00df \u2013 f\u00fcr die richtige Beleuchtung hat ein S\u00fcdtiroler Unternehmen gesorgt: ewo aus Kurtatsch. Dies und vieles andere erfuhren die Mittelsch\u00fcler und ihre Eltern, die vergangene Woche im Rahmen des [&hellip;]<\/p>\n","protected":false},"author":13,"featured_media":1645,"comment_status":"closed","ping_status":"open","sticky":false,"template":"","format":"standard","meta":{"footnotes":""},"categories":[47],"tags":[81,133,132],"acf":[],"yoast_head":"<!-- This site is optimized with the Yoast SEO plugin v21.4 - https:\/\/yoast.com\/wordpress\/plugins\/seo\/ -->\n<title>Die T\u00fcren stehen offen - Industry is IN<\/title>\n<meta name=\"robots\" content=\"index, follow, max-snippet:-1, max-image-preview:large, max-video-preview:-1\" \/>\n<link rel=\"canonical\" href=\"https:\/\/www.madeinbz.info\/die-turen-stehen-offen\/\" \/>\n<meta property=\"og:locale\" content=\"de_DE\" \/>\n<meta property=\"og:type\" content=\"article\" \/>\n<meta property=\"og:title\" content=\"Die T\u00fcren stehen offen - Industry is IN\" \/>\n<meta property=\"og:description\" content=\"Der Markusplatz in Venedig \u2013 gerade in der Nacht ist er unumstritten einer der romantischten Orte Italiens, wenn nicht der ganzen Welt. Was kaum einer wei\u00df \u2013 f\u00fcr die richtige Beleuchtung hat ein S\u00fcdtiroler Unternehmen gesorgt: ewo aus Kurtatsch. Dies und vieles andere erfuhren die Mittelsch\u00fcler und ihre Eltern, die vergangene Woche im Rahmen des [&hellip;]\" \/>\n<meta property=\"og:url\" content=\"https:\/\/www.madeinbz.info\/die-turen-stehen-offen\/\" \/>\n<meta property=\"og:site_name\" content=\"Industry is IN\" \/>\n<meta property=\"article:published_time\" content=\"2018-10-25T06:30:06+00:00\" \/>\n<meta property=\"article:modified_time\" content=\"2018-10-25T10:09:52+00:00\" \/>\n<meta property=\"og:image\" content=\"https:\/\/www.madeinbz.info\/wp-content\/uploads\/2018\/10\/mp1-1024x495.jpg\" \/>\n\t<meta property=\"og:image:width\" content=\"1024\" \/>\n\t<meta property=\"og:image:height\" content=\"495\" \/>\n\t<meta property=\"og:image:type\" content=\"image\/jpeg\" \/>\n<meta name=\"author\" content=\"Angelika Bayer\" \/>\n<meta name=\"twitter:card\" content=\"summary_large_image\" \/>\n<meta name=\"twitter:label1\" content=\"Verfasst von\" \/>\n\t<meta name=\"twitter:data1\" content=\"Angelika Bayer\" \/>\n\t<meta name=\"twitter:label2\" content=\"Gesch\u00e4tzte Lesezeit\" \/>\n\t<meta name=\"twitter:data2\" content=\"2 Minuten\" \/>\n<script type=\"application\/ld+json\" class=\"yoast-schema-graph\">{\"@context\":\"https:\/\/schema.org\",\"@graph\":[{\"@type\":\"WebPage\",\"@id\":\"https:\/\/www.madeinbz.info\/die-turen-stehen-offen\/\",\"url\":\"https:\/\/www.madeinbz.info\/die-turen-stehen-offen\/\",\"name\":\"Die T\u00fcren stehen offen - Industry is IN\",\"isPartOf\":{\"@id\":\"https:\/\/www.madeinbz.info\/#website\"},\"datePublished\":\"2018-10-25T06:30:06+00:00\",\"dateModified\":\"2018-10-25T10:09:52+00:00\",\"author\":{\"@id\":\"https:\/\/www.madeinbz.info\/#\/schema\/person\/2c37e5aeb0f02de7cca30cb97ffc38e8\"},\"breadcrumb\":{\"@id\":\"https:\/\/www.madeinbz.info\/die-turen-stehen-offen\/#breadcrumb\"},\"inLanguage\":\"de-DE\",\"potentialAction\":[{\"@type\":\"ReadAction\",\"target\":[\"https:\/\/www.madeinbz.info\/die-turen-stehen-offen\/\"]}]},{\"@type\":\"BreadcrumbList\",\"@id\":\"https:\/\/www.madeinbz.info\/die-turen-stehen-offen\/#breadcrumb\",\"itemListElement\":[{\"@type\":\"ListItem\",\"position\":1,\"name\":\"Home\",\"item\":\"https:\/\/www.madeinbz.info\/\"},{\"@type\":\"ListItem\",\"position\":2,\"name\":\"Die T\u00fcren stehen offen\"}]},{\"@type\":\"WebSite\",\"@id\":\"https:\/\/www.madeinbz.info\/#website\",\"url\":\"https:\/\/www.madeinbz.info\/\",\"name\":\"Industry is IN\",\"description\":\"Storie di aziende e persone dell\u2019industria altoatesina\",\"potentialAction\":[{\"@type\":\"SearchAction\",\"target\":{\"@type\":\"EntryPoint\",\"urlTemplate\":\"https:\/\/www.madeinbz.info\/?s={search_term_string}\"},\"query-input\":\"required name=search_term_string\"}],\"inLanguage\":\"de-DE\"},{\"@type\":\"Person\",\"@id\":\"https:\/\/www.madeinbz.info\/#\/schema\/person\/2c37e5aeb0f02de7cca30cb97ffc38e8\",\"name\":\"Angelika Bayer\",\"image\":{\"@type\":\"ImageObject\",\"inLanguage\":\"de-DE\",\"@id\":\"https:\/\/www.madeinbz.info\/#\/schema\/person\/image\/\",\"url\":\"https:\/\/secure.gravatar.com\/avatar\/d5d603996af27fc843daae65ef659f93?s=96&d=mm&r=g\",\"contentUrl\":\"https:\/\/secure.gravatar.com\/avatar\/d5d603996af27fc843daae65ef659f93?s=96&d=mm&r=g\",\"caption\":\"Angelika Bayer\"},\"url\":\"https:\/\/www.industryisin.bz.it\/de\/author\/angelika\/\"}]}<\/script>\n<!-- \/ Yoast SEO plugin. -->","yoast_head_json":{"title":"Die T\u00fcren stehen offen - Industry is IN","robots":{"index":"index","follow":"follow","max-snippet":"max-snippet:-1","max-image-preview":"max-image-preview:large","max-video-preview":"max-video-preview:-1"},"canonical":"https:\/\/www.madeinbz.info\/die-turen-stehen-offen\/","og_locale":"de_DE","og_type":"article","og_title":"Die T\u00fcren stehen offen - Industry is IN","og_description":"Der Markusplatz in Venedig \u2013 gerade in der Nacht ist er unumstritten einer der romantischten Orte Italiens, wenn nicht der ganzen Welt. Was kaum einer wei\u00df \u2013 f\u00fcr die richtige Beleuchtung hat ein S\u00fcdtiroler Unternehmen gesorgt: ewo aus Kurtatsch. Dies und vieles andere erfuhren die Mittelsch\u00fcler und ihre Eltern, die vergangene Woche im Rahmen des [&hellip;]","og_url":"https:\/\/www.madeinbz.info\/die-turen-stehen-offen\/","og_site_name":"Industry is IN","article_published_time":"2018-10-25T06:30:06+00:00","article_modified_time":"2018-10-25T10:09:52+00:00","og_image":[{"width":1024,"height":495,"url":"https:\/\/www.madeinbz.info\/wp-content\/uploads\/2018\/10\/mp1-1024x495.jpg","type":"image\/jpeg"}],"author":"Angelika Bayer","twitter_card":"summary_large_image","twitter_misc":{"Verfasst von":"Angelika Bayer","Gesch\u00e4tzte Lesezeit":"2 Minuten"},"schema":{"@context":"https:\/\/schema.org","@graph":[{"@type":"WebPage","@id":"https:\/\/www.madeinbz.info\/die-turen-stehen-offen\/","url":"https:\/\/www.madeinbz.info\/die-turen-stehen-offen\/","name":"Die T\u00fcren stehen offen - Industry is IN","isPartOf":{"@id":"https:\/\/www.madeinbz.info\/#website"},"datePublished":"2018-10-25T06:30:06+00:00","dateModified":"2018-10-25T10:09:52+00:00","author":{"@id":"https:\/\/www.madeinbz.info\/#\/schema\/person\/2c37e5aeb0f02de7cca30cb97ffc38e8"},"breadcrumb":{"@id":"https:\/\/www.madeinbz.info\/die-turen-stehen-offen\/#breadcrumb"},"inLanguage":"de-DE","potentialAction":[{"@type":"ReadAction","target":["https:\/\/www.madeinbz.info\/die-turen-stehen-offen\/"]}]},{"@type":"BreadcrumbList","@id":"https:\/\/www.madeinbz.info\/die-turen-stehen-offen\/#breadcrumb","itemListElement":[{"@type":"ListItem","position":1,"name":"Home","item":"https:\/\/www.madeinbz.info\/"},{"@type":"ListItem","position":2,"name":"Die T\u00fcren stehen offen"}]},{"@type":"WebSite","@id":"https:\/\/www.madeinbz.info\/#website","url":"https:\/\/www.madeinbz.info\/","name":"Industry is IN","description":"Storie di aziende e persone dell\u2019industria altoatesina","potentialAction":[{"@type":"SearchAction","target":{"@type":"EntryPoint","urlTemplate":"https:\/\/www.madeinbz.info\/?s={search_term_string}"},"query-input":"required name=search_term_string"}],"inLanguage":"de-DE"},{"@type":"Person","@id":"https:\/\/www.madeinbz.info\/#\/schema\/person\/2c37e5aeb0f02de7cca30cb97ffc38e8","name":"Angelika Bayer","image":{"@type":"ImageObject","inLanguage":"de-DE","@id":"https:\/\/www.madeinbz.info\/#\/schema\/person\/image\/","url":"https:\/\/secure.gravatar.com\/avatar\/d5d603996af27fc843daae65ef659f93?s=96&d=mm&r=g","contentUrl":"https:\/\/secure.gravatar.com\/avatar\/d5d603996af27fc843daae65ef659f93?s=96&d=mm&r=g","caption":"Angelika Bayer"},"url":"https:\/\/www.industryisin.bz.it\/de\/author\/angelika\/"}]}},"_links":{"self":[{"href":"https:\/\/www.industryisin.bz.it\/de\/wp-json\/wp\/v2\/posts\/1632"}],"collection":[{"href":"https:\/\/www.industryisin.bz.it\/de\/wp-json\/wp\/v2\/posts"}],"about":[{"href":"https:\/\/www.industryisin.bz.it\/de\/wp-json\/wp\/v2\/types\/post"}],"author":[{"embeddable":true,"href":"https:\/\/www.industryisin.bz.it\/de\/wp-json\/wp\/v2\/users\/13"}],"replies":[{"embeddable":true,"href":"https:\/\/www.industryisin.bz.it\/de\/wp-json\/wp\/v2\/comments?post=1632"}],"version-history":[{"count":5,"href":"https:\/\/www.industryisin.bz.it\/de\/wp-json\/wp\/v2\/posts\/1632\/revisions"}],"predecessor-version":[{"id":1647,"href":"https:\/\/www.industryisin.bz.it\/de\/wp-json\/wp\/v2\/posts\/1632\/revisions\/1647"}],"wp:featuredmedia":[{"embeddable":true,"href":"https:\/\/www.industryisin.bz.it\/de\/wp-json\/wp\/v2\/media\/1645"}],"wp:attachment":[{"href":"https:\/\/www.industryisin.bz.it\/de\/wp-json\/wp\/v2\/media?parent=1632"}],"wp:term":[{"taxonomy":"category","embeddable":true,"href":"https:\/\/www.industryisin.bz.it\/de\/wp-json\/wp\/v2\/categories?post=1632"},{"taxonomy":"post_tag","embeddable":true,"href":"https:\/\/www.industryisin.bz.it\/de\/wp-json\/wp\/v2\/tags?post=1632"}],"curies":[{"name":"wp","href":"https:\/\/api.w.org\/{rel}","templated":true}]}}