{"id":1578,"date":"2018-10-15T07:08:14","date_gmt":"2018-10-15T05:08:14","guid":{"rendered":"https:\/\/www.industryisin.bz.it\/?p=1578"},"modified":"2019-07-16T15:17:13","modified_gmt":"2019-07-16T13:17:13","slug":"sempre-piu-in-alto","status":"publish","type":"post","link":"https:\/\/www.industryisin.bz.it\/de\/sempre-piu-in-alto\/","title":{"rendered":"Sempre pi\u00f9 in alto"},"content":{"rendered":"<p>Sono 369 gli impianti a fune operativi in Alto Adige. Come svela il il &#8222;<a style=\"background-color: #ffffff;\" href=\"http:\/\/astat.provinz.bz.it\/it\/news-pubblicazioni.asp?news_action=300&amp;news_image_id=1011863\">30\u00b0rapporto sugli impianti a fune in Alto Adige<\/a>&#8220; dell&#8217;istituto di statistica provinciale ASTAT, ogni ora possono trasportare 523.000 persone, praticamente l&#8217;intera popolazione della nostra provincia. Mentre il numero degli impianti \u00e8 diminuito negli ultimi anni, la loro portata ha fatto registrare una crescita esponenziale: basti pensare che\u00a0la portata media di un impianto a fune \u00e8 passata dalle 202 persone all&#8217;ora nel 1960 alle 1000 del 1995, sino a raggiungere le attuali 1418 persone all&#8217;ora.<\/p>\n<p>E&#8216; interessante ricordare che la prima funivia al mondo \u00e8 stata realizzata proprio in Alto Adige. Parliamo di oltre un secolo fa: era il 29 giugno del 1908 quando, su idea dell&#8217;imprenditore bolzanino Josef Staffler, venne inaugurato l&#8217;impianto che da Bolzano portava al Colle che ancora oggi \u00e8 uno dei pi\u00f9 utilizzati dai bolzanini. Pochi anni dopo, un altro pioniere degli impianti a fune, Luis Zuegg, complet\u00f2 la funivia che porta da Lana a San Vigilio e nel 1920 arriv\u00f2 il collegamento tra Merano e Avelengo.<\/p>\n<div id=\"attachment_1592\" style=\"width: 650px\" class=\"wp-caption aligncenter\"><img aria-describedby=\"caption-attachment-1592\" decoding=\"async\" loading=\"lazy\" class=\"wp-image-1592 size-full\" src=\"https:\/\/www.industryisin.bz.it\/wp-content\/uploads\/2018\/10\/IMG_39_640-large.jpg\" alt=\"\" width=\"640\" height=\"480\" srcset=\"https:\/\/www.industryisin.bz.it\/wp-content\/uploads\/2018\/10\/IMG_39_640-large.jpg 640w, https:\/\/www.industryisin.bz.it\/wp-content\/uploads\/2018\/10\/IMG_39_640-large-300x225.jpg 300w\" sizes=\"(max-width: 640px) 100vw, 640px\" \/><p id=\"caption-attachment-1592\" class=\"wp-caption-text\">Da Bolzano al Colle: la prima funivia al mondo (Foto: www.kohlererbahn.it)<\/p><\/div>\n<p>Fino ad oggi le imprese altoatesine sono rimaste all&#8217;avanguardia in questo settore. La nuova sfida \u00e8 quella di arrivare a vette ritenute inaccessibili fino a poco tempo fa. Nel 2015 \u00e8 stato inaugurato l&#8217;impianto che porta fino al Monte Bianco, a 3.500 metri di quota: realizzato da Doppelmayr Italia (<a href=\"http:\/\/www.cordeemontblanc.eu\/web\/\">scheda progetto<\/a>).<\/p>\n<div id=\"attachment_1588\" style=\"width: 760px\" class=\"wp-caption aligncenter\"><img aria-describedby=\"caption-attachment-1588\" decoding=\"async\" loading=\"lazy\" class=\"wp-image-1588 size-large\" src=\"https:\/\/www.industryisin.bz.it\/wp-content\/uploads\/2018\/10\/sky-way-montebianco-8233-1024x683.jpg\" alt=\"\" width=\"750\" height=\"500\" srcset=\"https:\/\/www.industryisin.bz.it\/wp-content\/uploads\/2018\/10\/sky-way-montebianco-8233-1024x683.jpg 1024w, https:\/\/www.industryisin.bz.it\/wp-content\/uploads\/2018\/10\/sky-way-montebianco-8233-300x200.jpg 300w, https:\/\/www.industryisin.bz.it\/wp-content\/uploads\/2018\/10\/sky-way-montebianco-8233-768x512.jpg 768w, https:\/\/www.industryisin.bz.it\/wp-content\/uploads\/2018\/10\/sky-way-montebianco-8233.jpg 1151w\" sizes=\"(max-width: 750px) 100vw, 750px\" \/><p id=\"caption-attachment-1588\" class=\"wp-caption-text\">La funivia che porta sul Monte Bianco, in Valle d&#8217;Aosta (Foto: Doppelmayr Italia)<\/p><\/div>\n<p>E&#8216; di pochi giorni fa invece l&#8217;inaugurazione della funivia trifune pi\u00f9 alta al mondo: costruita da Leitner Ropeways, la stazione a monte sul Piccolo Cervino si trova a 3.821 metri. La costruzione \u00e8 stata complessa (in quota le\u00a0temperature scendono fino a meno 30 gradi e i venti soffiano con raffiche fino a 240 km\/h), quasi quanto la progettazione, che ha richiesto oltre 27.000 ore di lavoro (<a href=\"https:\/\/www.leitner-ropeways.com\/it\/azienda\/novita\/la-funivia-trifune-piu-alta-del-mondo\/\">scheda progetto<\/a>).<\/p>\n<div id=\"attachment_1586\" style=\"width: 760px\" class=\"wp-caption aligncenter\"><img aria-describedby=\"caption-attachment-1586\" decoding=\"async\" loading=\"lazy\" class=\"wp-image-1586\" src=\"https:\/\/www.industryisin.bz.it\/wp-content\/uploads\/2018\/10\/csm_Matterhorn_glacier_ride__11__e9428c7bc7.jpg\" alt=\"\" width=\"750\" height=\"500\" srcset=\"https:\/\/www.industryisin.bz.it\/wp-content\/uploads\/2018\/10\/csm_Matterhorn_glacier_ride__11__e9428c7bc7.jpg 800w, https:\/\/www.industryisin.bz.it\/wp-content\/uploads\/2018\/10\/csm_Matterhorn_glacier_ride__11__e9428c7bc7-300x200.jpg 300w, https:\/\/www.industryisin.bz.it\/wp-content\/uploads\/2018\/10\/csm_Matterhorn_glacier_ride__11__e9428c7bc7-768x512.jpg 768w\" sizes=\"(max-width: 750px) 100vw, 750px\" \/><p id=\"caption-attachment-1586\" class=\"wp-caption-text\">Il &#8222;Matterhorn Glacier Ride&#8220; sul Piccolo Cervino (Foto: Leitner Ropeways)<\/p><\/div>\n<p>Accanto alla realizzazione degli impianti di risalita, rappresenta una vera sfida anche la costruzione delle stazioni a valle e &#8211; soprattutto &#8211; a monte. Sul ghiacciaio del Pitztal, in Tirolo, la Frener&amp;Reifer di Bressanone ha completato le stazioni della Wildspitzbahn: a oltre 3.000 metri di quota le condizioni di lavoro erano estreme, eppure per il montaggio sono bastati quattro mesi (<a href=\"https:\/\/www.frener-reifer.com\/referenze\/wildspitzbahn\/\">scheda progetto<\/a>).<\/p>\n<div id=\"attachment_1584\" style=\"width: 760px\" class=\"wp-caption aligncenter\"><img aria-describedby=\"caption-attachment-1584\" decoding=\"async\" loading=\"lazy\" class=\"wp-image-1584\" src=\"https:\/\/www.industryisin.bz.it\/wp-content\/uploads\/2018\/10\/wildspitzbahn_04a-300x147.jpg\" alt=\"\" width=\"750\" height=\"367\" srcset=\"https:\/\/www.industryisin.bz.it\/wp-content\/uploads\/2018\/10\/wildspitzbahn_04a-300x147.jpg 300w, https:\/\/www.industryisin.bz.it\/wp-content\/uploads\/2018\/10\/wildspitzbahn_04a-768x375.jpg 768w, https:\/\/www.industryisin.bz.it\/wp-content\/uploads\/2018\/10\/wildspitzbahn_04a.jpg 900w\" sizes=\"(max-width: 750px) 100vw, 750px\" \/><p id=\"caption-attachment-1584\" class=\"wp-caption-text\">La stazione a monte della Wildspitzbahn (Foto: Frener&amp;Reifer)<\/p><\/div>\n<p>Porta invece la firma della bolzanina Pichler Projects la struttura in acciaio della stazione a monte della funivia che arriva sulla vetta pi\u00f9 alta della Germania, la Zugspitze. Entrato in funzione a fine dicembre 2017, l&#8217;impianto arriva a superare complessivamente un dislivello di quasi 2000 metri (<a href=\"https:\/\/www.stahlbaupichler.com\/de\/referenzen?project=145\">scheda progetto<\/a>).<\/p>\n<div id=\"attachment_1580\" style=\"width: 760px\" class=\"wp-caption aligncenter\"><img aria-describedby=\"caption-attachment-1580\" decoding=\"async\" loading=\"lazy\" class=\"wp-image-1580 size-large\" src=\"https:\/\/www.industryisin.bz.it\/wp-content\/uploads\/2018\/10\/Ref8-Zugspitze-Bergstation-1024x522.jpg\" alt=\"\" width=\"750\" height=\"382\" srcset=\"https:\/\/www.industryisin.bz.it\/wp-content\/uploads\/2018\/10\/Ref8-Zugspitze-Bergstation-1024x522.jpg 1024w, https:\/\/www.industryisin.bz.it\/wp-content\/uploads\/2018\/10\/Ref8-Zugspitze-Bergstation-300x153.jpg 300w, https:\/\/www.industryisin.bz.it\/wp-content\/uploads\/2018\/10\/Ref8-Zugspitze-Bergstation-768x391.jpg 768w, https:\/\/www.industryisin.bz.it\/wp-content\/uploads\/2018\/10\/Ref8-Zugspitze-Bergstation.jpg 1264w\" sizes=\"(max-width: 750px) 100vw, 750px\" \/><p id=\"caption-attachment-1580\" class=\"wp-caption-text\">La stazione a monte sulla Zugspitze, in Germania (Foto: Pichler Projects)<\/p><\/div>\n","protected":false},"excerpt":{"rendered":"<p>Sono 369 gli impianti a fune operativi in Alto Adige. Come svela il il &#8222;30\u00b0rapporto sugli impianti a fune in Alto Adige&#8220; dell&#8217;istituto di statistica provinciale ASTAT, ogni ora possono trasportare 523.000 persone, praticamente l&#8217;intera popolazione della nostra provincia. Mentre il numero degli impianti \u00e8 diminuito negli ultimi anni, la loro portata ha fatto registrare [&hellip;]<\/p>\n","protected":false},"author":12,"featured_media":1582,"comment_status":"closed","ping_status":"open","sticky":false,"template":"","format":"standard","meta":{"footnotes":""},"categories":[49],"tags":[124,125,123,77],"acf":[],"yoast_head":"<!-- This site is optimized with the Yoast SEO plugin v21.4 - https:\/\/yoast.com\/wordpress\/plugins\/seo\/ -->\n<title>Sempre pi\u00f9 in alto - Industry is IN<\/title>\n<meta name=\"robots\" content=\"index, follow, max-snippet:-1, max-image-preview:large, max-video-preview:-1\" \/>\n<link rel=\"canonical\" href=\"https:\/\/www.madeinbz.info\/sempre-piu-in-alto\/\" \/>\n<meta property=\"og:locale\" content=\"de_DE\" \/>\n<meta property=\"og:type\" content=\"article\" \/>\n<meta property=\"og:title\" content=\"Sempre pi\u00f9 in alto - Industry is IN\" \/>\n<meta property=\"og:description\" content=\"Sono 369 gli impianti a fune operativi in Alto Adige. Come svela il il &#8222;30\u00b0rapporto sugli impianti a fune in Alto Adige&#8220; dell&#8217;istituto di statistica provinciale ASTAT, ogni ora possono trasportare 523.000 persone, praticamente l&#8217;intera popolazione della nostra provincia. Mentre il numero degli impianti \u00e8 diminuito negli ultimi anni, la loro portata ha fatto registrare [&hellip;]\" \/>\n<meta property=\"og:url\" content=\"https:\/\/www.madeinbz.info\/sempre-piu-in-alto\/\" \/>\n<meta property=\"og:site_name\" content=\"Industry is IN\" \/>\n<meta property=\"article:published_time\" content=\"2018-10-15T05:08:14+00:00\" \/>\n<meta property=\"article:modified_time\" content=\"2019-07-16T13:17:13+00:00\" \/>\n<meta property=\"og:image\" content=\"https:\/\/www.madeinbz.info\/wp-content\/uploads\/2018\/10\/csm_Matterhorn_glacier_ride__2__f86e73cbc9-e1539074349395.jpg\" \/>\n\t<meta property=\"og:image:width\" content=\"800\" \/>\n\t<meta property=\"og:image:height\" content=\"290\" \/>\n\t<meta property=\"og:image:type\" content=\"image\/jpeg\" \/>\n<meta name=\"author\" content=\"Mirco Marchiodi\" \/>\n<meta name=\"twitter:card\" content=\"summary_large_image\" \/>\n<meta name=\"twitter:label1\" content=\"Verfasst von\" \/>\n\t<meta name=\"twitter:data1\" content=\"Mirco Marchiodi\" \/>\n\t<meta name=\"twitter:label2\" content=\"Gesch\u00e4tzte Lesezeit\" \/>\n\t<meta name=\"twitter:data2\" content=\"2 Minuten\" \/>\n<script type=\"application\/ld+json\" class=\"yoast-schema-graph\">{\"@context\":\"https:\/\/schema.org\",\"@graph\":[{\"@type\":\"WebPage\",\"@id\":\"https:\/\/www.madeinbz.info\/sempre-piu-in-alto\/\",\"url\":\"https:\/\/www.madeinbz.info\/sempre-piu-in-alto\/\",\"name\":\"Sempre pi\u00f9 in alto - Industry is IN\",\"isPartOf\":{\"@id\":\"https:\/\/www.madeinbz.info\/#website\"},\"datePublished\":\"2018-10-15T05:08:14+00:00\",\"dateModified\":\"2019-07-16T13:17:13+00:00\",\"author\":{\"@id\":\"https:\/\/www.madeinbz.info\/#\/schema\/person\/8667a96cd65ac7d583f03cc141336402\"},\"breadcrumb\":{\"@id\":\"https:\/\/www.madeinbz.info\/sempre-piu-in-alto\/#breadcrumb\"},\"inLanguage\":\"de-DE\",\"potentialAction\":[{\"@type\":\"ReadAction\",\"target\":[\"https:\/\/www.madeinbz.info\/sempre-piu-in-alto\/\"]}]},{\"@type\":\"BreadcrumbList\",\"@id\":\"https:\/\/www.madeinbz.info\/sempre-piu-in-alto\/#breadcrumb\",\"itemListElement\":[{\"@type\":\"ListItem\",\"position\":1,\"name\":\"Home\",\"item\":\"https:\/\/www.madeinbz.info\/\"},{\"@type\":\"ListItem\",\"position\":2,\"name\":\"Sempre pi\u00f9 in alto\"}]},{\"@type\":\"WebSite\",\"@id\":\"https:\/\/www.madeinbz.info\/#website\",\"url\":\"https:\/\/www.madeinbz.info\/\",\"name\":\"Industry is IN\",\"description\":\"Storie di aziende e persone dell\u2019industria altoatesina\",\"potentialAction\":[{\"@type\":\"SearchAction\",\"target\":{\"@type\":\"EntryPoint\",\"urlTemplate\":\"https:\/\/www.madeinbz.info\/?s={search_term_string}\"},\"query-input\":\"required name=search_term_string\"}],\"inLanguage\":\"de-DE\"},{\"@type\":\"Person\",\"@id\":\"https:\/\/www.madeinbz.info\/#\/schema\/person\/8667a96cd65ac7d583f03cc141336402\",\"name\":\"Mirco Marchiodi\",\"image\":{\"@type\":\"ImageObject\",\"inLanguage\":\"de-DE\",\"@id\":\"https:\/\/www.madeinbz.info\/#\/schema\/person\/image\/\",\"url\":\"https:\/\/secure.gravatar.com\/avatar\/835a55d718e23261f6131ea85ee5056f?s=96&d=mm&r=g\",\"contentUrl\":\"https:\/\/secure.gravatar.com\/avatar\/835a55d718e23261f6131ea85ee5056f?s=96&d=mm&r=g\",\"caption\":\"Mirco Marchiodi\"},\"url\":\"https:\/\/www.industryisin.bz.it\/de\/author\/mirco\/\"}]}<\/script>\n<!-- \/ Yoast SEO plugin. -->","yoast_head_json":{"title":"Sempre pi\u00f9 in alto - Industry is IN","robots":{"index":"index","follow":"follow","max-snippet":"max-snippet:-1","max-image-preview":"max-image-preview:large","max-video-preview":"max-video-preview:-1"},"canonical":"https:\/\/www.madeinbz.info\/sempre-piu-in-alto\/","og_locale":"de_DE","og_type":"article","og_title":"Sempre pi\u00f9 in alto - Industry is IN","og_description":"Sono 369 gli impianti a fune operativi in Alto Adige. Come svela il il &#8222;30\u00b0rapporto sugli impianti a fune in Alto Adige&#8220; dell&#8217;istituto di statistica provinciale ASTAT, ogni ora possono trasportare 523.000 persone, praticamente l&#8217;intera popolazione della nostra provincia. Mentre il numero degli impianti \u00e8 diminuito negli ultimi anni, la loro portata ha fatto registrare [&hellip;]","og_url":"https:\/\/www.madeinbz.info\/sempre-piu-in-alto\/","og_site_name":"Industry is IN","article_published_time":"2018-10-15T05:08:14+00:00","article_modified_time":"2019-07-16T13:17:13+00:00","og_image":[{"width":800,"height":290,"url":"https:\/\/www.madeinbz.info\/wp-content\/uploads\/2018\/10\/csm_Matterhorn_glacier_ride__2__f86e73cbc9-e1539074349395.jpg","type":"image\/jpeg"}],"author":"Mirco Marchiodi","twitter_card":"summary_large_image","twitter_misc":{"Verfasst von":"Mirco Marchiodi","Gesch\u00e4tzte Lesezeit":"2 Minuten"},"schema":{"@context":"https:\/\/schema.org","@graph":[{"@type":"WebPage","@id":"https:\/\/www.madeinbz.info\/sempre-piu-in-alto\/","url":"https:\/\/www.madeinbz.info\/sempre-piu-in-alto\/","name":"Sempre pi\u00f9 in alto - Industry is IN","isPartOf":{"@id":"https:\/\/www.madeinbz.info\/#website"},"datePublished":"2018-10-15T05:08:14+00:00","dateModified":"2019-07-16T13:17:13+00:00","author":{"@id":"https:\/\/www.madeinbz.info\/#\/schema\/person\/8667a96cd65ac7d583f03cc141336402"},"breadcrumb":{"@id":"https:\/\/www.madeinbz.info\/sempre-piu-in-alto\/#breadcrumb"},"inLanguage":"de-DE","potentialAction":[{"@type":"ReadAction","target":["https:\/\/www.madeinbz.info\/sempre-piu-in-alto\/"]}]},{"@type":"BreadcrumbList","@id":"https:\/\/www.madeinbz.info\/sempre-piu-in-alto\/#breadcrumb","itemListElement":[{"@type":"ListItem","position":1,"name":"Home","item":"https:\/\/www.madeinbz.info\/"},{"@type":"ListItem","position":2,"name":"Sempre pi\u00f9 in alto"}]},{"@type":"WebSite","@id":"https:\/\/www.madeinbz.info\/#website","url":"https:\/\/www.madeinbz.info\/","name":"Industry is IN","description":"Storie di aziende e persone dell\u2019industria altoatesina","potentialAction":[{"@type":"SearchAction","target":{"@type":"EntryPoint","urlTemplate":"https:\/\/www.madeinbz.info\/?s={search_term_string}"},"query-input":"required name=search_term_string"}],"inLanguage":"de-DE"},{"@type":"Person","@id":"https:\/\/www.madeinbz.info\/#\/schema\/person\/8667a96cd65ac7d583f03cc141336402","name":"Mirco Marchiodi","image":{"@type":"ImageObject","inLanguage":"de-DE","@id":"https:\/\/www.madeinbz.info\/#\/schema\/person\/image\/","url":"https:\/\/secure.gravatar.com\/avatar\/835a55d718e23261f6131ea85ee5056f?s=96&d=mm&r=g","contentUrl":"https:\/\/secure.gravatar.com\/avatar\/835a55d718e23261f6131ea85ee5056f?s=96&d=mm&r=g","caption":"Mirco Marchiodi"},"url":"https:\/\/www.industryisin.bz.it\/de\/author\/mirco\/"}]}},"_links":{"self":[{"href":"https:\/\/www.industryisin.bz.it\/de\/wp-json\/wp\/v2\/posts\/1578"}],"collection":[{"href":"https:\/\/www.industryisin.bz.it\/de\/wp-json\/wp\/v2\/posts"}],"about":[{"href":"https:\/\/www.industryisin.bz.it\/de\/wp-json\/wp\/v2\/types\/post"}],"author":[{"embeddable":true,"href":"https:\/\/www.industryisin.bz.it\/de\/wp-json\/wp\/v2\/users\/12"}],"replies":[{"embeddable":true,"href":"https:\/\/www.industryisin.bz.it\/de\/wp-json\/wp\/v2\/comments?post=1578"}],"version-history":[{"count":7,"href":"https:\/\/www.industryisin.bz.it\/de\/wp-json\/wp\/v2\/posts\/1578\/revisions"}],"predecessor-version":[{"id":2415,"href":"https:\/\/www.industryisin.bz.it\/de\/wp-json\/wp\/v2\/posts\/1578\/revisions\/2415"}],"wp:featuredmedia":[{"embeddable":true,"href":"https:\/\/www.industryisin.bz.it\/de\/wp-json\/wp\/v2\/media\/1582"}],"wp:attachment":[{"href":"https:\/\/www.industryisin.bz.it\/de\/wp-json\/wp\/v2\/media?parent=1578"}],"wp:term":[{"taxonomy":"category","embeddable":true,"href":"https:\/\/www.industryisin.bz.it\/de\/wp-json\/wp\/v2\/categories?post=1578"},{"taxonomy":"post_tag","embeddable":true,"href":"https:\/\/www.industryisin.bz.it\/de\/wp-json\/wp\/v2\/tags?post=1578"}],"curies":[{"name":"wp","href":"https:\/\/api.w.org\/{rel}","templated":true}]}}