{"id":11244,"date":"2026-09-04T12:37:08","date_gmt":"2026-09-04T10:37:08","guid":{"rendered":"https:\/\/www.industryisin.bz.it\/?p=11244"},"modified":"2026-09-04T15:12:19","modified_gmt":"2026-09-04T13:12:19","slug":"competitivita-fa-rima-con-produttivita","status":"publish","type":"post","link":"https:\/\/www.industryisin.bz.it\/de\/competitivita-fa-rima-con-produttivita\/","title":{"rendered":"Competitivit\u00e0 fa rima con produttivit\u00e0"},"content":{"rendered":"<p>L&#8217;industria altoatesina si conferma negli anni capace di riuscire a rimanere competitiva a livello italiano grazie a una quota di valore aggiunto creato elevata collegata a una produttivit\u00e0 altrettanto alta. Lo evidenziano anche i recenti <a href=\"https:\/\/www.istat.it\/tavole-di-dati\/stima-anticipata-dei-dati-economici-delle-imprese-a-livello-territoriale-il-registro-frame-territoriale-anticipato-anno-2024\/\">dati Istat<\/a> relativi ai risultati economici delle imprese che hanno analizzato i risultati relativi all&#8217;anno 2024.<\/p>\n<h2>Performance elevate per la produttivit\u00e0<\/h2>\n<p>La produttivit\u00e0 a livello regionale vede le imprese industriali della Provincia di Bolzano sul podio ormai da parecchi anni. I risultati relativi al 2024 la collocano al secondo posto, dopo l&#8217;Emilia Romagna, ma davanti alla Lombardia. Nell&#8217;anno preso in considerazione dall&#8217;Istat, il valore aggiunto per addetto nel comparto dell&#8217;industria \u00e8 stato pari a oltre 95.000 euro, contro una media italiana inferiore di circa il 17%: essa si \u00e8 fermata a quota 81.000 euro circa.<\/p>\n<h2>Una leva per la competitivit\u00e0<\/h2>\n<p>La presenza ai vertici della produttivit\u00e0 non \u00e8 una novit\u00e0 per l&#8217;industria altoatesina. Gi\u00e0 nel <a href=\"https:\/\/www.istat.it\/comunicato-stampa\/risultati-economici-delle-imprese-e-delle-multinazionali-a-livello-territoriale-anno-2018\/\">2018<\/a>, il settore produttivo altoatesino era in testa alla classifica regionali con un risultato che era pari a circa 76.000 euro per addetto (in quel caso per\u00f2 si erano considerate tutte le imprese, anche quelle senza dipendenti). Il risultato dell&#8217;Italia era fermo a 62.000 euro circa. L&#8217;alta produttivit\u00e0 delle industrie altoatesine consentono un&#8217;elevata competitivit\u00e0 dei prodotti manifatturieri. Non a caso, degli oltre 7 miliardi di euro esportati nel 2024 (<a href=\"https:\/\/astat.provincia.bz.it\/it\/astateco\">fonte Astat<\/a>), oltre l&#8217;80% \u00e8 da attribuire alle attivit\u00e0 manifatturiere.<\/p>\n<h2>Hi-tech e alta qualit\u00e0 dei prodotti<\/h2>\n<p>L&#8217;elevata automazione, la spinta data dalla digitalizzazione e la capacit\u00e0 di realizzare prodotti hi-tech e\/o\u00a0 di alta qualit\u00e0 e quindi ad alto valore aggiunto, \u00e8 alla base delle performance delle industrie pi\u00f9 produttive e che riescono cos\u00ec a collocare con successo i propri prodotti a livello internazionale.<\/p>\n<h2>Il confronto con l&#8217;anno precedente<\/h2>\n<p>L&#8217;andamento degli anni 2023-2024 evidenzia come le imprese industriali con dipendenti siano cresciute del 3% come unit\u00e0 locali, arrivando a superare quota 5.150 con oltre 58.000 addetti. Le dinamiche dei parametri misurati dall&#8217;Istat mostrano che, se il valore aggiunto totale \u00e8 aumentato del 2%, il costo del lavoro, a parit\u00e0 sostanziale di dipendenti (-0,1% ma oltre 53.000 unit\u00e0), \u00e8 cresciuto del 3,4% nello stesso periodo.<\/p>\n<h2>L&#8217;attenzione al personale<\/h2>\n<p>Di fatto, quindi, la quota di ricchezza creata dalle imprese andata al personale \u00e8 stata superiore rispetto alla dinamica del valore aggiunto complessivo: di fatto quindi la dinamica di distribuzione della ricchezza creata dalle imprese industriali \u00e8 stata favorevole a collaboratori e collaboratrici. Un dato confermato anche alla luce dell&#8217;inflazione che, a Bolzano nel 2024, \u00e8 stata pari all&#8217;1,4%.<\/p>\n<p>&nbsp;<\/p>\n","protected":false},"excerpt":{"rendered":"<p>L&#8217;industria altoatesina si conferma negli anni capace di riuscire a rimanere competitiva a livello italiano grazie a una quota di valore aggiunto creato elevata collegata a una produttivit\u00e0 altrettanto alta. Lo evidenziano anche i recenti dati Istat relativi ai risultati economici delle imprese che hanno analizzato i risultati relativi all&#8217;anno 2024. Performance elevate per la [&hellip;]<\/p>\n","protected":false},"author":16,"featured_media":11284,"comment_status":"closed","ping_status":"open","sticky":false,"template":"","format":"standard","meta":{"footnotes":""},"categories":[49],"tags":[1175,91,682,90,1176],"acf":[],"yoast_head":"<!-- This site is optimized with the Yoast SEO plugin v21.4 - https:\/\/yoast.com\/wordpress\/plugins\/seo\/ -->\n<title>Competitivit\u00e0 fa rima con produttivit\u00e0 - Industry is IN<\/title>\n<meta name=\"robots\" content=\"index, follow, max-snippet:-1, max-image-preview:large, max-video-preview:-1\" \/>\n<link rel=\"canonical\" href=\"https:\/\/www.industryisin.bz.it\/competitivita-fa-rima-con-produttivita\/\" \/>\n<meta property=\"og:locale\" content=\"de_DE\" \/>\n<meta property=\"og:type\" content=\"article\" \/>\n<meta property=\"og:title\" content=\"Competitivit\u00e0 fa rima con produttivit\u00e0 - Industry is IN\" \/>\n<meta property=\"og:description\" content=\"L&#8217;industria altoatesina si conferma negli anni capace di riuscire a rimanere competitiva a livello italiano grazie a una quota di valore aggiunto creato elevata collegata a una produttivit\u00e0 altrettanto alta. Lo evidenziano anche i recenti dati Istat relativi ai risultati economici delle imprese che hanno analizzato i risultati relativi all&#8217;anno 2024. Performance elevate per la [&hellip;]\" \/>\n<meta property=\"og:url\" content=\"https:\/\/www.industryisin.bz.it\/competitivita-fa-rima-con-produttivita\/\" \/>\n<meta property=\"og:site_name\" content=\"Industry is IN\" \/>\n<meta property=\"article:published_time\" content=\"2026-09-04T10:37:08+00:00\" \/>\n<meta property=\"article:modified_time\" content=\"2026-09-04T13:12:19+00:00\" \/>\n<meta property=\"og:image\" content=\"https:\/\/www.industryisin.bz.it\/wp-content\/uploads\/2026\/09\/produttivita-1024x819.png\" \/>\n\t<meta property=\"og:image:width\" content=\"1024\" \/>\n\t<meta property=\"og:image:height\" content=\"819\" \/>\n\t<meta property=\"og:image:type\" content=\"image\/png\" \/>\n<meta name=\"author\" content=\"Angelo Conte\" \/>\n<meta name=\"twitter:card\" content=\"summary_large_image\" \/>\n<meta name=\"twitter:label1\" content=\"Verfasst von\" \/>\n\t<meta name=\"twitter:data1\" content=\"Angelo Conte\" \/>\n\t<meta name=\"twitter:label2\" content=\"Gesch\u00e4tzte Lesezeit\" \/>\n\t<meta name=\"twitter:data2\" content=\"3 Minuten\" \/>\n<script type=\"application\/ld+json\" class=\"yoast-schema-graph\">{\"@context\":\"https:\/\/schema.org\",\"@graph\":[{\"@type\":\"WebPage\",\"@id\":\"https:\/\/www.industryisin.bz.it\/competitivita-fa-rima-con-produttivita\/\",\"url\":\"https:\/\/www.industryisin.bz.it\/competitivita-fa-rima-con-produttivita\/\",\"name\":\"Competitivit\u00e0 fa rima con produttivit\u00e0 - Industry is IN\",\"isPartOf\":{\"@id\":\"https:\/\/www.madeinbz.info\/#website\"},\"datePublished\":\"2026-09-04T10:37:08+00:00\",\"dateModified\":\"2026-09-04T13:12:19+00:00\",\"author\":{\"@id\":\"https:\/\/www.madeinbz.info\/#\/schema\/person\/86f22a180d1db0cef0c66d48e591b470\"},\"breadcrumb\":{\"@id\":\"https:\/\/www.industryisin.bz.it\/competitivita-fa-rima-con-produttivita\/#breadcrumb\"},\"inLanguage\":\"de-DE\",\"potentialAction\":[{\"@type\":\"ReadAction\",\"target\":[\"https:\/\/www.industryisin.bz.it\/competitivita-fa-rima-con-produttivita\/\"]}]},{\"@type\":\"BreadcrumbList\",\"@id\":\"https:\/\/www.industryisin.bz.it\/competitivita-fa-rima-con-produttivita\/#breadcrumb\",\"itemListElement\":[{\"@type\":\"ListItem\",\"position\":1,\"name\":\"Home\",\"item\":\"https:\/\/www.madeinbz.info\/\"},{\"@type\":\"ListItem\",\"position\":2,\"name\":\"Competitivit\u00e0 fa rima con produttivit\u00e0\"}]},{\"@type\":\"WebSite\",\"@id\":\"https:\/\/www.madeinbz.info\/#website\",\"url\":\"https:\/\/www.madeinbz.info\/\",\"name\":\"Industry is IN\",\"description\":\"Storie di aziende e persone dell\u2019industria altoatesina\",\"potentialAction\":[{\"@type\":\"SearchAction\",\"target\":{\"@type\":\"EntryPoint\",\"urlTemplate\":\"https:\/\/www.madeinbz.info\/?s={search_term_string}\"},\"query-input\":\"required name=search_term_string\"}],\"inLanguage\":\"de-DE\"},{\"@type\":\"Person\",\"@id\":\"https:\/\/www.madeinbz.info\/#\/schema\/person\/86f22a180d1db0cef0c66d48e591b470\",\"name\":\"Angelo Conte\",\"image\":{\"@type\":\"ImageObject\",\"inLanguage\":\"de-DE\",\"@id\":\"https:\/\/www.madeinbz.info\/#\/schema\/person\/image\/\",\"url\":\"https:\/\/secure.gravatar.com\/avatar\/5b230cc7839926ed717d89600e80b3db?s=96&d=mm&r=g\",\"contentUrl\":\"https:\/\/secure.gravatar.com\/avatar\/5b230cc7839926ed717d89600e80b3db?s=96&d=mm&r=g\",\"caption\":\"Angelo Conte\"},\"url\":\"https:\/\/www.industryisin.bz.it\/de\/author\/angelo\/\"}]}<\/script>\n<!-- \/ Yoast SEO plugin. -->","yoast_head_json":{"title":"Competitivit\u00e0 fa rima con produttivit\u00e0 - Industry is IN","robots":{"index":"index","follow":"follow","max-snippet":"max-snippet:-1","max-image-preview":"max-image-preview:large","max-video-preview":"max-video-preview:-1"},"canonical":"https:\/\/www.industryisin.bz.it\/competitivita-fa-rima-con-produttivita\/","og_locale":"de_DE","og_type":"article","og_title":"Competitivit\u00e0 fa rima con produttivit\u00e0 - Industry is IN","og_description":"L&#8217;industria altoatesina si conferma negli anni capace di riuscire a rimanere competitiva a livello italiano grazie a una quota di valore aggiunto creato elevata collegata a una produttivit\u00e0 altrettanto alta. Lo evidenziano anche i recenti dati Istat relativi ai risultati economici delle imprese che hanno analizzato i risultati relativi all&#8217;anno 2024. Performance elevate per la [&hellip;]","og_url":"https:\/\/www.industryisin.bz.it\/competitivita-fa-rima-con-produttivita\/","og_site_name":"Industry is IN","article_published_time":"2026-09-04T10:37:08+00:00","article_modified_time":"2026-09-04T13:12:19+00:00","og_image":[{"width":1024,"height":819,"url":"https:\/\/www.industryisin.bz.it\/wp-content\/uploads\/2026\/09\/produttivita-1024x819.png","type":"image\/png"}],"author":"Angelo Conte","twitter_card":"summary_large_image","twitter_misc":{"Verfasst von":"Angelo Conte","Gesch\u00e4tzte Lesezeit":"3 Minuten"},"schema":{"@context":"https:\/\/schema.org","@graph":[{"@type":"WebPage","@id":"https:\/\/www.industryisin.bz.it\/competitivita-fa-rima-con-produttivita\/","url":"https:\/\/www.industryisin.bz.it\/competitivita-fa-rima-con-produttivita\/","name":"Competitivit\u00e0 fa rima con produttivit\u00e0 - Industry is IN","isPartOf":{"@id":"https:\/\/www.madeinbz.info\/#website"},"datePublished":"2026-09-04T10:37:08+00:00","dateModified":"2026-09-04T13:12:19+00:00","author":{"@id":"https:\/\/www.madeinbz.info\/#\/schema\/person\/86f22a180d1db0cef0c66d48e591b470"},"breadcrumb":{"@id":"https:\/\/www.industryisin.bz.it\/competitivita-fa-rima-con-produttivita\/#breadcrumb"},"inLanguage":"de-DE","potentialAction":[{"@type":"ReadAction","target":["https:\/\/www.industryisin.bz.it\/competitivita-fa-rima-con-produttivita\/"]}]},{"@type":"BreadcrumbList","@id":"https:\/\/www.industryisin.bz.it\/competitivita-fa-rima-con-produttivita\/#breadcrumb","itemListElement":[{"@type":"ListItem","position":1,"name":"Home","item":"https:\/\/www.madeinbz.info\/"},{"@type":"ListItem","position":2,"name":"Competitivit\u00e0 fa rima con produttivit\u00e0"}]},{"@type":"WebSite","@id":"https:\/\/www.madeinbz.info\/#website","url":"https:\/\/www.madeinbz.info\/","name":"Industry is IN","description":"Storie di aziende e persone dell\u2019industria altoatesina","potentialAction":[{"@type":"SearchAction","target":{"@type":"EntryPoint","urlTemplate":"https:\/\/www.madeinbz.info\/?s={search_term_string}"},"query-input":"required name=search_term_string"}],"inLanguage":"de-DE"},{"@type":"Person","@id":"https:\/\/www.madeinbz.info\/#\/schema\/person\/86f22a180d1db0cef0c66d48e591b470","name":"Angelo Conte","image":{"@type":"ImageObject","inLanguage":"de-DE","@id":"https:\/\/www.madeinbz.info\/#\/schema\/person\/image\/","url":"https:\/\/secure.gravatar.com\/avatar\/5b230cc7839926ed717d89600e80b3db?s=96&d=mm&r=g","contentUrl":"https:\/\/secure.gravatar.com\/avatar\/5b230cc7839926ed717d89600e80b3db?s=96&d=mm&r=g","caption":"Angelo Conte"},"url":"https:\/\/www.industryisin.bz.it\/de\/author\/angelo\/"}]}},"_links":{"self":[{"href":"https:\/\/www.industryisin.bz.it\/de\/wp-json\/wp\/v2\/posts\/11244"}],"collection":[{"href":"https:\/\/www.industryisin.bz.it\/de\/wp-json\/wp\/v2\/posts"}],"about":[{"href":"https:\/\/www.industryisin.bz.it\/de\/wp-json\/wp\/v2\/types\/post"}],"author":[{"embeddable":true,"href":"https:\/\/www.industryisin.bz.it\/de\/wp-json\/wp\/v2\/users\/16"}],"replies":[{"embeddable":true,"href":"https:\/\/www.industryisin.bz.it\/de\/wp-json\/wp\/v2\/comments?post=11244"}],"version-history":[{"count":7,"href":"https:\/\/www.industryisin.bz.it\/de\/wp-json\/wp\/v2\/posts\/11244\/revisions"}],"predecessor-version":[{"id":11287,"href":"https:\/\/www.industryisin.bz.it\/de\/wp-json\/wp\/v2\/posts\/11244\/revisions\/11287"}],"wp:featuredmedia":[{"embeddable":true,"href":"https:\/\/www.industryisin.bz.it\/de\/wp-json\/wp\/v2\/media\/11284"}],"wp:attachment":[{"href":"https:\/\/www.industryisin.bz.it\/de\/wp-json\/wp\/v2\/media?parent=11244"}],"wp:term":[{"taxonomy":"category","embeddable":true,"href":"https:\/\/www.industryisin.bz.it\/de\/wp-json\/wp\/v2\/categories?post=11244"},{"taxonomy":"post_tag","embeddable":true,"href":"https:\/\/www.industryisin.bz.it\/de\/wp-json\/wp\/v2\/tags?post=11244"}],"curies":[{"name":"wp","href":"https:\/\/api.w.org\/{rel}","templated":true}]}}